{"id":85404,"date":"2025-01-18T17:45:44","date_gmt":"2025-01-18T20:45:44","guid":{"rendered":"https:\/\/blogdoeloiltoncajuhy.com.br\/site\/?p=85404"},"modified":"2025-01-18T17:45:50","modified_gmt":"2025-01-18T20:45:50","slug":"corpo-de-menino-desaparecido-por-mais-de-3-anos-em-itiuba-e-enterrado-em-salvador","status":"publish","type":"post","link":"https:\/\/blogdoeloiltoncajuhy.com.br\/site\/corpo-de-menino-desaparecido-por-mais-de-3-anos-em-itiuba-e-enterrado-em-salvador\/","title":{"rendered":"Corpo de menino desaparecido por mais de 3 anos em Iti\u00faba \u00e9 enterrado em Salvador"},"content":{"rendered":"\n<p class=\"has-medium-font-size\"><strong>&#8216;Tinha esperan\u00e7as de encontrar meu filho vivo&#8217;, lamenta m\u00e3e<\/strong><\/p>\n\n\n\n<p><strong>Blog do Eloilton Cajuhy &#8211; BEC<\/strong><\/p>\n\n\n\n<figure class=\"wp-block-image aligncenter size-full\"><a href=\"https:\/\/i0.wp.com\/blogdoeloiltoncajuhy.com.br\/site\/wp-content\/uploads\/2022\/03\/Davi-Lima-28032022-02.png\"><img data-recalc-dims=\"1\" fetchpriority=\"high\" decoding=\"async\" width=\"800\" height=\"453\" src=\"https:\/\/i0.wp.com\/blogdoeloiltoncajuhy.com.br\/site\/wp-content\/uploads\/2022\/03\/Davi-Lima-28032022-02.png?resize=800%2C453\" alt=\"\" class=\"wp-image-63858\" srcset=\"https:\/\/i0.wp.com\/blogdoeloiltoncajuhy.com.br\/site\/wp-content\/uploads\/2022\/03\/Davi-Lima-28032022-02.png?w=821&amp;ssl=1 821w, https:\/\/i0.wp.com\/blogdoeloiltoncajuhy.com.br\/site\/wp-content\/uploads\/2022\/03\/Davi-Lima-28032022-02.png?resize=300%2C170&amp;ssl=1 300w, https:\/\/i0.wp.com\/blogdoeloiltoncajuhy.com.br\/site\/wp-content\/uploads\/2022\/03\/Davi-Lima-28032022-02.png?resize=768%2C435&amp;ssl=1 768w\" sizes=\"(max-width: 800px) 100vw, 800px\" \/><\/a><figcaption class=\"wp-element-caption\"><sub>Corpo de de menino desaparecido por mais de tr\u00eas anos \u00e9 sepultado em Salvador &#8211; Foto: Arquivo da Fam\u00edlia<\/sub><\/figcaption><\/figure>\n\n\n\n<p>O corpo do menino <strong><mark style=\"background-color:rgba(0, 0, 0, 0)\" class=\"has-inline-color has-black-color\">Davi Lima Silva<\/mark><\/strong>, que ficou desaparecido por tr\u00eas anos e nove meses, foi enterrado sob forte como\u00e7\u00e3o de familiares e amigos, na manh\u00e3 deste s\u00e1bado (18), no Cemit\u00e9rio Bosque da Paz, em Salvador.<\/p>\n\n\n\n<h2 class=\"wp-block-heading has-text-align-center\"><strong><mark style=\"background-color:rgba(0, 0, 0, 0)\" class=\"has-inline-color has-vivid-red-color\">____________<\/mark><\/strong><\/h2>\n\n\n\n<blockquote class=\"wp-block-quote is-layout-flow wp-block-quote-is-layout-flow\">\n<p class=\"has-medium-font-size\"><strong><mark style=\"background-color:rgba(0, 0, 0, 0)\" class=\"has-inline-color has-black-color\">&#8220;\u00c9 muito dif\u00edcil, porque eu tinha esperan\u00e7as de encontrar meu filho vivo. Infelizmente n\u00e3o foi da forma que eu queria&#8221;, lamentou a m\u00e3e de Davi, Lilia Lima.<\/mark><\/strong><\/p>\n\n\n\n<h2 class=\"wp-block-heading has-text-align-center\"><strong><mark style=\"background-color:rgba(0, 0, 0, 0)\" class=\"has-inline-color has-vivid-red-color\">____________<\/mark><\/strong><\/h2>\n<\/blockquote>\n\n\n\n<p>A Pol\u00edcia Civil confirmou na noite de ter\u00e7a-feira (14) que uma ossada encontrada na zona rural de Iti\u00faba era de Davi. O menino de 12 anos foi visto vivo pela \u00faltima vez em 28 de mar\u00e7o de 2021, quando passava f\u00e9rias na casa da av\u00f3, no povoado de Varzinha das Olarias \u2014 mesma \u00e1rea onde os restos mortais foram localizados.<\/p>\n\n\n\n<figure class=\"wp-block-image aligncenter size-full\"><a href=\"https:\/\/i0.wp.com\/blogdoeloiltoncajuhy.com.br\/site\/wp-content\/uploads\/2025\/01\/Corpo-de-Davi-Lima-e-sepultado-%E2%80%94-Foto_Reproducao_TV-Bahia.jpeg?ssl=1\"><img data-recalc-dims=\"1\" decoding=\"async\" width=\"800\" height=\"501\" src=\"https:\/\/i0.wp.com\/blogdoeloiltoncajuhy.com.br\/site\/wp-content\/uploads\/2025\/01\/Corpo-de-Davi-Lima-e-sepultado-%E2%80%94-Foto_Reproducao_TV-Bahia.jpeg?resize=800%2C501&#038;ssl=1\" alt=\"\" class=\"wp-image-85405\" srcset=\"https:\/\/i0.wp.com\/blogdoeloiltoncajuhy.com.br\/site\/wp-content\/uploads\/2025\/01\/Corpo-de-Davi-Lima-e-sepultado-%E2%80%94-Foto_Reproducao_TV-Bahia.jpeg?w=984&amp;ssl=1 984w, https:\/\/i0.wp.com\/blogdoeloiltoncajuhy.com.br\/site\/wp-content\/uploads\/2025\/01\/Corpo-de-Davi-Lima-e-sepultado-%E2%80%94-Foto_Reproducao_TV-Bahia.jpeg?resize=300%2C188&amp;ssl=1 300w, https:\/\/i0.wp.com\/blogdoeloiltoncajuhy.com.br\/site\/wp-content\/uploads\/2025\/01\/Corpo-de-Davi-Lima-e-sepultado-%E2%80%94-Foto_Reproducao_TV-Bahia.jpeg?resize=768%2C481&amp;ssl=1 768w\" sizes=\"(max-width: 800px) 100vw, 800px\" \/><\/a><figcaption class=\"wp-element-caption\"><sub>Corpo de Davi Lima \u00e9 sepultado \u2014 Foto: Reprodu\u00e7\u00e3o\/TV Bahia<\/sub><\/figcaption><\/figure>\n\n\n\n<p>A ossada foi localizada em novembro do ano passado por vaqueiros que circulavam pela regi\u00e3o de Picos, considerada de dif\u00edcil acesso. Antes disso, nenhuma pista havia sido encontrada.<\/p>\n\n\n\n<ul class=\"wp-block-list\">\n<li><a href=\"https:\/\/whatsapp.com\/channel\/0029VaAT7tDLI8Yfj5y9Z50Z\"><strong><mark style=\"background-color:rgba(0, 0, 0, 0)\" class=\"has-inline-color has-vivid-red-color\">Siga nosso canal no WhatsApp e veja mais not\u00edcias<\/mark><\/strong><\/a><\/li>\n<\/ul>\n\n\n\n<p><\/p>\n\n\n\n<p>&#8220;A gente nasce sabendo que um dia a gente vai morrer, mas nunca estamos preparados para perder um filho. Ainda mais da forma que foi. \u00c9 muito doloroso, triste e eu s\u00f3 pe\u00e7o que a justi\u00e7a seja feita&#8221;, contou a m\u00e3e do garoto, emocionada.<\/p>\n\n\n\n<p>Exames periciais adicionais ser\u00e3o realizados para ajudar a esclarecer as circunst\u00e2ncias da morte de Davi. Durante todo esse per\u00edodo, os pais do menino, Lilia Lima e Edson Alves, lutaram para que o caso n\u00e3o ca\u00edsse no esquecimento, enquanto a pol\u00edcia dizia que era uma &#8220;situa\u00e7\u00e3o complexa, sem ind\u00edcios de crime&#8221;.<\/p>\n\n\n\n<h2 class=\"wp-block-heading has-text-align-center\"><strong><mark style=\"background-color:rgba(0, 0, 0, 0)\" class=\"has-inline-color has-vivid-red-color\">____________<\/mark><\/strong><\/h2>\n\n\n\n<blockquote class=\"wp-block-quote is-layout-flow wp-block-quote-is-layout-flow\">\n<p class=\"has-medium-font-size\"><strong><mark style=\"background-color:rgba(0, 0, 0, 0)\" class=\"has-inline-color has-black-color\">&#8220;Eu lutei 3 anos e 9 meses para encontrar meu filho e queria ter encontrado ele vivo, abra\u00e7ado&#8221;, afirmou Lilia Lima.<\/mark><\/strong><\/p>\n<\/blockquote>\n\n\n\n<h2 class=\"wp-block-heading has-text-align-center\"><strong><mark style=\"background-color:rgba(0, 0, 0, 0)\" class=\"has-inline-color has-vivid-red-color\">____________<\/mark><\/strong><\/h2>\n","protected":false},"excerpt":{"rendered":"<p>&#8216;Tinha esperan\u00e7as de encontrar meu filho vivo&#8217;, lamenta m\u00e3e Blog do Eloilton Cajuhy &#8211; BEC O corpo do menino Davi Lima Silva, que ficou desaparecido por tr\u00eas anos e nove meses, foi enterrado sob forte como\u00e7\u00e3o de familiares e amigos, na manh\u00e3 deste s\u00e1bado (18), no Cemit\u00e9rio Bosque da Paz, em Salvador. ____________ &#8220;\u00c9 muito [&hellip;]<\/p>\n","protected":false},"author":2,"featured_media":63858,"comment_status":"open","ping_status":"open","sticky":false,"template":"","format":"standard","meta":{"_acf_changed":false,"_monsterinsights_skip_tracking":false,"_monsterinsights_sitenote_active":false,"_monsterinsights_sitenote_note":"","_monsterinsights_sitenote_category":0,"_jetpack_memberships_contains_paid_content":false,"footnotes":"","jetpack_publicize_message":"","jetpack_publicize_feature_enabled":true,"jetpack_social_post_already_shared":false,"jetpack_social_options":{"image_generator_settings":{"template":"highway","enabled":false},"version":2}},"categories":[11],"tags":[],"class_list":["post-85404","post","type-post","status-publish","format-standard","has-post-thumbnail","hentry","category-regional"],"acf":[],"jetpack_publicize_connections":[],"jetpack_featured_media_url":"https:\/\/i0.wp.com\/blogdoeloiltoncajuhy.com.br\/site\/wp-content\/uploads\/2022\/03\/Davi-Lima-28032022-02.png?fit=821%2C465&ssl=1","jetpack_sharing_enabled":true,"publishpress_future_workflow_manual_trigger":{"enabledWorkflows":[]},"_links":{"self":[{"href":"https:\/\/blogdoeloiltoncajuhy.com.br\/site\/wp-json\/wp\/v2\/posts\/85404","targetHints":{"allow":["GET"]}}],"collection":[{"href":"https:\/\/blogdoeloiltoncajuhy.com.br\/site\/wp-json\/wp\/v2\/posts"}],"about":[{"href":"https:\/\/blogdoeloiltoncajuhy.com.br\/site\/wp-json\/wp\/v2\/types\/post"}],"author":[{"embeddable":true,"href":"https:\/\/blogdoeloiltoncajuhy.com.br\/site\/wp-json\/wp\/v2\/users\/2"}],"replies":[{"embeddable":true,"href":"https:\/\/blogdoeloiltoncajuhy.com.br\/site\/wp-json\/wp\/v2\/comments?post=85404"}],"version-history":[{"count":1,"href":"https:\/\/blogdoeloiltoncajuhy.com.br\/site\/wp-json\/wp\/v2\/posts\/85404\/revisions"}],"predecessor-version":[{"id":85406,"href":"https:\/\/blogdoeloiltoncajuhy.com.br\/site\/wp-json\/wp\/v2\/posts\/85404\/revisions\/85406"}],"wp:featuredmedia":[{"embeddable":true,"href":"https:\/\/blogdoeloiltoncajuhy.com.br\/site\/wp-json\/wp\/v2\/media\/63858"}],"wp:attachment":[{"href":"https:\/\/blogdoeloiltoncajuhy.com.br\/site\/wp-json\/wp\/v2\/media?parent=85404"}],"wp:term":[{"taxonomy":"category","embeddable":true,"href":"https:\/\/blogdoeloiltoncajuhy.com.br\/site\/wp-json\/wp\/v2\/categories?post=85404"},{"taxonomy":"post_tag","embeddable":true,"href":"https:\/\/blogdoeloiltoncajuhy.com.br\/site\/wp-json\/wp\/v2\/tags?post=85404"}],"curies":[{"name":"wp","href":"https:\/\/api.w.org\/{rel}","templated":true}]}}