{"id":85395,"date":"2025-01-18T09:34:58","date_gmt":"2025-01-18T12:34:58","guid":{"rendered":"https:\/\/blogdoeloiltoncajuhy.com.br\/site\/?p=85395"},"modified":"2025-01-18T09:49:34","modified_gmt":"2025-01-18T12:49:34","slug":"inscricoes-para-concorrer-a-mais-de-260-mil-vagas-pelo-sisu-estao-abertas","status":"publish","type":"post","link":"https:\/\/blogdoeloiltoncajuhy.com.br\/site\/inscricoes-para-concorrer-a-mais-de-260-mil-vagas-pelo-sisu-estao-abertas\/","title":{"rendered":"Inscri\u00e7\u00f5es para concorrer a mais de 260 mil vagas pelo Sisu est\u00e3o abertas"},"content":{"rendered":"\n<p class=\"has-medium-font-size\"><strong>Ades\u00f5es podem ser feitas at\u00e9 o dia 21 pelo Portal \u00danico do Acesso ao Ensino Superior. O resultado est\u00e1 previsto para 26 de janeiro<\/strong><\/p>\n\n\n\n<p><strong>Blog do Eloilton Cajuhy &#8211; BEC<\/strong><\/p>\n\n\n\n<figure class=\"wp-block-image aligncenter size-full is-resized\"><a href=\"https:\/\/i0.wp.com\/blogdoeloiltoncajuhy.com.br\/site\/wp-content\/uploads\/2017\/12\/candidato-sisu.jpg\"><img data-recalc-dims=\"1\" fetchpriority=\"high\" decoding=\"async\" width=\"550\" height=\"344\" src=\"https:\/\/i0.wp.com\/blogdoeloiltoncajuhy.com.br\/site\/wp-content\/uploads\/2017\/12\/candidato-sisu.jpg?resize=550%2C344\" alt=\"\" class=\"wp-image-21976\" style=\"width:707px;height:auto\" srcset=\"https:\/\/i0.wp.com\/blogdoeloiltoncajuhy.com.br\/site\/wp-content\/uploads\/2017\/12\/candidato-sisu.jpg?w=550&amp;ssl=1 550w, https:\/\/i0.wp.com\/blogdoeloiltoncajuhy.com.br\/site\/wp-content\/uploads\/2017\/12\/candidato-sisu.jpg?resize=300%2C188&amp;ssl=1 300w, https:\/\/i0.wp.com\/blogdoeloiltoncajuhy.com.br\/site\/wp-content\/uploads\/2017\/12\/candidato-sisu.jpg?resize=250%2C156&amp;ssl=1 250w\" sizes=\"(max-width: 550px) 100vw, 550px\" \/><\/a><figcaption class=\"wp-element-caption\"><sub>Inscri\u00e7\u00f5es para concorrer a mais de 260 mil vagas pelo Sisu est\u00e3o abertas &#8211; Reprodu\u00e7\u00e3o<\/sub><\/figcaption><\/figure>\n\n\n\n<p>Os candidatos que realizaram o Exame Nacional do Ensino M\u00e9dio (Enem) de 2024 j\u00e1 podem usar as notas para se inscrever no <a href=\"https:\/\/acessounico.mec.gov.br\/sisu\"><strong><mark style=\"background-color:rgba(0, 0, 0, 0)\" class=\"has-inline-color has-vivid-cyan-blue-color\">Sistema de Sele\u00e7\u00e3o Unificada (Sisu)<\/mark><\/strong><\/a> e concorrer a vagas ofertadas em institui\u00e7\u00f5es p\u00fablicas de ensino superior, em especial universidades e institutos federais. As inscri\u00e7\u00f5es podem ser feitas at\u00e9 21 de janeiro pelo <a href=\"https:\/\/acessounico.mec.gov.br\/sisu\"><strong><mark style=\"background-color:rgba(0, 0, 0, 0)\" class=\"has-inline-color has-vivid-cyan-blue-color\">Portal \u00danico do Acesso ao Ensino Superior<\/mark><\/strong><\/a>, seguindo o cronograma oficial e os crit\u00e9rios para sele\u00e7\u00e3o, que foram publicados no <a href=\"https:\/\/www.in.gov.br\/web\/dou\/-\/edital-n-35-de-23-de-dezembro-de-2024-603968740\"><strong><mark style=\"background-color:rgba(0, 0, 0, 0)\" class=\"has-inline-color has-vivid-cyan-blue-color\">Edital n\u00b0 35\/2024<\/mark><\/strong><\/a>.<\/p>\n\n\n\n<ul class=\"wp-block-list\">\n<li><a href=\"https:\/\/whatsapp.com\/channel\/0029VaAT7tDLI8Yfj5y9Z50Z\"><strong><mark style=\"background-color:rgba(0, 0, 0, 0)\" class=\"has-inline-color has-vivid-red-color\">Siga nosso canal no WhatsApp e veja mais not\u00edcias<\/mark><\/strong><\/a><\/li>\n<\/ul>\n\n\n\n<p><\/p>\n\n\n\n<p>O resultado da chamada regular est\u00e1 previsto para 26 de janeiro. O per\u00edodo de matr\u00edculas acontece de 27 a 31 de janeiro. O prazo para participar da lista de espera vai de 26 a 31 de janeiro.<\/p>\n\n\n\n<h4 class=\"wp-block-heading\"><strong><mark style=\"background-color:rgba(0, 0, 0, 0)\" class=\"has-inline-color has-black-color\">260 mil vagas<\/mark><\/strong><\/h4>\n\n\n\n<p>Neste ano, ser\u00e3o 261.779 vagas em institui\u00e7\u00f5es p\u00fablicas de ensino superior de todo pa\u00eds. Entre essas, mais de 68 mil s\u00e3o para estudantes que querem ingressar em licenciaturas, p\u00fablico-alvo, por exemplo, do P\u00e9-de-Meia Licenciaturas. A iniciativa \u00e9 parte do programa <a href=\"https:\/\/www.gov.br\/mec\/pt-br\/mais-professores\"><strong><mark style=\"background-color:rgba(0, 0, 0, 0)\" class=\"has-inline-color has-vivid-cyan-blue-color\">Mais Professores para o Brasil<\/mark><\/strong><\/a>, lan\u00e7ado pelo Governo Federal, que vai ofertar mais de 12 mil bolsas a candidatos com nota igual ou superior a 650 pontos no Enem que se matricularem em um curso presencial de licenciatura.<\/p>\n\n\n\n<h4 class=\"wp-block-heading\"><strong><mark style=\"background-color:rgba(0, 0, 0, 0)\" class=\"has-inline-color has-black-color\">Inscri\u00e7\u00e3o<\/mark><\/strong><\/h4>\n\n\n\n<figure class=\"wp-block-image aligncenter size-full\"><a href=\"https:\/\/i0.wp.com\/blogdoeloiltoncajuhy.com.br\/site\/wp-content\/uploads\/2025\/01\/Sisu_Cronograma-2025.png?ssl=1\"><img data-recalc-dims=\"1\" decoding=\"async\" width=\"800\" height=\"343\" src=\"https:\/\/i0.wp.com\/blogdoeloiltoncajuhy.com.br\/site\/wp-content\/uploads\/2025\/01\/Sisu_Cronograma-2025.png?resize=800%2C343&#038;ssl=1\" alt=\"\" class=\"wp-image-85397\" srcset=\"https:\/\/i0.wp.com\/blogdoeloiltoncajuhy.com.br\/site\/wp-content\/uploads\/2025\/01\/Sisu_Cronograma-2025.png?w=900&amp;ssl=1 900w, https:\/\/i0.wp.com\/blogdoeloiltoncajuhy.com.br\/site\/wp-content\/uploads\/2025\/01\/Sisu_Cronograma-2025.png?resize=300%2C129&amp;ssl=1 300w, https:\/\/i0.wp.com\/blogdoeloiltoncajuhy.com.br\/site\/wp-content\/uploads\/2025\/01\/Sisu_Cronograma-2025.png?resize=768%2C329&amp;ssl=1 768w\" sizes=\"(max-width: 800px) 100vw, 800px\" \/><\/a><figcaption class=\"wp-element-caption\"><sub>Todos os candidatos inscritos no\u202fSisu\u202fser\u00e3o classificados, primeiramente, na modalidade de ampla concorr\u00eancia, conforme o desempenho no Enem 2024<\/sub><\/figcaption><\/figure>\n\n\n\n<p>Para se inscrever, o candidato deve ter ensino m\u00e9dio completo, ter participado da edi\u00e7\u00e3o de 2024 do Enem e n\u00e3o ter zerado a reda\u00e7\u00e3o.<\/p>\n\n\n\n<p><strong><mark style=\"background-color:rgba(0, 0, 0, 0)\" class=\"has-inline-color has-black-color\">Passo a passo para a inscri\u00e7\u00e3o:<\/mark><\/strong><\/p>\n\n\n\n<ul class=\"wp-block-list\">\n<li><strong><mark style=\"background-color:rgba(0, 0, 0, 0)\" class=\"has-inline-color has-black-color\">1\u00b0 passo:<\/mark><\/strong> acesse a p\u00e1gina do Sisu, clique em \u201cfazer inscri\u00e7\u00e3o\u201d e entre com seu perfil do gov.br ou realize o cadastro.<\/li>\n<\/ul>\n\n\n\n<ul class=\"wp-block-list\">\n<li><strong><mark style=\"background-color:rgba(0, 0, 0, 0)\" class=\"has-inline-color has-black-color\">2\u00b0 passo:<\/mark><\/strong> confirme os dados de contato e preencha o perfil socioecon\u00f4mico para Lei de Cotas.<\/li>\n<\/ul>\n\n\n\n<ul class=\"wp-block-list\">\n<li><strong><mark style=\"background-color:rgba(0, 0, 0, 0)\" class=\"has-inline-color has-black-color\">3\u00b0 passo:<\/mark><\/strong> escolha at\u00e9 duas op\u00e7\u00f5es de cursos. Nesta etapa, \u00e9 poss\u00edvel pesquisar vagas pelo nome do munic\u00edpio, da institui\u00e7\u00e3o ou do curso, al\u00e9m de ter acesso a detalhes e modalidades dispon\u00edveis.<\/li>\n<\/ul>\n\n\n\n<ul class=\"wp-block-list\">\n<li><strong><mark style=\"background-color:rgba(0, 0, 0, 0)\" class=\"has-inline-color has-black-color\">4\u00b0 passo:<\/mark><\/strong> confira e confirme os dados do curso e da modalidade escolhidos.<\/li>\n<\/ul>\n\n\n\n<ul class=\"wp-block-list\">\n<li><strong><mark style=\"background-color:rgba(0, 0, 0, 0)\" class=\"has-inline-color has-black-color\">5\u00b0 passo:<\/mark><\/strong> ap\u00f3s confirmar a inscri\u00e7\u00e3o, o candidato ser\u00e1 encaminhado para a tela \u201cminha inscri\u00e7\u00e3o\u201d, onde estar\u00e3o dispon\u00edveis informa\u00e7\u00f5es sobre a op\u00e7\u00e3o escolhida, como a classifica\u00e7\u00e3o parcial.<\/li>\n<\/ul>\n\n\n\n<p><\/p>\n\n\n\n<p>Para detalhes, acesse o <a href=\"https:\/\/www.gov.br\/mec\/pt-br\/assuntos\/noticias\/2025\/janeiro\/sisu-confira-tutorial-de-como-consultar-as-vagas\"><strong><mark style=\"background-color:rgba(0, 0, 0, 0)\" class=\"has-inline-color has-vivid-cyan-blue-color\">tutorial do Minist\u00e9rio da Educa\u00e7\u00e3o<\/mark><\/strong><\/a> sobre como consultar as vagas do Sisu<\/p>\n\n\n\n<figure class=\"wp-block-image aligncenter size-full is-resized\"><a href=\"https:\/\/i0.wp.com\/blogdoeloiltoncajuhy.com.br\/site\/wp-content\/uploads\/2015\/12\/sisu.jpg\"><img data-recalc-dims=\"1\" decoding=\"async\" width=\"524\" height=\"338\" src=\"https:\/\/i0.wp.com\/blogdoeloiltoncajuhy.com.br\/site\/wp-content\/uploads\/2015\/12\/sisu.jpg?resize=524%2C338\" alt=\"\" class=\"wp-image-6748\" style=\"width:633px;height:auto\" srcset=\"https:\/\/i0.wp.com\/blogdoeloiltoncajuhy.com.br\/site\/wp-content\/uploads\/2015\/12\/sisu.jpg?w=524&amp;ssl=1 524w, https:\/\/i0.wp.com\/blogdoeloiltoncajuhy.com.br\/site\/wp-content\/uploads\/2015\/12\/sisu.jpg?resize=300%2C194&amp;ssl=1 300w, https:\/\/i0.wp.com\/blogdoeloiltoncajuhy.com.br\/site\/wp-content\/uploads\/2015\/12\/sisu.jpg?resize=250%2C161&amp;ssl=1 250w\" sizes=\"(max-width: 524px) 100vw, 524px\" \/><\/a><figcaption class=\"wp-element-caption\"><sub>Inscri\u00e7\u00f5es para concorrer a mais de 260 mil vagas pelo Sisu est\u00e3o abertas<\/sub><\/figcaption><\/figure>\n\n\n\n<h4 class=\"wp-block-heading\"><strong><mark style=\"background-color:rgba(0, 0, 0, 0)\" class=\"has-inline-color has-black-color\">Etapas<\/mark><\/strong><\/h4>\n\n\n\n<p>A edi\u00e7\u00e3o de 2025 ter\u00e1 somente uma etapa de inscri\u00e7\u00e3o de candidatos\u202fpara as\u202fvagas ofertadas pelas institui\u00e7\u00f5es participantes.\u202fCom isso, os inscritos podem disputar as vagas\u202fofertadas para o\u202fano inteiro,\u202fparticipando da sele\u00e7\u00e3o uma \u00fanica vez. A chamada regular est\u00e1 prevista para 26 de janeiro.<\/p>\n\n\n\n<h4 class=\"wp-block-heading\"><strong><mark style=\"background-color:rgba(0, 0, 0, 0)\" class=\"has-inline-color has-black-color\">Lista de espera<\/mark><\/strong><\/h4>\n\n\n\n<p>A\u202flista de espera pode ser usada pelas institui\u00e7\u00f5es de educa\u00e7\u00e3o superior participantes,\u202fdurante todo o ano, \u202fpara preencher vagas eventualmente n\u00e3o ocupadas. O candidato que n\u00e3o for selecionado na chamada regular pode manifestar interesse em participar da lista de espera no per\u00edodo de\u202f26\u202fa\u202f31\u202fde\u202fjaneiro,\u202ftamb\u00e9m pelo Portal Acesso\u202f\u00danico. Todos os estudantes selecionados dentro das vagas dispon\u00edveis, tanto na chamada regular, como por meio da lista de espera,\u202fdever\u00e3o realizar a matr\u00edcula na universidade no per\u00edodo indicado no edital.<\/p>\n\n\n\n<h4 class=\"wp-block-heading\"><strong><mark style=\"background-color:rgba(0, 0, 0, 0)\" class=\"has-inline-color has-black-color\">Cotas<\/mark><\/strong><\/h4>\n\n\n\n<p>Todos os candidatos inscritos no\u202fSisu\u202fser\u00e3o classificados, primeiramente, na modalidade de ampla concorr\u00eancia, conforme o desempenho no Enem 2024. Em seguida, \u00e9 prevista a reserva de vagas, segundo os crit\u00e9rios atualizados da Lei de Cotas. O objetivo \u00e9 beneficiar, sem distor\u00e7\u00f5es, os candidatos demandantes de pol\u00edtica afirmativa para acesso ao ensino superior. A oferta de vagas reservadas observa a propor\u00e7\u00e3o de estudantes de escolas p\u00fablicas, de baixa renda, com defici\u00eancia, pretos, pardos, ind\u00edgenas e quilombolas.\u202fTodas as institui\u00e7\u00f5es de educa\u00e7\u00e3o superior participantes do\u202fSisu\u202f2025 adotar\u00e3o os dados de distribui\u00e7\u00e3o de vagas conforme os percentuais atualizados do Censo 2022, realizado pelo Instituto Brasileiro de Geografia e Estat\u00edstica (IBGE).<\/p>\n\n\n\n<h4 class=\"wp-block-heading\"><strong><mark style=\"background-color:rgba(0, 0, 0, 0)\" class=\"has-inline-color has-black-color\">Ofertas<\/mark><\/strong><\/h4>\n\n\n\n<p>Os estados com mais vagas ofertadas s\u00e3o Minas Gerais (34.049), Rio de Janeiro (28.424), Bahia (22.889) e Para\u00edba (21.268). As Universidades Federais do Rio de Janeiro (UFRJ) e Fluminense (UFF) s\u00e3o as que oferecem mais vagas: 9.050 e 8.683, respectivamente. Entre os institutos federais, o do Cear\u00e1 (IFCE) \u00e9 o que t\u00eam mais vagas (6.022), seguido do Instituto Federal de S\u00e3o Paulo (IFSP), com 5.675, e do Instituto Federal da Para\u00edba, com 2.850. O Sisu 2025 traz ainda 14.521 vagas de grau tecnol\u00f3gico, em cursos variados, como energias renov\u00e1veis; gest\u00e3o de dados, tecnologia da informa\u00e7\u00e3o; ci\u00eancia dos dados; an\u00e1lise e desenvolvimento de sistemas; redes de computadores; telem\u00e1tica; sistemas para internet; sistemas de telecomunica\u00e7\u00f5es, entre outros.<\/p>\n\n\n\n<h4 class=\"wp-block-heading\"><strong><mark style=\"background-color:rgba(0, 0, 0, 0)\" class=\"has-inline-color has-black-color\">SISU<\/mark><\/strong><\/h4>\n\n\n\n<p>O Sistema de Sele\u00e7\u00e3o Unificada foi institu\u00eddo pela Portaria Normativa n\u00ba 2, de 26 de janeiro de 2010, e atualmente est\u00e1 regulamentado pela Portaria Normativa n\u00ba 21, de 5 de novembro de 2012. O Sisu re\u00fane as vagas ofertadas por institui\u00e7\u00f5es p\u00fablicas de ensino superior do Brasil que aderiram ao processo seletivo vigente. A maioria das institui\u00e7\u00f5es participantes s\u00e3o da rede ofertadas por institui\u00e7\u00f5es p\u00fablicas de ensino superior do Brasil que aderiram ao processo seletivo vigente. A\u202fmaioria\u202fdas\u202finstitui\u00e7\u00f5es\u202fparticipantes s\u00e3o da rede federal de ensino superior, com destaque\u202fpara universidades\u202fe institutos\u202ffederais.<\/p>\n","protected":false},"excerpt":{"rendered":"<p>Ades\u00f5es podem ser feitas at\u00e9 o dia 21 pelo Portal \u00danico do Acesso ao Ensino Superior. O resultado est\u00e1 previsto para 26 de janeiro Blog do Eloilton Cajuhy &#8211; BEC Os candidatos que realizaram o Exame Nacional do Ensino M\u00e9dio (Enem) de 2024 j\u00e1 podem usar as notas para se inscrever no Sistema de Sele\u00e7\u00e3o [&hellip;]<\/p>\n","protected":false},"author":2,"featured_media":66196,"comment_status":"open","ping_status":"open","sticky":false,"template":"","format":"standard","meta":{"_acf_changed":false,"_monsterinsights_skip_tracking":false,"_monsterinsights_sitenote_active":false,"_monsterinsights_sitenote_note":"","_monsterinsights_sitenote_category":0,"_jetpack_memberships_contains_paid_content":false,"footnotes":"","jetpack_publicize_message":"","jetpack_publicize_feature_enabled":true,"jetpack_social_post_already_shared":false,"jetpack_social_options":{"image_generator_settings":{"template":"highway","enabled":false},"version":2}},"categories":[14],"tags":[],"class_list":["post-85395","post","type-post","status-publish","format-standard","has-post-thumbnail","hentry","category-educacao"],"acf":[],"jetpack_publicize_connections":[],"jetpack_featured_media_url":"https:\/\/i0.wp.com\/blogdoeloiltoncajuhy.com.br\/site\/wp-content\/uploads\/2022\/06\/sisu-sala-de-aula-professora.webp?fit=984%2C657&ssl=1","jetpack_sharing_enabled":true,"publishpress_future_workflow_manual_trigger":{"enabledWorkflows":[]},"_links":{"self":[{"href":"https:\/\/blogdoeloiltoncajuhy.com.br\/site\/wp-json\/wp\/v2\/posts\/85395","targetHints":{"allow":["GET"]}}],"collection":[{"href":"https:\/\/blogdoeloiltoncajuhy.com.br\/site\/wp-json\/wp\/v2\/posts"}],"about":[{"href":"https:\/\/blogdoeloiltoncajuhy.com.br\/site\/wp-json\/wp\/v2\/types\/post"}],"author":[{"embeddable":true,"href":"https:\/\/blogdoeloiltoncajuhy.com.br\/site\/wp-json\/wp\/v2\/users\/2"}],"replies":[{"embeddable":true,"href":"https:\/\/blogdoeloiltoncajuhy.com.br\/site\/wp-json\/wp\/v2\/comments?post=85395"}],"version-history":[{"count":2,"href":"https:\/\/blogdoeloiltoncajuhy.com.br\/site\/wp-json\/wp\/v2\/posts\/85395\/revisions"}],"predecessor-version":[{"id":85399,"href":"https:\/\/blogdoeloiltoncajuhy.com.br\/site\/wp-json\/wp\/v2\/posts\/85395\/revisions\/85399"}],"wp:featuredmedia":[{"embeddable":true,"href":"https:\/\/blogdoeloiltoncajuhy.com.br\/site\/wp-json\/wp\/v2\/media\/66196"}],"wp:attachment":[{"href":"https:\/\/blogdoeloiltoncajuhy.com.br\/site\/wp-json\/wp\/v2\/media?parent=85395"}],"wp:term":[{"taxonomy":"category","embeddable":true,"href":"https:\/\/blogdoeloiltoncajuhy.com.br\/site\/wp-json\/wp\/v2\/categories?post=85395"},{"taxonomy":"post_tag","embeddable":true,"href":"https:\/\/blogdoeloiltoncajuhy.com.br\/site\/wp-json\/wp\/v2\/tags?post=85395"}],"curies":[{"name":"wp","href":"https:\/\/api.w.org\/{rel}","templated":true}]}}