{"id":85317,"date":"2025-01-13T20:32:49","date_gmt":"2025-01-13T23:32:49","guid":{"rendered":"https:\/\/blogdoeloiltoncajuhy.com.br\/site\/?p=85317"},"modified":"2025-01-13T20:32:55","modified_gmt":"2025-01-13T23:32:55","slug":"lula-sanciona-lei-que-limita-o-uso-de-celulares-nas-escolas-ato-de-coragem-de-cidadania-e-de-respeito-ao-futuro-deste-pais","status":"publish","type":"post","link":"https:\/\/blogdoeloiltoncajuhy.com.br\/site\/lula-sanciona-lei-que-limita-o-uso-de-celulares-nas-escolas-ato-de-coragem-de-cidadania-e-de-respeito-ao-futuro-deste-pais\/","title":{"rendered":"Lula sanciona lei que limita o uso de celulares nas escolas: \u201cAto de coragem, de cidadania e de respeito ao futuro deste pa\u00eds\u201d"},"content":{"rendered":"\n<p class=\"has-medium-font-size\"><strong>Medida, que j\u00e1 come\u00e7a a valer no ano letivo de 2025, visa proteger a sa\u00fade mental, f\u00edsica e ps\u00edquica das crian\u00e7as e adolescentes<\/strong><\/p>\n\n\n\n<p><strong>Blog do Eloilton Cajuhy<\/strong><\/p>\n\n\n\n<figure class=\"wp-block-image aligncenter size-full\"><a href=\"https:\/\/i0.wp.com\/blogdoeloiltoncajuhy.com.br\/site\/wp-content\/uploads\/2025\/01\/Presidente-Lula-e-ministro-Camilo-Santana-Foto-Ricardo-Stuckert-PR.jpg?ssl=1\"><img data-recalc-dims=\"1\" fetchpriority=\"high\" decoding=\"async\" width=\"768\" height=\"512\" src=\"https:\/\/i0.wp.com\/blogdoeloiltoncajuhy.com.br\/site\/wp-content\/uploads\/2025\/01\/Presidente-Lula-e-ministro-Camilo-Santana-Foto-Ricardo-Stuckert-PR.jpg?resize=768%2C512&#038;ssl=1\" alt=\"\" class=\"wp-image-85318\" srcset=\"https:\/\/i0.wp.com\/blogdoeloiltoncajuhy.com.br\/site\/wp-content\/uploads\/2025\/01\/Presidente-Lula-e-ministro-Camilo-Santana-Foto-Ricardo-Stuckert-PR.jpg?w=768&amp;ssl=1 768w, https:\/\/i0.wp.com\/blogdoeloiltoncajuhy.com.br\/site\/wp-content\/uploads\/2025\/01\/Presidente-Lula-e-ministro-Camilo-Santana-Foto-Ricardo-Stuckert-PR.jpg?resize=300%2C200&amp;ssl=1 300w\" sizes=\"(max-width: 768px) 100vw, 768px\" \/><\/a><figcaption class=\"wp-element-caption\"><sub>Presidente Lula e ministro Camilo Santana (Educa\u00e7\u00e3o) durante a cerim\u00f4nia de san\u00e7\u00e3o do Projeto de Lei n\u00b0 4.932\/2024, que disp\u00f5e sobre a utiliza\u00e7\u00e3o, por estudantes, de aparelhos eletr\u00f4nicos port\u00e1teis pessoais nos estabelecimentos p\u00fablicos e privados de ensino da educa\u00e7\u00e3o b\u00e1sica &#8211; Foto: Ricardo Stuckert \/ PR<\/sub><\/figcaption><\/figure>\n\n\n\n<p>O presidente Luiz In\u00e1cio Lula da Silva sancionou nesta segunda-feira (13), o Projeto de Lei n\u00ba 4.932\/2024, que restringe a utiliza\u00e7\u00e3o, por estudantes, de aparelhos eletr\u00f4nicos port\u00e1teis, como celulares, nos estabelecimentos p\u00fablicos e privados de educa\u00e7\u00e3o b\u00e1sica durante as aulas, recreios e intervalos. A medida visa proteger a sa\u00fade mental, f\u00edsica e ps\u00edquica de crian\u00e7as e adolescentes.<\/p>\n\n\n\n<h2 class=\"wp-block-heading has-text-align-center\"><strong><mark style=\"background-color:rgba(0, 0, 0, 0)\" class=\"has-inline-color has-vivid-red-color\">______________<\/mark><\/strong><\/h2>\n\n\n\n<blockquote class=\"wp-block-quote is-layout-flow wp-block-quote-is-layout-flow\">\n<p class=\"has-medium-font-size\"><strong><mark style=\"background-color:rgba(0, 0, 0, 0)\" class=\"has-inline-color has-black-color\">\u201cEssa san\u00e7\u00e3o que eu vou fazer significa o reconhecimento do trabalho de todas as pessoas s\u00e9rias que cuidam da educa\u00e7\u00e3o, de todas as pessoas que querem cuidar das crian\u00e7as e dos adolescentes deste pa\u00eds. Isso aqui foi um ato de coragem, de cidadania e um ato de respeito ao futuro deste pa\u00eds. Portanto, \u00e9 com muito orgulho que eu vou sancionar a lei\u201d. Luiz In\u00e1cio Lula da Silva &#8211; Presidente da Rep\u00fablica<\/mark>.<\/strong><\/p>\n\n\n\n<h2 class=\"wp-block-heading has-text-align-center\"><strong><mark style=\"background-color:rgba(0, 0, 0, 0)\" class=\"has-inline-color has-vivid-red-color\">______________<\/mark><\/strong><\/h2>\n<\/blockquote>\n\n\n\n<p>Lula parabenizou a aprova\u00e7\u00e3o do projeto pelo Congresso. Ele lembrou que alguns pa\u00edses j\u00e1 fizeram o mesmo e os resultados foram positivos. \u201cO que voc\u00eas fizeram nesse ato de coragem foi falar o seguinte: n\u00f3s vamos cuidar das nossas crian\u00e7as, vamos evitar mutilamento, que as crian\u00e7as possam voltar a brincar, possam voltar a interagir entre si, e eu acho que isso \u00e9 muito importante\u201d, disse.<\/p>\n\n\n\n<p>A nova legisla\u00e7\u00e3o permite exce\u00e7\u00f5es apenas para fins pedag\u00f3gicos ou did\u00e1ticos, desde que acompanhadas por professores, ou para estudantes que necessitem de acessibilidade. O objetivo \u00e9 garantir que os dispositivos m\u00f3veis sejam utilizados de forma equilibrada e ben\u00e9fica para o aprendizado dos estudantes, evitando os riscos associados ao uso indiscriminado.<\/p>\n\n\n\n<ul class=\"wp-block-list\">\n<li><a href=\"https:\/\/whatsapp.com\/channel\/0029VaAT7tDLI8Yfj5y9Z50Z\"><strong><mark style=\"background-color:rgba(0, 0, 0, 0)\" class=\"has-inline-color has-vivid-red-color\">Siga nosso canal no WhatsApp e veja mais not\u00edcias<\/mark><\/strong><\/a><\/li>\n<\/ul>\n\n\n\n<p><\/p>\n\n\n\n<figure class=\"wp-block-image aligncenter size-large\"><a href=\"https:\/\/i0.wp.com\/blogdoeloiltoncajuhy.com.br\/site\/wp-content\/uploads\/2025\/01\/INFOGRAFICO-PL-sancionado-pelo-presidente-Lula.jpg?ssl=1\"><img data-recalc-dims=\"1\" decoding=\"async\" width=\"800\" height=\"495\" src=\"https:\/\/i0.wp.com\/blogdoeloiltoncajuhy.com.br\/site\/wp-content\/uploads\/2025\/01\/INFOGRAFICO-PL-sancionado-pelo-presidente-Lula-1024x633.jpg?resize=800%2C495&#038;ssl=1\" alt=\"\" class=\"wp-image-85319\" srcset=\"https:\/\/i0.wp.com\/blogdoeloiltoncajuhy.com.br\/site\/wp-content\/uploads\/2025\/01\/INFOGRAFICO-PL-sancionado-pelo-presidente-Lula.jpg?resize=1024%2C633&amp;ssl=1 1024w, https:\/\/i0.wp.com\/blogdoeloiltoncajuhy.com.br\/site\/wp-content\/uploads\/2025\/01\/INFOGRAFICO-PL-sancionado-pelo-presidente-Lula.jpg?resize=300%2C186&amp;ssl=1 300w, https:\/\/i0.wp.com\/blogdoeloiltoncajuhy.com.br\/site\/wp-content\/uploads\/2025\/01\/INFOGRAFICO-PL-sancionado-pelo-presidente-Lula.jpg?resize=768%2C475&amp;ssl=1 768w, https:\/\/i0.wp.com\/blogdoeloiltoncajuhy.com.br\/site\/wp-content\/uploads\/2025\/01\/INFOGRAFICO-PL-sancionado-pelo-presidente-Lula.jpg?w=1080&amp;ssl=1 1080w\" sizes=\"(max-width: 800px) 100vw, 800px\" \/><\/a><figcaption class=\"wp-element-caption\"><sub>INFOGR\u00c1FICO | PL sancionado pelo presidente Lula come\u00e7a a valer j\u00e1 para este ano letivo de 2025<\/sub><\/figcaption><\/figure>\n\n\n\n<h4 class=\"wp-block-heading\"><strong><mark style=\"background-color:rgba(0, 0, 0, 0)\" class=\"has-inline-color has-black-color\">Evid\u00eancias<\/mark><\/strong><\/h4>\n\n\n\n<p>O ministro da Educa\u00e7\u00e3o, Camilo Santana, pontuou que as regras come\u00e7am a valer j\u00e1 para este ano letivo de 2025. Ele apresentou uma s\u00e9rie de dados que mostram como essa lei pode ajudar a melhorar o desempenho dos estudantes nas escolas. \u201cO \u00faltimo Pisa (Programa Internacional de Avalia\u00e7\u00e3o de Estudantes), de 2022, mostrou um dado interessante. O question\u00e1rio foi aplicado para estudantes brasileiros e revelou que 80% deles afirmaram que se distraem e t\u00eam dificuldade de se concentrar nas aulas de matem\u00e1tica por conta do celular. Ent\u00e3o n\u00f3s temos evid\u00eancias cient\u00edficas, de estudos, de pesquisa mostrando a preocupa\u00e7\u00e3o com o uso desses celulares e desses equipamentos\u201d, destacou.<\/p>\n\n\n\n<p>Entre os riscos revelados por estudos sobre o uso excessivo de telas e acesso precoce a redes sociais por crian\u00e7as e adolescentes est\u00e3o a exposi\u00e7\u00e3o a conte\u00fados perigosos e o impacto negativo na sa\u00fade mental e f\u00edsica.<\/p>\n\n\n\n<h4 class=\"wp-block-heading\"><strong><mark style=\"background-color:rgba(0, 0, 0, 0)\" class=\"has-inline-color has-black-color\">Conscientiza\u00e7\u00e3o<\/mark><\/strong><\/h4>\n\n\n\n<p>A lei tamb\u00e9m determina que as redes de ensino e escolas desenvolvam estrat\u00e9gias para abordar o tema do sofrimento ps\u00edquico e da sa\u00fade mental dos estudantes. Isso inclui alertar sobre os riscos do uso imoderado de aparelhos e do acesso a conte\u00fados impr\u00f3prios, al\u00e9m de oferecer treinamentos, capacita\u00e7\u00e3o e espa\u00e7os de escuta e acolhimento para detectar situa\u00e7\u00f5es de sofrimento ps\u00edquico.<\/p>\n\n\n\n<h2 class=\"wp-block-heading has-text-align-center\"><strong><mark style=\"background-color:rgba(0, 0, 0, 0)\" class=\"has-inline-color has-vivid-red-color\">______________<\/mark><\/strong><\/h2>\n\n\n\n<blockquote class=\"wp-block-quote is-layout-flow wp-block-quote-is-layout-flow\">\n<p><strong><mark style=\"background-color:rgba(0, 0, 0, 0)\" class=\"has-inline-color has-black-color\">\u201cN\u00f3s j\u00e1 estamos construindo os guias e orienta\u00e7\u00f5es para as redes, como elas devem implementar a medida e quais s\u00e3o os processos que precisam acompanhar. Claro que as redes t\u00eam autonomia para construir os mecanismos que elas v\u00e3o fazer em cada escola. A gente vai procurar tamb\u00e9m, atrav\u00e9s de guias e de discursos, orientar professores, diretores de escola, secret\u00e1rios e tamb\u00e9m promover o engajamento das fam\u00edlias\u201d. Camilo Santana &#8211; Ministro da Educa\u00e7\u00e3o.<\/mark><\/strong><\/p>\n\n\n\n<h2 class=\"wp-block-heading has-text-align-center\"><strong><mark style=\"background-color:rgba(0, 0, 0, 0)\" class=\"has-inline-color has-vivid-red-color\">______________<\/mark><\/strong><\/h2>\n<\/blockquote>\n\n\n\n<h4 class=\"wp-block-heading\"><strong><mark style=\"background-color:rgba(0, 0, 0, 0)\" class=\"has-inline-color has-black-color\">Uso pedag\u00f3gico<\/mark><\/strong><\/h4>\n\n\n\n<p>A nova lei complementa outras pol\u00edticas voltadas para o uso de tecnologias da informa\u00e7\u00e3o e comunica\u00e7\u00e3o na educa\u00e7\u00e3o, como a Pol\u00edtica de Inova\u00e7\u00e3o Educa\u00e7\u00e3o Conectada (PIEC) e a Pol\u00edtica Nacional de Educa\u00e7\u00e3o Digital (PNED). Essas iniciativas visam fomentar o uso pedag\u00f3gico de tecnologias digitais e garantir um componente curricular de educa\u00e7\u00e3o digital.<\/p>\n\n\n\n<p>O professor de Hist\u00f3ria Gabriel Feitosa, de 33 anos, avalia que a proibi\u00e7\u00e3o vai aumentar a capacidade de concentra\u00e7\u00e3o e o desempenho acad\u00eamico dos alunos, al\u00e9m de ser importante do ponto de vista emocional dos jovens, que lidam com a ansiedade e problemas de autoestima, potencializados pelo uso desequilibrado de aparelhos eletr\u00f4nicos. O docente tamb\u00e9m v\u00ea alternativas para integrar a tecnologia de forma construtiva ao ambiente escolar, sem que isso prejudique o aprendizado.<\/p>\n\n\n\n<p>\u201cOs professores podem integrar a tecnologia, por exemplo, das ci\u00eancias humanas e da natureza, por meio da pesquisa. Ent\u00e3o, o professor tem que conduzir e criar oportunidades de pesquisa guiada, fundamentada, ensinar os alunos a procurar boas fontes de pesquisa, bons recursos. E tamb\u00e9m como formas de apresenta\u00e7\u00e3o de produtos educacionais. Antigamente, a gente fazia cartazes. Passamos a fazer as apresenta\u00e7\u00f5es de slides, mas existem muitas outras ferramentas: v\u00eddeos, sites, galerias digitais e oportunidades interativas\u201d, elencou Feitosa.<\/p>\n\n\n\n<h4 class=\"wp-block-heading\"><strong><mark style=\"background-color:rgba(0, 0, 0, 0)\" class=\"has-inline-color has-black-color\">Oportunidades<\/mark><\/strong><\/h4>\n\n\n\n<p>A nova lei era aguardada pelos educadores, segundo Luciana Paiva, vice-diretora do Centro Educacional 619 Samambaia, no Distrito Federal. \u201cAgora, poderemos propor mais atividades pedag\u00f3gicas utilizando metodologias ativas, com a certeza de que os estudantes ir\u00e3o participar de forma protagonista, sem distra\u00e7\u00f5es pelo uso do celular. Al\u00e9m disso, temos a certeza de que haver\u00e1 mais intera\u00e7\u00e3o \u2018humana\u2019 nas a\u00e7\u00f5es propostas em sala de aula. O di\u00e1logo t\u00e3o necess\u00e1rio para a forma\u00e7\u00e3o dos jovens poder\u00e1 ser retomado no ambiente escolar\u201d, declarou Luciana.<\/p>\n","protected":false},"excerpt":{"rendered":"<p>Medida, que j\u00e1 come\u00e7a a valer no ano letivo de 2025, visa proteger a sa\u00fade mental, f\u00edsica e ps\u00edquica das crian\u00e7as e adolescentes Blog do Eloilton Cajuhy O presidente Luiz In\u00e1cio Lula da Silva sancionou nesta segunda-feira (13), o Projeto de Lei n\u00ba 4.932\/2024, que restringe a utiliza\u00e7\u00e3o, por estudantes, de aparelhos eletr\u00f4nicos port\u00e1teis, como [&hellip;]<\/p>\n","protected":false},"author":2,"featured_media":85318,"comment_status":"open","ping_status":"open","sticky":false,"template":"","format":"standard","meta":{"_acf_changed":false,"_monsterinsights_skip_tracking":false,"_monsterinsights_sitenote_active":false,"_monsterinsights_sitenote_note":"","_monsterinsights_sitenote_category":0,"_jetpack_memberships_contains_paid_content":false,"footnotes":"","jetpack_publicize_message":"","jetpack_publicize_feature_enabled":true,"jetpack_social_post_already_shared":false,"jetpack_social_options":{"image_generator_settings":{"template":"highway","enabled":false},"version":2}},"categories":[14],"tags":[],"class_list":["post-85317","post","type-post","status-publish","format-standard","has-post-thumbnail","hentry","category-educacao"],"acf":[],"jetpack_publicize_connections":[],"jetpack_featured_media_url":"https:\/\/i0.wp.com\/blogdoeloiltoncajuhy.com.br\/site\/wp-content\/uploads\/2025\/01\/Presidente-Lula-e-ministro-Camilo-Santana-Foto-Ricardo-Stuckert-PR.jpg?fit=768%2C512&ssl=1","jetpack_sharing_enabled":true,"publishpress_future_workflow_manual_trigger":{"enabledWorkflows":[]},"_links":{"self":[{"href":"https:\/\/blogdoeloiltoncajuhy.com.br\/site\/wp-json\/wp\/v2\/posts\/85317","targetHints":{"allow":["GET"]}}],"collection":[{"href":"https:\/\/blogdoeloiltoncajuhy.com.br\/site\/wp-json\/wp\/v2\/posts"}],"about":[{"href":"https:\/\/blogdoeloiltoncajuhy.com.br\/site\/wp-json\/wp\/v2\/types\/post"}],"author":[{"embeddable":true,"href":"https:\/\/blogdoeloiltoncajuhy.com.br\/site\/wp-json\/wp\/v2\/users\/2"}],"replies":[{"embeddable":true,"href":"https:\/\/blogdoeloiltoncajuhy.com.br\/site\/wp-json\/wp\/v2\/comments?post=85317"}],"version-history":[{"count":1,"href":"https:\/\/blogdoeloiltoncajuhy.com.br\/site\/wp-json\/wp\/v2\/posts\/85317\/revisions"}],"predecessor-version":[{"id":85320,"href":"https:\/\/blogdoeloiltoncajuhy.com.br\/site\/wp-json\/wp\/v2\/posts\/85317\/revisions\/85320"}],"wp:featuredmedia":[{"embeddable":true,"href":"https:\/\/blogdoeloiltoncajuhy.com.br\/site\/wp-json\/wp\/v2\/media\/85318"}],"wp:attachment":[{"href":"https:\/\/blogdoeloiltoncajuhy.com.br\/site\/wp-json\/wp\/v2\/media?parent=85317"}],"wp:term":[{"taxonomy":"category","embeddable":true,"href":"https:\/\/blogdoeloiltoncajuhy.com.br\/site\/wp-json\/wp\/v2\/categories?post=85317"},{"taxonomy":"post_tag","embeddable":true,"href":"https:\/\/blogdoeloiltoncajuhy.com.br\/site\/wp-json\/wp\/v2\/tags?post=85317"}],"curies":[{"name":"wp","href":"https:\/\/api.w.org\/{rel}","templated":true}]}}