{"id":85309,"date":"2025-01-13T18:51:34","date_gmt":"2025-01-13T21:51:34","guid":{"rendered":"https:\/\/blogdoeloiltoncajuhy.com.br\/site\/?p=85309"},"modified":"2025-01-13T19:24:14","modified_gmt":"2025-01-13T22:24:14","slug":"alunos-do-colegio-modelo-de-senhor-do-bonfim-alcancam-notas-acima-de-900-pontos-na-prova-de-redacao-do-enem","status":"publish","type":"post","link":"https:\/\/blogdoeloiltoncajuhy.com.br\/site\/alunos-do-colegio-modelo-de-senhor-do-bonfim-alcancam-notas-acima-de-900-pontos-na-prova-de-redacao-do-enem\/","title":{"rendered":"Alunos do Col\u00e9gio Modelo de Senhor do Bonfim alcan\u00e7am notas acima de 900 pontos na prova de reda\u00e7\u00e3o do Enem"},"content":{"rendered":"\n<p class=\"has-medium-font-size\"><strong>Estudantes de escolas p\u00fablicas da Bahia se destacam no Enem<\/strong><\/p>\n\n\n\n<p><strong>Blog do Eloilton Cajuhy<\/strong><\/p>\n\n\n\n<figure class=\"wp-block-gallery aligncenter has-nested-images columns-default is-cropped wp-block-gallery-1 is-layout-flex wp-block-gallery-is-layout-flex\">\n<figure class=\"wp-block-image size-large\"><a href=\"https:\/\/i0.wp.com\/blogdoeloiltoncajuhy.com.br\/site\/wp-content\/uploads\/2025\/01\/Gabriel_C.-Modelo.jpeg?ssl=1\"><img data-recalc-dims=\"1\" fetchpriority=\"high\" decoding=\"async\" width=\"800\" height=\"541\" data-id=\"85310\" src=\"https:\/\/i0.wp.com\/blogdoeloiltoncajuhy.com.br\/site\/wp-content\/uploads\/2025\/01\/Gabriel_C.-Modelo.jpeg?resize=800%2C541&#038;ssl=1\" alt=\"\" class=\"wp-image-85310\" srcset=\"https:\/\/i0.wp.com\/blogdoeloiltoncajuhy.com.br\/site\/wp-content\/uploads\/2025\/01\/Gabriel_C.-Modelo.jpeg?w=962&amp;ssl=1 962w, https:\/\/i0.wp.com\/blogdoeloiltoncajuhy.com.br\/site\/wp-content\/uploads\/2025\/01\/Gabriel_C.-Modelo.jpeg?resize=300%2C203&amp;ssl=1 300w, https:\/\/i0.wp.com\/blogdoeloiltoncajuhy.com.br\/site\/wp-content\/uploads\/2025\/01\/Gabriel_C.-Modelo.jpeg?resize=768%2C520&amp;ssl=1 768w\" sizes=\"(max-width: 800px) 100vw, 800px\" \/><\/a><\/figure>\n\n\n\n<figure class=\"wp-block-image size-large\"><a href=\"https:\/\/i0.wp.com\/blogdoeloiltoncajuhy.com.br\/site\/wp-content\/uploads\/2025\/01\/Graziela_C.-Modelo.jpeg?ssl=1\"><img data-recalc-dims=\"1\" decoding=\"async\" width=\"800\" height=\"536\" data-id=\"85311\" src=\"https:\/\/i0.wp.com\/blogdoeloiltoncajuhy.com.br\/site\/wp-content\/uploads\/2025\/01\/Graziela_C.-Modelo.jpeg?resize=800%2C536&#038;ssl=1\" alt=\"\" class=\"wp-image-85311\" srcset=\"https:\/\/i0.wp.com\/blogdoeloiltoncajuhy.com.br\/site\/wp-content\/uploads\/2025\/01\/Graziela_C.-Modelo.jpeg?w=965&amp;ssl=1 965w, https:\/\/i0.wp.com\/blogdoeloiltoncajuhy.com.br\/site\/wp-content\/uploads\/2025\/01\/Graziela_C.-Modelo.jpeg?resize=300%2C201&amp;ssl=1 300w, https:\/\/i0.wp.com\/blogdoeloiltoncajuhy.com.br\/site\/wp-content\/uploads\/2025\/01\/Graziela_C.-Modelo.jpeg?resize=768%2C515&amp;ssl=1 768w\" sizes=\"(max-width: 800px) 100vw, 800px\" \/><\/a><\/figure>\n<\/figure>\n\n\n\n<p><sub>Fotos: Divulga\u00e7\u00e3o \/ NTE-25<\/sub><\/p>\n\n\n\n<p>Nesta segunda-feira (13), foram divulgadas as notas do Exame Nacional do Ensino M\u00e9dio (Enem), porta de entrada para o Ensino Superior. Na Bahia, o exame registrou um n\u00famero recorde de 376.352 inscritos, sendo que mais de 113 mil estudantes s\u00e3o da rede estadual de ensino, o que reflete o trabalho da Secretaria da Educa\u00e7\u00e3o (SEC) com o projeto <strong>\u201cT\u00f4 com Voc\u00ea no Enem\u201d<\/strong>. As notas podem ser acessadas na P\u00e1gina do Participante, dispon\u00edvel no link <a href=\"https:\/\/enem.inep.gov.br\/participante\/#!\/\"><strong><mark style=\"background-color:rgba(0, 0, 0, 0)\" class=\"has-inline-color has-vivid-cyan-blue-color\">https:\/\/enem.inep.gov.br\/participante\/#!\/<\/mark><\/strong><\/a>, divulgado pelo Instituto Nacional de Estudos e Pesquisas Educacionais An\u00edsio Teixeira (INEP), inserindo o login gov.br.<\/p>\n\n\n\n<p>A secret\u00e1ria da Educa\u00e7\u00e3o, Rowenna Brito, destaca que o Estado alcan\u00e7ou um marco hist\u00f3rico ao ter 100% dos estudantes concluintes do Ensino M\u00e9dio inscritos no exame. Este aumento significativo foi resultado de a\u00e7\u00f5es estrat\u00e9gicas da SEC, como a mobiliza\u00e7\u00e3o para garantir a isen\u00e7\u00e3o da taxa de inscri\u00e7\u00e3o e o apoio cont\u00ednuo aos alunos. \u201cEstamos orgulhosos dos nossos estudantes. Este recorde de inscri\u00e7\u00f5es e a boa pontua\u00e7\u00e3o na prova mostram que, quando oferecemos suporte e incentivo, nossos jovens respondem com dedica\u00e7\u00e3o e resultados excelentes\u201d.<\/p>\n\n\n\n<p>Em toda a Bahia, estudantes da rede estadual se destacaram especialmente na reda\u00e7\u00e3o, com notas acima de 900 pontos.<\/p>\n\n\n\n<ul class=\"wp-block-list\">\n<li><a href=\"https:\/\/whatsapp.com\/channel\/0029VaAT7tDLI8Yfj5y9Z50Z\"><strong><mark style=\"background-color:rgba(0, 0, 0, 0)\" class=\"has-inline-color has-vivid-red-color\">Siga nosso canal no WhatsApp e veja mais not\u00edcias<\/mark><\/strong><\/a><\/li>\n<\/ul>\n\n\n\n<p><\/p>\n\n\n\n<p>Do <strong><mark style=\"background-color:rgba(0, 0, 0, 0)\" class=\"has-inline-color has-black-color\">Col\u00e9gio Modelo Lu\u00eds Eduardo Magalh\u00e3es, em Senhor do Bonfim<\/mark><\/strong>, 10 alunos se destacaram obtendo notas acima de 900 na prova de reda\u00e7\u00e3o. S\u00e3o Eles: <strong><mark style=\"background-color:rgba(0, 0, 0, 0)\" class=\"has-inline-color has-black-color\">Graziela Cardoso dos Santos, 960; Gabriel Vin\u00edcius Gomes da Silva Nunes, 960; Anthony Victor Almeida dos Santos da Silva, 960<\/mark><\/strong>; <strong><mark style=\"background-color:rgba(0, 0, 0, 0)\" class=\"has-inline-color has-black-color\">Maria Eduarda Ferreira Santos, 940; Celine de Sousa Rodrigues, 940;<\/mark><\/strong> <strong><mark style=\"background-color:rgba(0, 0, 0, 0)\" class=\"has-inline-color has-black-color\">Julia Aparecida Vieira de Moura, 920;<\/mark><\/strong> <strong><mark style=\"background-color:rgba(0, 0, 0, 0)\" class=\"has-inline-color has-black-color\">Samuel de Souza Alves Pereira Dias, 920<\/mark><\/strong>; <strong><mark style=\"background-color:rgba(0, 0, 0, 0)\" class=\"has-inline-color has-black-color\">Emilly Heloisa da Silva de Souza, 920<\/mark><\/strong>; <strong><mark style=\"background-color:rgba(0, 0, 0, 0)\" class=\"has-inline-color has-black-color\">Franklin dos Santos Silva, 920; Vanessa Celestino da Silva, 900<\/mark><\/strong>.<\/p>\n\n\n\n<p>Franklin, que pretende cursar An\u00e1lise e Desenvolvimento de Sistemas, ressaltou a import\u00e2ncia de se manter equilibrado. \u201cA escola me ajudou bastante durante o processo de prepara\u00e7\u00e3o. Fiquei muito feliz com a nota e j\u00e1 esperava, pois me preparei bastante para isso. Eu penso que, acima de tudo, \u00e9 preciso ter disciplina para estudar os assuntos e preparar o psicol\u00f3gico tamb\u00e9m. N\u00e3o adianta nada batalhar com estudos o ano inteiro se voc\u00ea n\u00e3o tem uma mentalidade forte\u201d.<\/p>\n","protected":false},"excerpt":{"rendered":"<p>Estudantes de escolas p\u00fablicas da Bahia se destacam no Enem Blog do Eloilton Cajuhy Fotos: Divulga\u00e7\u00e3o \/ NTE-25 Nesta segunda-feira (13), foram divulgadas as notas do Exame Nacional do Ensino M\u00e9dio (Enem), porta de entrada para o Ensino Superior. Na Bahia, o exame registrou um n\u00famero recorde de 376.352 inscritos, sendo que mais de 113 [&hellip;]<\/p>\n","protected":false},"author":2,"featured_media":85312,"comment_status":"open","ping_status":"open","sticky":false,"template":"","format":"standard","meta":{"_acf_changed":false,"_monsterinsights_skip_tracking":false,"_monsterinsights_sitenote_active":false,"_monsterinsights_sitenote_note":"","_monsterinsights_sitenote_category":0,"_jetpack_memberships_contains_paid_content":false,"footnotes":"","jetpack_publicize_message":"","jetpack_publicize_feature_enabled":true,"jetpack_social_post_already_shared":false,"jetpack_social_options":{"image_generator_settings":{"template":"highway","enabled":false},"version":2}},"categories":[4],"tags":[],"class_list":["post-85309","post","type-post","status-publish","format-standard","has-post-thumbnail","hentry","category-local"],"acf":[],"jetpack_publicize_connections":[],"jetpack_featured_media_url":"https:\/\/i0.wp.com\/blogdoeloiltoncajuhy.com.br\/site\/wp-content\/uploads\/2025\/01\/Galeria_Gabriel-e-Graziela.png?fit=1050%2C338&ssl=1","jetpack_sharing_enabled":true,"publishpress_future_workflow_manual_trigger":{"enabledWorkflows":[]},"_links":{"self":[{"href":"https:\/\/blogdoeloiltoncajuhy.com.br\/site\/wp-json\/wp\/v2\/posts\/85309","targetHints":{"allow":["GET"]}}],"collection":[{"href":"https:\/\/blogdoeloiltoncajuhy.com.br\/site\/wp-json\/wp\/v2\/posts"}],"about":[{"href":"https:\/\/blogdoeloiltoncajuhy.com.br\/site\/wp-json\/wp\/v2\/types\/post"}],"author":[{"embeddable":true,"href":"https:\/\/blogdoeloiltoncajuhy.com.br\/site\/wp-json\/wp\/v2\/users\/2"}],"replies":[{"embeddable":true,"href":"https:\/\/blogdoeloiltoncajuhy.com.br\/site\/wp-json\/wp\/v2\/comments?post=85309"}],"version-history":[{"count":4,"href":"https:\/\/blogdoeloiltoncajuhy.com.br\/site\/wp-json\/wp\/v2\/posts\/85309\/revisions"}],"predecessor-version":[{"id":85316,"href":"https:\/\/blogdoeloiltoncajuhy.com.br\/site\/wp-json\/wp\/v2\/posts\/85309\/revisions\/85316"}],"wp:featuredmedia":[{"embeddable":true,"href":"https:\/\/blogdoeloiltoncajuhy.com.br\/site\/wp-json\/wp\/v2\/media\/85312"}],"wp:attachment":[{"href":"https:\/\/blogdoeloiltoncajuhy.com.br\/site\/wp-json\/wp\/v2\/media?parent=85309"}],"wp:term":[{"taxonomy":"category","embeddable":true,"href":"https:\/\/blogdoeloiltoncajuhy.com.br\/site\/wp-json\/wp\/v2\/categories?post=85309"},{"taxonomy":"post_tag","embeddable":true,"href":"https:\/\/blogdoeloiltoncajuhy.com.br\/site\/wp-json\/wp\/v2\/tags?post=85309"}],"curies":[{"name":"wp","href":"https:\/\/api.w.org\/{rel}","templated":true}]}}