{"id":85307,"date":"2025-01-13T17:25:33","date_gmt":"2025-01-13T20:25:33","guid":{"rendered":"https:\/\/blogdoeloiltoncajuhy.com.br\/site\/?p=85307"},"modified":"2025-01-13T17:25:39","modified_gmt":"2025-01-13T20:25:39","slug":"cuidadores-de-animais-vao-a-camara-municipal-de-senhor-do-bonfim-em-busca-de-apoio","status":"publish","type":"post","link":"https:\/\/blogdoeloiltoncajuhy.com.br\/site\/cuidadores-de-animais-vao-a-camara-municipal-de-senhor-do-bonfim-em-busca-de-apoio\/","title":{"rendered":"Cuidadores de animais v\u00e3o \u00e0 C\u00e2mara Municipal de Senhor do Bonfim em busca de apoio"},"content":{"rendered":"\n<p class=\"has-medium-font-size\"><strong>Unindo esfor\u00e7os e mobiliza\u00e7\u00e3o por solu\u00e7\u00f5es para o bem-estar animal<\/strong><\/p>\n\n\n\n<p><strong>Por Blog do Eloilton Cajuhy<\/strong><\/p>\n\n\n\n<figure class=\"wp-block-image aligncenter size-full is-resized\"><a href=\"https:\/\/i0.wp.com\/blogdoeloiltoncajuhy.com.br\/site\/wp-content\/uploads\/2019\/06\/Animais-enxergam-as-cores-de-maneira-diferente-do-ser-humano.jpg\"><img data-recalc-dims=\"1\" fetchpriority=\"high\" decoding=\"async\" width=\"450\" height=\"300\" src=\"https:\/\/i0.wp.com\/blogdoeloiltoncajuhy.com.br\/site\/wp-content\/uploads\/2019\/06\/Animais-enxergam-as-cores-de-maneira-diferente-do-ser-humano.jpg?resize=450%2C300\" alt=\"\" class=\"wp-image-34683\" style=\"width:651px;height:auto\" srcset=\"https:\/\/i0.wp.com\/blogdoeloiltoncajuhy.com.br\/site\/wp-content\/uploads\/2019\/06\/Animais-enxergam-as-cores-de-maneira-diferente-do-ser-humano.jpg?w=450&amp;ssl=1 450w, https:\/\/i0.wp.com\/blogdoeloiltoncajuhy.com.br\/site\/wp-content\/uploads\/2019\/06\/Animais-enxergam-as-cores-de-maneira-diferente-do-ser-humano.jpg?resize=300%2C200&amp;ssl=1 300w, https:\/\/i0.wp.com\/blogdoeloiltoncajuhy.com.br\/site\/wp-content\/uploads\/2019\/06\/Animais-enxergam-as-cores-de-maneira-diferente-do-ser-humano.jpg?resize=250%2C167&amp;ssl=1 250w\" sizes=\"(max-width: 450px) 100vw, 450px\" \/><\/a><figcaption class=\"wp-element-caption\"><sub>Causa animal em destaque &#8211; Reprodu\u00e7\u00e3o<\/sub><\/figcaption><\/figure>\n\n\n\n<p>Nesta ter\u00e7a-feira (14) cuidadores de animais e protetores independentes v\u00e3o \u00e0 C\u00e2mara Municipal de Senhor do Bonfim em busca de apoio para metas essenciais voltadas \u00e0 causa animal em nossa cidade. A mobiliza\u00e7\u00e3o tem como objetivo sensibilizar o poder p\u00fablico para a implanta\u00e7\u00e3o de pol\u00edticas que beneficiem tanto os animais quanto a popula\u00e7\u00e3o local.<\/p>\n\n\n\n<h4 class=\"wp-block-heading\"><strong><mark style=\"background-color:rgba(0, 0, 0, 0)\" class=\"has-inline-color has-black-color\">Metas priorit\u00e1rias para a causa animal<\/mark><\/strong><\/h4>\n\n\n\n<ul class=\"wp-block-list\">\n<li><strong><mark style=\"background-color:rgba(0, 0, 0, 0)\" class=\"has-inline-color has-black-color\">Controle da superpopula\u00e7\u00e3o de c\u00e3es nas ruas:<\/mark><\/strong> O excesso de c\u00e3es abandonados \u00e9 um problema crescente em Senhor do Bonfim, resultando em ataques a pessoas e outros animais, al\u00e9m de frequentes atropelamentos. Para combater essa situa\u00e7\u00e3o, a proposta \u00e9 a realiza\u00e7\u00e3o de mutir\u00f5es de castra\u00e7\u00e3o, uma medida eficaz e humanit\u00e1ria para reduzir a superpopula\u00e7\u00e3o.<\/li>\n<\/ul>\n\n\n\n<ul class=\"wp-block-list\">\n<li><strong><mark style=\"background-color:rgba(0, 0, 0, 0)\" class=\"has-inline-color has-black-color\">Atendimento veterin\u00e1rio para animais em situa\u00e7\u00e3o de rua:<\/mark><\/strong> Muitos animais abandonados est\u00e3o doentes ou feridos, sofrendo ainda mais com a falta de cuidados adequados. A implanta\u00e7\u00e3o de servi\u00e7os veterin\u00e1rios p\u00fablicos \u00e9 essencial para garantir o bem-estar desses animais e minimizar os impactos do abandono.<\/li>\n<\/ul>\n\n\n\n<ul class=\"wp-block-list\">\n<li><strong><mark style=\"background-color:rgba(0, 0, 0, 0)\" class=\"has-inline-color has-black-color\">Implanta\u00e7\u00e3o de um canil municipal:<\/mark><\/strong> Atualmente, os protetores de animais desempenham suas fun\u00e7\u00f5es de forma volunt\u00e1ria, sem qualquer suporte do poder p\u00fablico. A falta de um canil municipal agrava a situa\u00e7\u00e3o, levando muitos cuidadores a acumularem d\u00edvidas para suprir as necessidades dos animais resgatados. Um canil municipal \u00e9 fundamental para estruturar a causa animal na cidade.<\/li>\n<\/ul>\n\n\n\n<p><\/p>\n\n\n\n<h4 class=\"wp-block-heading\"><strong><mark style=\"background-color:rgba(0, 0, 0, 0)\" class=\"has-inline-color has-black-color\">A import\u00e2ncia da mobiliza\u00e7\u00e3o<\/mark><\/strong><\/h4>\n\n\n\n<p>A\u00e7\u00f5es como a participa\u00e7\u00e3o em sess\u00e3o da C\u00e2mara, s\u00e3o cruciais para avan\u00e7ar na constru\u00e7\u00e3o de pol\u00edticas p\u00fablicas voltadas ao bem-estar animal. Al\u00e9m de proteger os animais, essas medidas tamb\u00e9m contribuem para a seguran\u00e7a e qualidade de vida da popula\u00e7\u00e3o. A colabora\u00e7\u00e3o entre o poder p\u00fablico e a sociedade civil \u00e9 indispens\u00e1vel para transformar a realidade da causa animal em Senhor do Bonfim.<\/p>\n\n\n\n<h4 class=\"wp-block-heading\"><strong><mark style=\"background-color:rgba(0, 0, 0, 0)\" class=\"has-inline-color has-black-color\">Conscientiza\u00e7\u00e3o e a\u00e7\u00e3o<\/mark><\/strong><\/h4>\n\n\n\n<p>Os cuidadores apelam \u00e0 comunidade e aos representantes p\u00fablicos para que se unam em prol dessa causa t\u00e3o necess\u00e1ria. &#8220;Juntos, podemos construir uma cidade mais justa e compassiva para todos os seres vivos&#8221;, afirmam.<\/p>\n\n\n\n<ul class=\"wp-block-list\">\n<li><a href=\"https:\/\/whatsapp.com\/channel\/0029VaAT7tDLI8Yfj5y9Z50Z\"><strong><mark style=\"background-color:rgba(0, 0, 0, 0)\" class=\"has-inline-color has-vivid-red-color\">Siga nosso canal no WhatsApp e veja mais not\u00edcias<\/mark><\/strong><\/a><\/li>\n<\/ul>\n","protected":false},"excerpt":{"rendered":"<p>Unindo esfor\u00e7os e mobiliza\u00e7\u00e3o por solu\u00e7\u00f5es para o bem-estar animal Por Blog do Eloilton Cajuhy Nesta ter\u00e7a-feira (14) cuidadores de animais e protetores independentes v\u00e3o \u00e0 C\u00e2mara Municipal de Senhor do Bonfim em busca de apoio para metas essenciais voltadas \u00e0 causa animal em nossa cidade. A mobiliza\u00e7\u00e3o tem como objetivo sensibilizar o poder p\u00fablico [&hellip;]<\/p>\n","protected":false},"author":2,"featured_media":21544,"comment_status":"open","ping_status":"open","sticky":false,"template":"","format":"standard","meta":{"_acf_changed":false,"_monsterinsights_skip_tracking":false,"_monsterinsights_sitenote_active":false,"_monsterinsights_sitenote_note":"","_monsterinsights_sitenote_category":0,"_jetpack_memberships_contains_paid_content":false,"footnotes":"","jetpack_publicize_message":"","jetpack_publicize_feature_enabled":true,"jetpack_social_post_already_shared":true,"jetpack_social_options":{"image_generator_settings":{"template":"highway","default_image_id":0,"font":"","enabled":false},"version":2}},"categories":[4],"tags":[],"class_list":["post-85307","post","type-post","status-publish","format-standard","has-post-thumbnail","hentry","category-local"],"acf":[],"jetpack_publicize_connections":[],"jetpack_featured_media_url":"https:\/\/i0.wp.com\/blogdoeloiltoncajuhy.com.br\/site\/wp-content\/uploads\/2017\/11\/feira-de-animais.jpg?fit=480%2C263&ssl=1","jetpack_sharing_enabled":true,"publishpress_future_workflow_manual_trigger":{"enabledWorkflows":[]},"_links":{"self":[{"href":"https:\/\/blogdoeloiltoncajuhy.com.br\/site\/wp-json\/wp\/v2\/posts\/85307","targetHints":{"allow":["GET"]}}],"collection":[{"href":"https:\/\/blogdoeloiltoncajuhy.com.br\/site\/wp-json\/wp\/v2\/posts"}],"about":[{"href":"https:\/\/blogdoeloiltoncajuhy.com.br\/site\/wp-json\/wp\/v2\/types\/post"}],"author":[{"embeddable":true,"href":"https:\/\/blogdoeloiltoncajuhy.com.br\/site\/wp-json\/wp\/v2\/users\/2"}],"replies":[{"embeddable":true,"href":"https:\/\/blogdoeloiltoncajuhy.com.br\/site\/wp-json\/wp\/v2\/comments?post=85307"}],"version-history":[{"count":1,"href":"https:\/\/blogdoeloiltoncajuhy.com.br\/site\/wp-json\/wp\/v2\/posts\/85307\/revisions"}],"predecessor-version":[{"id":85308,"href":"https:\/\/blogdoeloiltoncajuhy.com.br\/site\/wp-json\/wp\/v2\/posts\/85307\/revisions\/85308"}],"wp:featuredmedia":[{"embeddable":true,"href":"https:\/\/blogdoeloiltoncajuhy.com.br\/site\/wp-json\/wp\/v2\/media\/21544"}],"wp:attachment":[{"href":"https:\/\/blogdoeloiltoncajuhy.com.br\/site\/wp-json\/wp\/v2\/media?parent=85307"}],"wp:term":[{"taxonomy":"category","embeddable":true,"href":"https:\/\/blogdoeloiltoncajuhy.com.br\/site\/wp-json\/wp\/v2\/categories?post=85307"},{"taxonomy":"post_tag","embeddable":true,"href":"https:\/\/blogdoeloiltoncajuhy.com.br\/site\/wp-json\/wp\/v2\/tags?post=85307"}],"curies":[{"name":"wp","href":"https:\/\/api.w.org\/{rel}","templated":true}]}}