{"id":85298,"date":"2025-01-13T15:47:42","date_gmt":"2025-01-13T18:47:42","guid":{"rendered":"https:\/\/blogdoeloiltoncajuhy.com.br\/site\/?p=85298"},"modified":"2025-01-13T15:47:49","modified_gmt":"2025-01-13T18:47:49","slug":"cinco-municipios-da-regiao-de-bonfim-estao-entre-os-mais-afetados-pelas-chuvas","status":"publish","type":"post","link":"https:\/\/blogdoeloiltoncajuhy.com.br\/site\/cinco-municipios-da-regiao-de-bonfim-estao-entre-os-mais-afetados-pelas-chuvas\/","title":{"rendered":"Cinco munic\u00edpios da regi\u00e3o de Bonfim est\u00e3o entre os mais afetados pelas chuvas"},"content":{"rendered":"\n<p class=\"has-medium-font-size\"><strong>Segundo a Defesa Civil (Sudec), ao menos 55 munic\u00edpios baianos foram atingidos pelos temporais no fim de semana, a maioria com alagamentos<\/strong><\/p>\n\n\n\n<p><strong>Blog do Eloilton Cajuhy<\/strong><\/p>\n\n\n\n<figure class=\"wp-block-image aligncenter size-full\"><a href=\"https:\/\/i0.wp.com\/blogdoeloiltoncajuhy.com.br\/site\/wp-content\/uploads\/2025\/01\/Rachaduras-ponte-Barrinha-Pilar_Foto_Portal-Jaguarari.png?ssl=1\"><img data-recalc-dims=\"1\" fetchpriority=\"high\" decoding=\"async\" width=\"796\" height=\"424\" src=\"https:\/\/i0.wp.com\/blogdoeloiltoncajuhy.com.br\/site\/wp-content\/uploads\/2025\/01\/Rachaduras-ponte-Barrinha-Pilar_Foto_Portal-Jaguarari.png?resize=796%2C424&#038;ssl=1\" alt=\"\" class=\"wp-image-85299\" srcset=\"https:\/\/i0.wp.com\/blogdoeloiltoncajuhy.com.br\/site\/wp-content\/uploads\/2025\/01\/Rachaduras-ponte-Barrinha-Pilar_Foto_Portal-Jaguarari.png?w=796&amp;ssl=1 796w, https:\/\/i0.wp.com\/blogdoeloiltoncajuhy.com.br\/site\/wp-content\/uploads\/2025\/01\/Rachaduras-ponte-Barrinha-Pilar_Foto_Portal-Jaguarari.png?resize=300%2C160&amp;ssl=1 300w, https:\/\/i0.wp.com\/blogdoeloiltoncajuhy.com.br\/site\/wp-content\/uploads\/2025\/01\/Rachaduras-ponte-Barrinha-Pilar_Foto_Portal-Jaguarari.png?resize=768%2C409&amp;ssl=1 768w\" sizes=\"(max-width: 796px) 100vw, 796px\" \/><\/a><figcaption class=\"wp-element-caption\"><sub>Rachaduras na \u201cPonte Grande\u201d na BA 314 entre o distrito de Pilar e o povoado de Barrinha aumentaram ap\u00f3s as chuvas que caem no munic\u00edpio de Jaguarari &#8211; Fotos: Portal Jaguarari<\/sub><\/figcaption><\/figure>\n\n\n\n<p>A Superintend\u00eancia de Defesa Civil do Estado da Bahia (Sudec) vem acompanhando os estragos causados pelas fortes chuvas que caem desde o \u00faltimo final de semana. Segundo o \u00f3rg\u00e3o, ao todo 55 munic\u00edpios baianos foram atingidos, a maioria com alagamentos. <strong><mark style=\"background-color:rgba(0, 0, 0, 0)\" class=\"has-inline-color has-black-color\">Destes, 5 est\u00e3o localizados na regi\u00e3o de Senhor do Bonfim: Jaguarari, Pindoba\u00e7u, Andorinha, Iti\u00faba e Campo Formoso<\/mark><\/strong>.<\/p>\n\n\n\n<ul class=\"wp-block-list\">\n<li><a href=\"https:\/\/whatsapp.com\/channel\/0029VaAT7tDLI8Yfj5y9Z50Z\"><strong><mark style=\"background-color:rgba(0, 0, 0, 0)\" class=\"has-inline-color has-vivid-red-color\">Siga nosso canal no WhatsApp e veja mais not\u00edcias<\/mark><\/strong><\/a><\/li>\n<\/ul>\n\n\n\n<p><\/p>\n\n\n\n<p>As cidades de Jaguaquara e Maiquinique, ambas localizadas no sudoeste da Bahia, decretaram situa\u00e7\u00e3o de emerg\u00eancia.<\/p>\n\n\n\n<p>Conforme o superintendente da Sudec, Heber de Souza Santana, as chuvas fizeram com que a Bahia registrasse mais de 400 pessoas desalojadas e mais de 100 desabrigadas at\u00e9 o in\u00edcio da tarde desta segunda.<\/p>\n\n\n\n<p>&#8220;N\u00f3s temos 468 desalojados, que s\u00e3o aqueles que devem sair temporariamente de casa, e 102 desabrigados, aqueles que no primeiro momento, n\u00e3o v\u00e3o voltar e precisam de um abrigo da prefeitura ou at\u00e9 Governo do Estado para que possam passar esse momento&#8221;, explicou o superintendente do \u00f3rg\u00e3o.<\/p>\n\n\n\n<p>Em Itapebi, de acordo com a Sudec, 300 pessoas ficaram desalojadas, 50 desabrigadas e mil foram afetadas.<\/p>\n\n\n\n<p>De acordo com a Prefeitura de Jaguaquara, as fortes chuvas fizeram com que 62 pessoas ficassem desabrigadas, 160 desalojadas, uma ficasse ferida e 49 im\u00f3veis fossem danificados.<\/p>\n\n\n\n<p>Em Maiquinique, choveu 120 mil\u00edmetros, sendo 75 em apenas tr\u00eas horas na tarde do s\u00e1bado (11). A gest\u00e3o municipal estima que 2 mil pessoas foram afetadas pelos alagamentos e seis fam\u00edlias ficaram desalojadas.<\/p>\n\n\n\n<h2 class=\"wp-block-heading has-text-align-center\"><strong><mark style=\"background-color:rgba(0, 0, 0, 0)\" class=\"has-inline-color has-vivid-red-color\">______________<\/mark><\/strong><\/h2>\n\n\n\n<blockquote class=\"wp-block-quote is-layout-flow wp-block-quote-is-layout-flow\">\n<p class=\"has-medium-font-size\"><strong><mark style=\"background-color:rgba(0, 0, 0, 0)\" class=\"has-inline-color has-black-color\">&#8220;Estamos em alerta. Ontem me reuni com toda a equipe de Bombeiros, Defesa Civil, secretarias\u2026 N\u00f3s temos recursos para apoiar prefeituras que precisem pagar aluguel para as pessoas desabrigadas, cestas b\u00e1sicas&#8221;, disse o governador da Bahia, Jer\u00f4nimo Rodrigues (PT).<\/mark><\/strong><\/p>\n\n\n\n<h2 class=\"wp-block-heading has-text-align-center\"><strong><mark style=\"background-color:rgba(0, 0, 0, 0)\" class=\"has-inline-color has-vivid-red-color\">______________<\/mark><\/strong><\/h2>\n<\/blockquote>\n\n\n\n<p>Outra cidade que registrou fortes chuvas desde sexta-feira (10) foi Po\u00e7\u00f5es. O munic\u00edpio n\u00e3o decretou estado de emerg\u00eancia, mas registrou 40 pessoas desabrigadas e 76 desalojadas. O bairro mais afetado pela chuva foi Lagoa Grande. As pessoas resgatadas foram levadas para um abrigo provis\u00f3rio.<\/p>\n\n\n\n<p>Durante a madrugada desta segunda-feira (13), tamb\u00e9m houve forte chuva em Jequi\u00e9 e Vit\u00f3ria da Conquista, que registrou quedas de \u00e1rvores e asfaltos cedidos.<\/p>\n\n\n\n<p class=\"has-black-color has-text-color has-link-color wp-elements-9872467c4f5a77503b5618dd874c8829\"><strong>Os munic\u00edpios afetados, at\u00e9 o momento, s\u00e3o:<\/strong><\/p>\n\n\n\n<ul class=\"wp-block-list\">\n<li>Lu\u00eds Eduardo Magalh\u00e3es<\/li>\n\n\n\n<li>Macurur\u00e9<\/li>\n\n\n\n<li>Catu<\/li>\n\n\n\n<li>Inhambupe<\/li>\n\n\n\n<li>Ruy Barbosa<\/li>\n\n\n\n<li>Barreiras<\/li>\n\n\n\n<li>Alagoinhas<\/li>\n\n\n\n<li>Boa Vista do Tupim<\/li>\n\n\n\n<li>Valen\u00e7a<\/li>\n\n\n\n<li>Jaguarari<\/li>\n\n\n\n<li>Itaquara<\/li>\n\n\n\n<li>Jiquiri\u00e7\u00e1<\/li>\n\n\n\n<li>Pojuca<\/li>\n\n\n\n<li>Jaguaquara<\/li>\n\n\n\n<li>Rio Real<\/li>\n\n\n\n<li>Salvador<\/li>\n\n\n\n<li>Castro Alves<\/li>\n\n\n\n<li>Santo Amaro<\/li>\n\n\n\n<li>Cama\u00e7ari<\/li>\n\n\n\n<li>Ubat\u00e3<\/li>\n\n\n\n<li>Itajuipe<\/li>\n\n\n\n<li>Conde<\/li>\n\n\n\n<li>Maragogipe<\/li>\n\n\n\n<li>Itabuna<\/li>\n\n\n\n<li>Ipia\u00fa<\/li>\n\n\n\n<li>Maiquinique<\/li>\n\n\n\n<li>Teixeira de Freitas<\/li>\n\n\n\n<li>Itatim<\/li>\n\n\n\n<li>Guaratinga<\/li>\n\n\n\n<li>Pindoba\u00e7u<\/li>\n\n\n\n<li>Morro do Chap\u00e9u<\/li>\n\n\n\n<li><strong>Jacobina<\/strong><\/li>\n\n\n\n<li><strong>Cansan\u00e7\u00e3o<\/strong><\/li>\n\n\n\n<li><strong>Ca\u00e9m<\/strong><\/li>\n\n\n\n<li>Andorinha<\/li>\n\n\n\n<li>Iti\u00faba<\/li>\n\n\n\n<li><strong>Paulo Afonso<\/strong><\/li>\n\n\n\n<li>Santa In\u00eas<\/li>\n\n\n\n<li>Itapebi<\/li>\n\n\n\n<li>Jucuru\u00e7u<\/li>\n\n\n\n<li>Ibicu\u00ed<\/li>\n\n\n\n<li>Madre de Deus<\/li>\n\n\n\n<li>Campo Formoso<\/li>\n\n\n\n<li>Itoror\u00f3<\/li>\n\n\n\n<li>\u2060Itaj\u00fa do Col\u00f4nia<\/li>\n\n\n\n<li>Coaraci<\/li>\n\n\n\n<li>Quijingue<\/li>\n\n\n\n<li><strong>Euclides da Cunha<\/strong><\/li>\n\n\n\n<li>Po\u00e7\u00f5es<\/li>\n\n\n\n<li>Amargosa<\/li>\n\n\n\n<li>Dias D&#8217;\u00c1vila<\/li>\n\n\n\n<li>Santa Cruz Cabr\u00e1lia<\/li>\n\n\n\n<li>Itapetinga<\/li>\n\n\n\n<li>Rafael Jambeiro<\/li>\n\n\n\n<li>Santo Ant\u00f4nio de Jesus<\/li>\n<\/ul>\n","protected":false},"excerpt":{"rendered":"<p>Segundo a Defesa Civil (Sudec), ao menos 55 munic\u00edpios baianos foram atingidos pelos temporais no fim de semana, a maioria com alagamentos Blog do Eloilton Cajuhy A Superintend\u00eancia de Defesa Civil do Estado da Bahia (Sudec) vem acompanhando os estragos causados pelas fortes chuvas que caem desde o \u00faltimo final de semana. Segundo o \u00f3rg\u00e3o, [&hellip;]<\/p>\n","protected":false},"author":2,"featured_media":85299,"comment_status":"open","ping_status":"open","sticky":false,"template":"","format":"standard","meta":{"_acf_changed":false,"_monsterinsights_skip_tracking":false,"_monsterinsights_sitenote_active":false,"_monsterinsights_sitenote_note":"","_monsterinsights_sitenote_category":0,"_jetpack_memberships_contains_paid_content":false,"footnotes":"","jetpack_publicize_message":"","jetpack_publicize_feature_enabled":true,"jetpack_social_post_already_shared":false,"jetpack_social_options":{"image_generator_settings":{"template":"highway","enabled":false},"version":2}},"categories":[11],"tags":[],"class_list":["post-85298","post","type-post","status-publish","format-standard","has-post-thumbnail","hentry","category-regional"],"acf":[],"jetpack_publicize_connections":[],"jetpack_featured_media_url":"https:\/\/i0.wp.com\/blogdoeloiltoncajuhy.com.br\/site\/wp-content\/uploads\/2025\/01\/Rachaduras-ponte-Barrinha-Pilar_Foto_Portal-Jaguarari.png?fit=796%2C424&ssl=1","jetpack_sharing_enabled":true,"publishpress_future_workflow_manual_trigger":{"enabledWorkflows":[]},"_links":{"self":[{"href":"https:\/\/blogdoeloiltoncajuhy.com.br\/site\/wp-json\/wp\/v2\/posts\/85298","targetHints":{"allow":["GET"]}}],"collection":[{"href":"https:\/\/blogdoeloiltoncajuhy.com.br\/site\/wp-json\/wp\/v2\/posts"}],"about":[{"href":"https:\/\/blogdoeloiltoncajuhy.com.br\/site\/wp-json\/wp\/v2\/types\/post"}],"author":[{"embeddable":true,"href":"https:\/\/blogdoeloiltoncajuhy.com.br\/site\/wp-json\/wp\/v2\/users\/2"}],"replies":[{"embeddable":true,"href":"https:\/\/blogdoeloiltoncajuhy.com.br\/site\/wp-json\/wp\/v2\/comments?post=85298"}],"version-history":[{"count":1,"href":"https:\/\/blogdoeloiltoncajuhy.com.br\/site\/wp-json\/wp\/v2\/posts\/85298\/revisions"}],"predecessor-version":[{"id":85300,"href":"https:\/\/blogdoeloiltoncajuhy.com.br\/site\/wp-json\/wp\/v2\/posts\/85298\/revisions\/85300"}],"wp:featuredmedia":[{"embeddable":true,"href":"https:\/\/blogdoeloiltoncajuhy.com.br\/site\/wp-json\/wp\/v2\/media\/85299"}],"wp:attachment":[{"href":"https:\/\/blogdoeloiltoncajuhy.com.br\/site\/wp-json\/wp\/v2\/media?parent=85298"}],"wp:term":[{"taxonomy":"category","embeddable":true,"href":"https:\/\/blogdoeloiltoncajuhy.com.br\/site\/wp-json\/wp\/v2\/categories?post=85298"},{"taxonomy":"post_tag","embeddable":true,"href":"https:\/\/blogdoeloiltoncajuhy.com.br\/site\/wp-json\/wp\/v2\/tags?post=85298"}],"curies":[{"name":"wp","href":"https:\/\/api.w.org\/{rel}","templated":true}]}}