{"id":85273,"date":"2025-01-10T16:55:15","date_gmt":"2025-01-10T19:55:15","guid":{"rendered":"https:\/\/blogdoeloiltoncajuhy.com.br\/site\/?p=85273"},"modified":"2025-01-10T16:56:50","modified_gmt":"2025-01-10T19:56:50","slug":"como-fica-a-assistencia-para-vitimas-de-acidentes-de-transito-sem-o-dpvat-entenda","status":"publish","type":"post","link":"https:\/\/blogdoeloiltoncajuhy.com.br\/site\/como-fica-a-assistencia-para-vitimas-de-acidentes-de-transito-sem-o-dpvat-entenda\/","title":{"rendered":"Como fica a assist\u00eancia para v\u00edtimas de acidentes de tr\u00e2nsito sem o DPVAT? Entenda"},"content":{"rendered":"\n<p class=\"has-medium-font-size\"><strong>No \u00faltimo dia de 2024, Lula sancionou lei que cancelou o retorno do seguro obrigat\u00f3rio. Sem as indeniza\u00e7\u00f5es do DPVAT, v\u00edtima pode acionar a justi\u00e7a para ter danos reparados<\/strong><\/p>\n\n\n\n<p><strong>Por Zaia Angelo, g1<\/strong> \u2014 Bras\u00edlia<\/p>\n\n\n\n<figure class=\"wp-block-image aligncenter size-full\"><a href=\"https:\/\/i0.wp.com\/blogdoeloiltoncajuhy.com.br\/site\/wp-content\/uploads\/2025\/01\/DPVAT-deixa-de-ser-cobrado-agora-em-2025-%E2%80%94-Foto_Governo-de-Rondonia.jpeg?ssl=1\"><img data-recalc-dims=\"1\" fetchpriority=\"high\" decoding=\"async\" width=\"740\" height=\"487\" src=\"https:\/\/i0.wp.com\/blogdoeloiltoncajuhy.com.br\/site\/wp-content\/uploads\/2025\/01\/DPVAT-deixa-de-ser-cobrado-agora-em-2025-%E2%80%94-Foto_Governo-de-Rondonia.jpeg?resize=740%2C487&#038;ssl=1\" alt=\"\" class=\"wp-image-85274\" srcset=\"https:\/\/i0.wp.com\/blogdoeloiltoncajuhy.com.br\/site\/wp-content\/uploads\/2025\/01\/DPVAT-deixa-de-ser-cobrado-agora-em-2025-%E2%80%94-Foto_Governo-de-Rondonia.jpeg?w=740&amp;ssl=1 740w, https:\/\/i0.wp.com\/blogdoeloiltoncajuhy.com.br\/site\/wp-content\/uploads\/2025\/01\/DPVAT-deixa-de-ser-cobrado-agora-em-2025-%E2%80%94-Foto_Governo-de-Rondonia.jpeg?resize=300%2C197&amp;ssl=1 300w\" sizes=\"(max-width: 740px) 100vw, 740px\" \/><\/a><figcaption class=\"wp-element-caption\"><sub>DPVAT deixa de ser cobrado agora em 2025 \u2014 Foto: Governo de Rond\u00f4nia<\/sub><\/figcaption><\/figure>\n\n\n\n<p>O presidente Luiz In\u00e1cio Lula da Silva (PT) sancionou no \u00faltimo dia de 2024 a lei que cancelou o retorno do seguro obrigat\u00f3rio para ve\u00edculos, popularmente conhecido como DPVAT.<\/p>\n\n\n\n<p>Criado em 1974, o seguro n\u00e3o \u00e9 cobrado de propriet\u00e1rios de ve\u00edculos desde 2020, em decorr\u00eancia de uma decis\u00e3o tomada na gest\u00e3o do ex-presidente Jair Bolsonaro (PL).<\/p>\n\n\n\n<p>Em 2024, o governo Lula tentou retomar a cobran\u00e7a, que voltaria neste ano de 2025. A equipe econ\u00f4mica do petista chegou a aprovar, no Congresso, a retomada do DPVAT, que seria chamado de Seguro Obrigat\u00f3rio para Prote\u00e7\u00e3o de V\u00edtimas de Acidentes de Tr\u00e2nsito (SPVAT).<\/p>\n\n\n\n<p>No entanto, n\u00e3o houve apoio de governadores e o Planalto precisou abandonar a ideia.<\/p>\n\n\n\n<ul class=\"wp-block-list\">\n<li><a href=\"https:\/\/whatsapp.com\/channel\/0029VaAT7tDLI8Yfj5y9Z50Z\"><strong><mark style=\"background-color:rgba(0, 0, 0, 0)\" class=\"has-inline-color has-vivid-red-color\">Siga nosso canal no WhatsApp e veja mais not\u00edcias<\/mark><\/strong><\/a><\/li>\n<\/ul>\n\n\n\n<p><\/p>\n\n\n\n<p>Com o regresso do DPVAT, o governo buscava recursos para aliviar o impacto de acidentes de tr\u00e2nsito nas contas p\u00fablicas, principalmente, no Sistema \u00danico de Sa\u00fade (SUS) e na Previd\u00eancia Social.<\/p>\n\n\n\n<p>Tamb\u00e9m pretendia retomar pagamentos a v\u00edtimas de acidentes, com indeniza\u00e7\u00f5es por morte, invalidez permanente e reembolso de despesas com assist\u00eancia m\u00e9dica, servi\u00e7os funer\u00e1rios e reabilita\u00e7\u00e3o profissional.<\/p>\n\n\n\n<p>Esses pagamentos est\u00e3o suspensos desde novembro de 2023 quando se esgotaram os recursos que estavam acumulados no DPVAT at\u00e9 o fim da cobran\u00e7a.<\/p>\n\n\n\n<p>Quando era cobrado, o DPVAT exigia um pagamento anual que variava de R$ 16,21 a R$ 84,58, a depender do tipo do ve\u00edculo. Em 2018, \u00faltimo ano da vig\u00eancia plena do DPVAT, o seguro obrigat\u00f3rio gerou R$ 4,6 bilh\u00f5es em arrecada\u00e7\u00e3o.<\/p>\n\n\n\n<h4 class=\"wp-block-heading\"><strong><mark style=\"background-color:rgba(0, 0, 0, 0)\" class=\"has-inline-color has-black-color\">Assist\u00eancia a v\u00edtimas de acidente<\/mark><\/strong><\/h4>\n\n\n\n<p>Com o cancelamento do DPVAT, as v\u00edtimas e herdeiros de pessoas que morreram em acidentes de tr\u00e2nsito continuar\u00e3o sem o amparo desse seguro.<\/p>\n\n\n\n<p>Entretanto, podem recorrer a outras formas de repara\u00e7\u00e3o de danos, de forma judicial ou extrajudicial. Esses procedimentos, contudo, podem levar mais tempo e envolver a contrata\u00e7\u00e3o de advogados.<\/p>\n\n\n\n<p>Caso o condutor do ve\u00edculo que causou o acidente tenha contratado um seguro que cubra despesas e danos a terceiros, a v\u00edtima tem direito a requerer uma indeniza\u00e7\u00e3o.<\/p>\n\n\n\n<p>A v\u00edtima ou os herdeiros dela tamb\u00e9m podem acionar a justi\u00e7a para tentar repara\u00e7\u00e3o de danos:<\/p>\n\n\n\n<ul class=\"wp-block-list\">\n<li><strong><mark style=\"background-color:rgba(0, 0, 0, 0)\" class=\"has-inline-color has-black-color\">morais:<\/mark><\/strong> por exemplo, em caso de traumas psicol\u00f3gicos gerados pelo acidente;<br><\/li>\n<\/ul>\n\n\n\n<ul class=\"wp-block-list\">\n<li><strong><mark style=\"background-color:rgba(0, 0, 0, 0)\" class=\"has-inline-color has-black-color\">materiais:<\/mark><\/strong> na hip\u00f3tese de preju\u00edzos materiais, como o conserto do ve\u00edculo e despesas m\u00e9dicas; e\/ou<br><\/li>\n<\/ul>\n\n\n\n<ul class=\"wp-block-list\">\n<li><strong><mark style=\"background-color:rgba(0, 0, 0, 0)\" class=\"has-inline-color has-black-color\">est\u00e9ticos:<\/mark><\/strong> quando h\u00e1, por exemplo, fraturas irrevers\u00edveis ou perda de membros causadas pelo acidente.<\/li>\n<\/ul>\n\n\n\n<p><\/p>\n\n\n\n<p>Trabalhadores que contribuem para Instituto Nacional do Seguro Social (INSS) tamb\u00e9m podem solicitar benef\u00edcios previdenci\u00e1rios, no caso de acidentes.<\/p>\n\n\n\n<p>O INSS pode pagar, a depender da gravidade das les\u00f5es, aux\u00edlio-acidente, aux\u00edlio-doen\u00e7a, aposentadoria por invalidez ou pens\u00e3o por morte.<\/p>\n\n\n\n<h4 class=\"wp-block-heading\"><strong><mark style=\"background-color:rgba(0, 0, 0, 0)\" class=\"has-inline-color has-black-color\">O que dizem especialistas<\/mark><\/strong><\/h4>\n\n\n\n<p>A especialista em tr\u00e2nsito Adriana Modesto destaca a import\u00e2ncia do &#8220;SPVAT&#8221; para auxiliar motoristas vulner\u00e1veis que n\u00e3o tem condi\u00e7\u00f5es de recorrer a um hospital particular.<\/p>\n\n\n\n<h2 class=\"wp-block-heading has-text-align-center\"><strong><mark style=\"background-color:rgba(0, 0, 0, 0)\" class=\"has-inline-color has-vivid-red-color\">______________<\/mark><\/strong><\/h2>\n\n\n\n<blockquote class=\"wp-block-quote is-layout-flow wp-block-quote-is-layout-flow\">\n<p class=\"has-medium-font-size\"><strong><mark style=\"background-color:rgba(0, 0, 0, 0)\" class=\"has-inline-color has-black-color\">&#8220;Embora seja dif\u00edcil valorar uma vida, entendo que h\u00e1 necessidade da manuten\u00e7\u00e3o do seguro at\u00e9 como uma forma de custear os danos decorrentes dos sinistros. Mas os recursos advindos do seguro devem ser convertidos ao cuidado das v\u00edtimas e a\u00e7\u00f5es de promo\u00e7\u00e3o da sa\u00fade e preven\u00e7\u00e3o de novos sinistros&#8221;, afirma Adriana.<\/mark><\/strong><\/p>\n\n\n\n<h2 class=\"wp-block-heading has-text-align-center\"><strong><mark style=\"background-color:rgba(0, 0, 0, 0)\" class=\"has-inline-color has-vivid-red-color\">______________<\/mark><\/strong><\/h2>\n<\/blockquote>\n\n\n\n<p>Para o coordenador acad\u00eamico da Escola de Neg\u00f3cios e Seguros (ENS), Jos\u00e9 Varanda, a extin\u00e7\u00e3o do seguro pode vir a prejudicar motoristas de baixa renda de todo o pa\u00eds.<\/p>\n\n\n\n<h2 class=\"wp-block-heading has-text-align-center\"><strong><mark style=\"background-color:rgba(0, 0, 0, 0)\" class=\"has-inline-color has-vivid-red-color\">______________<\/mark><\/strong><\/h2>\n\n\n\n<blockquote class=\"wp-block-quote is-layout-flow wp-block-quote-is-layout-flow\">\n<p class=\"has-medium-font-size\"><strong><mark style=\"background-color:rgba(0, 0, 0, 0)\" class=\"has-inline-color has-black-color\">&#8220;Principalmente nos casos em que estes n\u00e3o tenham contratado um seguro privado adequado ou que n\u00e3o disponham de reservas financeiras suficientes para responder pelas consequ\u00eancias dos acidentes. Sem esse seguro, estes custos s\u00e3o transferidos para os envolvidos ou custeado pelo SUS, que j\u00e1 est\u00e1 superlotado e tem dificuldade de or\u00e7amento&#8221;, afirma o professor.<\/mark><\/strong><\/p>\n\n\n\n<h2 class=\"wp-block-heading has-text-align-center\"><strong><mark style=\"background-color:rgba(0, 0, 0, 0)\" class=\"has-inline-color has-vivid-red-color\">______________<\/mark><\/strong><\/h2>\n<\/blockquote>\n\n\n\n<p>&#8220;A solu\u00e7\u00e3o \u00e9 contratar o seguro de responsabilidade civil facultativa de ve\u00edculos ou de condutor, juntamente com os seguros de autom\u00f3veis. A maioria dos segurados de autom\u00f3veis j\u00e1 contrata um desses seguros. Somente recomenda-se que ampliem os valores das coberturas para danos corporais e contratem a cobertura para despesas m\u00e9dicas e hospitalares&#8221;, acrescenta o especialista.<\/p>\n","protected":false},"excerpt":{"rendered":"<p>No \u00faltimo dia de 2024, Lula sancionou lei que cancelou o retorno do seguro obrigat\u00f3rio. Sem as indeniza\u00e7\u00f5es do DPVAT, v\u00edtima pode acionar a justi\u00e7a para ter danos reparados Por Zaia Angelo, g1 \u2014 Bras\u00edlia O presidente Luiz In\u00e1cio Lula da Silva (PT) sancionou no \u00faltimo dia de 2024 a lei que cancelou o retorno [&hellip;]<\/p>\n","protected":false},"author":2,"featured_media":85274,"comment_status":"open","ping_status":"open","sticky":false,"template":"","format":"standard","meta":{"_acf_changed":false,"_monsterinsights_skip_tracking":false,"_monsterinsights_sitenote_active":false,"_monsterinsights_sitenote_note":"","_monsterinsights_sitenote_category":0,"_jetpack_memberships_contains_paid_content":false,"footnotes":"","jetpack_publicize_message":"","jetpack_publicize_feature_enabled":true,"jetpack_social_post_already_shared":true,"jetpack_social_options":{"image_generator_settings":{"template":"highway","default_image_id":0,"font":"","enabled":false},"version":2}},"categories":[1],"tags":[],"class_list":["post-85273","post","type-post","status-publish","format-standard","has-post-thumbnail","hentry","category-noticias"],"acf":[],"jetpack_publicize_connections":[],"jetpack_featured_media_url":"https:\/\/i0.wp.com\/blogdoeloiltoncajuhy.com.br\/site\/wp-content\/uploads\/2025\/01\/DPVAT-deixa-de-ser-cobrado-agora-em-2025-%E2%80%94-Foto_Governo-de-Rondonia.jpeg?fit=740%2C487&ssl=1","jetpack_sharing_enabled":true,"publishpress_future_workflow_manual_trigger":{"enabledWorkflows":[]},"_links":{"self":[{"href":"https:\/\/blogdoeloiltoncajuhy.com.br\/site\/wp-json\/wp\/v2\/posts\/85273","targetHints":{"allow":["GET"]}}],"collection":[{"href":"https:\/\/blogdoeloiltoncajuhy.com.br\/site\/wp-json\/wp\/v2\/posts"}],"about":[{"href":"https:\/\/blogdoeloiltoncajuhy.com.br\/site\/wp-json\/wp\/v2\/types\/post"}],"author":[{"embeddable":true,"href":"https:\/\/blogdoeloiltoncajuhy.com.br\/site\/wp-json\/wp\/v2\/users\/2"}],"replies":[{"embeddable":true,"href":"https:\/\/blogdoeloiltoncajuhy.com.br\/site\/wp-json\/wp\/v2\/comments?post=85273"}],"version-history":[{"count":2,"href":"https:\/\/blogdoeloiltoncajuhy.com.br\/site\/wp-json\/wp\/v2\/posts\/85273\/revisions"}],"predecessor-version":[{"id":85276,"href":"https:\/\/blogdoeloiltoncajuhy.com.br\/site\/wp-json\/wp\/v2\/posts\/85273\/revisions\/85276"}],"wp:featuredmedia":[{"embeddable":true,"href":"https:\/\/blogdoeloiltoncajuhy.com.br\/site\/wp-json\/wp\/v2\/media\/85274"}],"wp:attachment":[{"href":"https:\/\/blogdoeloiltoncajuhy.com.br\/site\/wp-json\/wp\/v2\/media?parent=85273"}],"wp:term":[{"taxonomy":"category","embeddable":true,"href":"https:\/\/blogdoeloiltoncajuhy.com.br\/site\/wp-json\/wp\/v2\/categories?post=85273"},{"taxonomy":"post_tag","embeddable":true,"href":"https:\/\/blogdoeloiltoncajuhy.com.br\/site\/wp-json\/wp\/v2\/tags?post=85273"}],"curies":[{"name":"wp","href":"https:\/\/api.w.org\/{rel}","templated":true}]}}