{"id":85270,"date":"2025-01-10T16:02:28","date_gmt":"2025-01-10T19:02:28","guid":{"rendered":"https:\/\/blogdoeloiltoncajuhy.com.br\/site\/?p=85270"},"modified":"2025-01-10T16:02:33","modified_gmt":"2025-01-10T19:02:33","slug":"matricula-da-rede-estadual-de-ensino-da-bahia-comeca-segunda-feira-saiba-como-fazer","status":"publish","type":"post","link":"https:\/\/blogdoeloiltoncajuhy.com.br\/site\/matricula-da-rede-estadual-de-ensino-da-bahia-comeca-segunda-feira-saiba-como-fazer\/","title":{"rendered":"Matr\u00edcula da rede estadual de ensino da Bahia come\u00e7a segunda-feira; saiba como fazer"},"content":{"rendered":"\n<p class=\"has-medium-font-size\"><strong>Processo segue at\u00e9 21 de janeiro e ser\u00e1 realizado de forma online, por qualquer aparelho eletr\u00f4nico<\/strong><\/p>\n\n\n\n<p><strong>Por g1 BA<\/strong><\/p>\n\n\n\n<figure class=\"wp-block-image aligncenter size-full\"><a href=\"https:\/\/i0.wp.com\/blogdoeloiltoncajuhy.com.br\/site\/wp-content\/uploads\/2025\/01\/Matricula-da-rede-estadual-da-Bahia-%E2%80%94-Foto_Joseane-Rodrigues.jpeg?ssl=1\"><img data-recalc-dims=\"1\" fetchpriority=\"high\" decoding=\"async\" width=\"740\" height=\"493\" src=\"https:\/\/i0.wp.com\/blogdoeloiltoncajuhy.com.br\/site\/wp-content\/uploads\/2025\/01\/Matricula-da-rede-estadual-da-Bahia-%E2%80%94-Foto_Joseane-Rodrigues.jpeg?resize=740%2C493&#038;ssl=1\" alt=\"\" class=\"wp-image-85271\" srcset=\"https:\/\/i0.wp.com\/blogdoeloiltoncajuhy.com.br\/site\/wp-content\/uploads\/2025\/01\/Matricula-da-rede-estadual-da-Bahia-%E2%80%94-Foto_Joseane-Rodrigues.jpeg?w=740&amp;ssl=1 740w, https:\/\/i0.wp.com\/blogdoeloiltoncajuhy.com.br\/site\/wp-content\/uploads\/2025\/01\/Matricula-da-rede-estadual-da-Bahia-%E2%80%94-Foto_Joseane-Rodrigues.jpeg?resize=300%2C200&amp;ssl=1 300w\" sizes=\"(max-width: 740px) 100vw, 740px\" \/><\/a><figcaption class=\"wp-element-caption\"><sub>Matr\u00edcula da rede estadual de ensino da Bahia come\u00e7a na segunda-feira (13) e segue at\u00e9 21 de janeiro \u2014 Foto: Joseane Rodrigues<\/sub><\/figcaption><\/figure>\n\n\n\n<p>A matr\u00edcula da rede estadual de ensino para o ano letivo de 2025 come\u00e7a na segunda-feira (13) e segue at\u00e9 21 de janeiro. O processo ser\u00e1 realizado de forma online, por qualquer aparelho eletr\u00f4nico.<\/p>\n\n\n\n<p>De acordo com a Secretaria de Educa\u00e7\u00e3o do Estado (SEC), o primeiro dia \u00e9 reservado exclusivamente para a solicita\u00e7\u00e3o de matr\u00edcula de Pessoas com Defici\u00eancia (PcD).<\/p>\n\n\n\n<p>Com o objetivo de agilizar o processo, a pasta orienta aos interessados que criem uma conta na plataforma ba.gov.br em nome do estudante e, no dia reservado para a sua matr\u00edcula, acesse o sistema para solicitar a vaga na escola, especificando a s\u00e9rie e o turno desejados.<\/p>\n\n\n\n<p>Os pais, respons\u00e1veis e estudantes devem ficar atentos \u00e0s datas do cronograma de matr\u00edcula, que est\u00e1 dividido por grupos. O segundo dia, ter\u00e7a-feira (14), ser\u00e1 dedicado para a transfer\u00eancia de estudantes matriculados em escola estadual e com frequ\u00eancia regular no ano letivo de 2024, mas que n\u00e3o renovou a matr\u00edcula ou pretende se transferir para outro col\u00e9gio estadual.<\/p>\n\n\n\n<ul class=\"wp-block-list\">\n<li><a href=\"https:\/\/whatsapp.com\/channel\/0029VaAT7tDLI8Yfj5y9Z50Z\"><strong><mark style=\"background-color:rgba(0, 0, 0, 0)\" class=\"has-inline-color has-vivid-red-color\">Siga nosso canal no WhatsApp e veja mais not\u00edcias<\/mark><\/strong><\/a><\/li>\n<\/ul>\n\n\n\n<p><\/p>\n\n\n\n<p>J\u00e1 nos dias 15 e 16, dever\u00e3o ser realizadas as solicita\u00e7\u00f5es de vagas para os alunos que conclu\u00edram o 5\u00ba ano do ensino fundamental em escola municipal e v\u00e3o se matricular no 6\u00ba ano em escola estadual ou conclu\u00edram o 9\u00ba ano do ensino fundamental em escola da rede municipal em 2024 e buscam vaga no 1\u00ba ano do ensino m\u00e9dio.<\/p>\n\n\n\n<p>O dia 17 de janeiro est\u00e1 reservado para a matr\u00edcula de estudantes de todas as rede de ensino em todas as ofertas do ensino fundamental. J\u00e1 nos dias 20 e 21 de janeiro ser\u00e1 a vez dos estudantes de todas as redes solicitarem vaga para o ensino m\u00e9dio.<\/p>\n\n\n\n<p>Ap\u00f3s solicitar a matr\u00edcula no portal ba.gov.br, a pessoa interessada ou seu respons\u00e1vel deve comparecer \u00e0 unidade escolar, em at\u00e9 cinco dias \u00fateis, para apresentar <strong><mark style=\"background-color:rgba(0, 0, 0, 0)\" class=\"has-inline-color has-black-color\">os seguintes documentos obrigat\u00f3rios:<\/mark><\/strong><\/p>\n\n\n\n<ul class=\"wp-block-list\">\n<li>Hist\u00f3rico escolar (original);<\/li>\n\n\n\n<li>RG ou Certid\u00e3o de Registro Civil;<\/li>\n\n\n\n<li>CPF;<\/li>\n\n\n\n<li>Comprovante de resid\u00eancia atualizado;<\/li>\n\n\n\n<li>Carteira de vacina\u00e7\u00e3o (para alunos at\u00e9 18 anos).<\/li>\n<\/ul>\n\n\n\n<p><\/p>\n\n\n\n<p>A SEC refor\u00e7a a import\u00e2ncia de cumprir os prazos e apresentar a documenta\u00e7\u00e3o completa para garantir a vaga na unidade escolar e turno desejados e, consequentemente, ter acesso aos programas sociais oferecidos pela rede.<\/p>\n\n\n\n<p><strong><mark style=\"background-color:rgba(0, 0, 0, 0)\" class=\"has-inline-color has-black-color\">Confira o cronograma abaixo:<\/mark><\/strong><\/p>\n\n\n\n<ul class=\"wp-block-list\">\n<li>13 de janeiro: matr\u00edcula para Pessoa com Defici\u00eancia &#8211; PcD<\/li>\n\n\n\n<li>14 de janeiro: transfer\u00eancia de estudantes da rede estadual<\/li>\n\n\n\n<li>15 e 16 de janeiro: matr\u00edcula de concluintes do 5\u00ba ou 9\u00ba ano do Ensino Fundamental em escola municipal para o 6\u00ba ano do Ensino Fundamental ou 1\u00ba ano do Ensino M\u00e9dio em escola estadual<\/li>\n\n\n\n<li>17 de janeiro: matr\u00edcula para estudantes de todas as rede de ensino em todas as ofertas do ensino fundamental<\/li>\n\n\n\n<li>20 e 21 de janeiro: matr\u00edcula para estudantes de todas as redes em todas as ofertas do ensino m\u00e9dio<\/li>\n<\/ul>\n","protected":false},"excerpt":{"rendered":"<p>Processo segue at\u00e9 21 de janeiro e ser\u00e1 realizado de forma online, por qualquer aparelho eletr\u00f4nico Por g1 BA A matr\u00edcula da rede estadual de ensino para o ano letivo de 2025 come\u00e7a na segunda-feira (13) e segue at\u00e9 21 de janeiro. O processo ser\u00e1 realizado de forma online, por qualquer aparelho eletr\u00f4nico. De acordo [&hellip;]<\/p>\n","protected":false},"author":2,"featured_media":85271,"comment_status":"open","ping_status":"open","sticky":false,"template":"","format":"standard","meta":{"_acf_changed":false,"_monsterinsights_skip_tracking":false,"_monsterinsights_sitenote_active":false,"_monsterinsights_sitenote_note":"","_monsterinsights_sitenote_category":0,"_jetpack_memberships_contains_paid_content":false,"footnotes":"","jetpack_publicize_message":"","jetpack_publicize_feature_enabled":true,"jetpack_social_post_already_shared":true,"jetpack_social_options":{"image_generator_settings":{"template":"highway","default_image_id":0,"font":"","enabled":false},"version":2}},"categories":[14],"tags":[],"class_list":["post-85270","post","type-post","status-publish","format-standard","has-post-thumbnail","hentry","category-educacao"],"acf":[],"jetpack_publicize_connections":[],"jetpack_featured_media_url":"https:\/\/i0.wp.com\/blogdoeloiltoncajuhy.com.br\/site\/wp-content\/uploads\/2025\/01\/Matricula-da-rede-estadual-da-Bahia-%E2%80%94-Foto_Joseane-Rodrigues.jpeg?fit=740%2C493&ssl=1","jetpack_sharing_enabled":true,"publishpress_future_workflow_manual_trigger":{"enabledWorkflows":[]},"_links":{"self":[{"href":"https:\/\/blogdoeloiltoncajuhy.com.br\/site\/wp-json\/wp\/v2\/posts\/85270","targetHints":{"allow":["GET"]}}],"collection":[{"href":"https:\/\/blogdoeloiltoncajuhy.com.br\/site\/wp-json\/wp\/v2\/posts"}],"about":[{"href":"https:\/\/blogdoeloiltoncajuhy.com.br\/site\/wp-json\/wp\/v2\/types\/post"}],"author":[{"embeddable":true,"href":"https:\/\/blogdoeloiltoncajuhy.com.br\/site\/wp-json\/wp\/v2\/users\/2"}],"replies":[{"embeddable":true,"href":"https:\/\/blogdoeloiltoncajuhy.com.br\/site\/wp-json\/wp\/v2\/comments?post=85270"}],"version-history":[{"count":1,"href":"https:\/\/blogdoeloiltoncajuhy.com.br\/site\/wp-json\/wp\/v2\/posts\/85270\/revisions"}],"predecessor-version":[{"id":85272,"href":"https:\/\/blogdoeloiltoncajuhy.com.br\/site\/wp-json\/wp\/v2\/posts\/85270\/revisions\/85272"}],"wp:featuredmedia":[{"embeddable":true,"href":"https:\/\/blogdoeloiltoncajuhy.com.br\/site\/wp-json\/wp\/v2\/media\/85271"}],"wp:attachment":[{"href":"https:\/\/blogdoeloiltoncajuhy.com.br\/site\/wp-json\/wp\/v2\/media?parent=85270"}],"wp:term":[{"taxonomy":"category","embeddable":true,"href":"https:\/\/blogdoeloiltoncajuhy.com.br\/site\/wp-json\/wp\/v2\/categories?post=85270"},{"taxonomy":"post_tag","embeddable":true,"href":"https:\/\/blogdoeloiltoncajuhy.com.br\/site\/wp-json\/wp\/v2\/tags?post=85270"}],"curies":[{"name":"wp","href":"https:\/\/api.w.org\/{rel}","templated":true}]}}