{"id":85267,"date":"2025-01-10T15:38:20","date_gmt":"2025-01-10T18:38:20","guid":{"rendered":"https:\/\/blogdoeloiltoncajuhy.com.br\/site\/?p=85267"},"modified":"2025-01-10T15:38:25","modified_gmt":"2025-01-10T18:38:25","slug":"corpo-de-jovem-de-14-anos-e-encontrado-degolado-e-sem-uma-das-maos-em-matagal-no-df","status":"publish","type":"post","link":"https:\/\/blogdoeloiltoncajuhy.com.br\/site\/corpo-de-jovem-de-14-anos-e-encontrado-degolado-e-sem-uma-das-maos-em-matagal-no-df\/","title":{"rendered":"Corpo de jovem de 14 anos \u00e9 encontrado degolado e sem uma das m\u00e3os em matagal no DF"},"content":{"rendered":"\n<p class=\"has-medium-font-size\"><strong>Pol\u00edcia investiga caso<\/strong><\/p>\n\n\n\n<p><strong>Por g1, g1 DF<\/strong><\/p>\n\n\n\n<figure class=\"wp-block-image aligncenter size-full is-resized\"><a href=\"https:\/\/i0.wp.com\/blogdoeloiltoncajuhy.com.br\/site\/wp-content\/uploads\/2025\/01\/DF_Samuel-Soares-Marques-encontrado-morto-%E2%80%94-Foto_Reproducao.png?ssl=1\"><img data-recalc-dims=\"1\" fetchpriority=\"high\" decoding=\"async\" width=\"401\" height=\"451\" src=\"https:\/\/i0.wp.com\/blogdoeloiltoncajuhy.com.br\/site\/wp-content\/uploads\/2025\/01\/DF_Samuel-Soares-Marques-encontrado-morto-%E2%80%94-Foto_Reproducao.png?resize=401%2C451&#038;ssl=1\" alt=\"\" class=\"wp-image-85268\" style=\"width:477px;height:auto\" srcset=\"https:\/\/i0.wp.com\/blogdoeloiltoncajuhy.com.br\/site\/wp-content\/uploads\/2025\/01\/DF_Samuel-Soares-Marques-encontrado-morto-%E2%80%94-Foto_Reproducao.png?w=401&amp;ssl=1 401w, https:\/\/i0.wp.com\/blogdoeloiltoncajuhy.com.br\/site\/wp-content\/uploads\/2025\/01\/DF_Samuel-Soares-Marques-encontrado-morto-%E2%80%94-Foto_Reproducao.png?resize=267%2C300&amp;ssl=1 267w\" sizes=\"(max-width: 401px) 100vw, 401px\" \/><\/a><figcaption class=\"wp-element-caption\"><sub>Samuel Soares Marques, de 14 anos, foi encontrado morto em Samambaia \u2014 Foto: Reprodu\u00e7\u00e3o<\/sub><\/figcaption><\/figure>\n\n\n\n<p>O corpo de <strong><mark style=\"background-color:rgba(0, 0, 0, 0)\" class=\"has-inline-color has-black-color\">Samuel Soares Marques<\/mark><\/strong>, de 14 anos, foi encontrado sem a cabe\u00e7a e sem uma das m\u00e3os em uma \u00e1rea de matagal em Samambaia, no Distrito Federal, na ter\u00e7a-feira (7).<\/p>\n\n\n\n<ul class=\"wp-block-list\">\n<li><a href=\"https:\/\/whatsapp.com\/channel\/0029VaAT7tDLI8Yfj5y9Z50Z\"><strong><mark style=\"background-color:rgba(0, 0, 0, 0)\" class=\"has-inline-color has-vivid-red-color\">Siga nosso canal no WhatsApp e veja mais not\u00edcias<\/mark><\/strong><\/a><\/li>\n<\/ul>\n\n\n\n<p><\/p>\n\n\n\n<p>Uma pessoa que passava pela regi\u00e3o viu o corpo e chamou a pol\u00edcia. O caso \u00e9 investigado pela 26\u00aa Delegacia de Pol\u00edcia, em Samambaia Norte.<\/p>\n\n\n\n<p>Segundo o boletim de ocorr\u00eancia registrado na delegacia, o corpo de Samuel estava em uma \u00e1rea de matagal pr\u00f3xima \u00e0 quadra 623, em Samambaia. Uma pessoa que passava pela regi\u00e3o o viu e chamou a pol\u00edcia.<\/p>\n\n\n\n<p>Ao chegarem no local, as equipes localizaram o cad\u00e1ver &#8220;degolado e sem a m\u00e3o esquerda&#8221;.<\/p>\n\n\n\n<p>De acordo com a Pol\u00edcia Civil (PCDF), uma testemunha disse que viu um carro chegar com quatro homens no local pouco antes do corpo ser encontrado.<\/p>\n","protected":false},"excerpt":{"rendered":"<p>Pol\u00edcia investiga caso Por g1, g1 DF O corpo de Samuel Soares Marques, de 14 anos, foi encontrado sem a cabe\u00e7a e sem uma das m\u00e3os em uma \u00e1rea de matagal em Samambaia, no Distrito Federal, na ter\u00e7a-feira (7). Uma pessoa que passava pela regi\u00e3o viu o corpo e chamou a pol\u00edcia. O caso \u00e9 [&hellip;]<\/p>\n","protected":false},"author":2,"featured_media":85268,"comment_status":"open","ping_status":"open","sticky":false,"template":"","format":"standard","meta":{"_acf_changed":false,"_monsterinsights_skip_tracking":false,"_monsterinsights_sitenote_active":false,"_monsterinsights_sitenote_note":"","_monsterinsights_sitenote_category":0,"_jetpack_memberships_contains_paid_content":false,"footnotes":"","jetpack_publicize_message":"","jetpack_publicize_feature_enabled":true,"jetpack_social_post_already_shared":true,"jetpack_social_options":{"image_generator_settings":{"template":"highway","default_image_id":0,"font":"","enabled":false},"version":2}},"categories":[15],"tags":[],"class_list":["post-85267","post","type-post","status-publish","format-standard","has-post-thumbnail","hentry","category-policia"],"acf":[],"jetpack_publicize_connections":[],"jetpack_featured_media_url":"https:\/\/i0.wp.com\/blogdoeloiltoncajuhy.com.br\/site\/wp-content\/uploads\/2025\/01\/DF_Samuel-Soares-Marques-encontrado-morto-%E2%80%94-Foto_Reproducao.png?fit=401%2C451&ssl=1","jetpack_sharing_enabled":true,"publishpress_future_workflow_manual_trigger":{"enabledWorkflows":[]},"_links":{"self":[{"href":"https:\/\/blogdoeloiltoncajuhy.com.br\/site\/wp-json\/wp\/v2\/posts\/85267","targetHints":{"allow":["GET"]}}],"collection":[{"href":"https:\/\/blogdoeloiltoncajuhy.com.br\/site\/wp-json\/wp\/v2\/posts"}],"about":[{"href":"https:\/\/blogdoeloiltoncajuhy.com.br\/site\/wp-json\/wp\/v2\/types\/post"}],"author":[{"embeddable":true,"href":"https:\/\/blogdoeloiltoncajuhy.com.br\/site\/wp-json\/wp\/v2\/users\/2"}],"replies":[{"embeddable":true,"href":"https:\/\/blogdoeloiltoncajuhy.com.br\/site\/wp-json\/wp\/v2\/comments?post=85267"}],"version-history":[{"count":1,"href":"https:\/\/blogdoeloiltoncajuhy.com.br\/site\/wp-json\/wp\/v2\/posts\/85267\/revisions"}],"predecessor-version":[{"id":85269,"href":"https:\/\/blogdoeloiltoncajuhy.com.br\/site\/wp-json\/wp\/v2\/posts\/85267\/revisions\/85269"}],"wp:featuredmedia":[{"embeddable":true,"href":"https:\/\/blogdoeloiltoncajuhy.com.br\/site\/wp-json\/wp\/v2\/media\/85268"}],"wp:attachment":[{"href":"https:\/\/blogdoeloiltoncajuhy.com.br\/site\/wp-json\/wp\/v2\/media?parent=85267"}],"wp:term":[{"taxonomy":"category","embeddable":true,"href":"https:\/\/blogdoeloiltoncajuhy.com.br\/site\/wp-json\/wp\/v2\/categories?post=85267"},{"taxonomy":"post_tag","embeddable":true,"href":"https:\/\/blogdoeloiltoncajuhy.com.br\/site\/wp-json\/wp\/v2\/tags?post=85267"}],"curies":[{"name":"wp","href":"https:\/\/api.w.org\/{rel}","templated":true}]}}