{"id":85264,"date":"2025-01-10T08:42:27","date_gmt":"2025-01-10T11:42:27","guid":{"rendered":"https:\/\/blogdoeloiltoncajuhy.com.br\/site\/?p=85264"},"modified":"2025-01-10T08:42:33","modified_gmt":"2025-01-10T11:42:33","slug":"haddad-afirma-que-lula-vetara-jabutis-que-poderiam-elevar-conta-de-luz","status":"publish","type":"post","link":"https:\/\/blogdoeloiltoncajuhy.com.br\/site\/haddad-afirma-que-lula-vetara-jabutis-que-poderiam-elevar-conta-de-luz\/","title":{"rendered":"Haddad afirma que Lula vetar\u00e1 jabutis que poderiam elevar conta de luz"},"content":{"rendered":"\n<p class=\"has-medium-font-size\"><strong>Pontos do PL da D\u00edvida dos Estados tamb\u00e9m ser\u00e3o vetados<\/strong><\/p>\n\n\n\n<p><strong>Welton M\u00e1ximo\/Ag\u00eancia Brasil<\/strong><\/p>\n\n\n\n<figure class=\"wp-block-image aligncenter size-full\"><a href=\"https:\/\/i0.wp.com\/blogdoeloiltoncajuhy.com.br\/site\/wp-content\/uploads\/2025\/01\/Haddad_Foto_Fabio-Rodrigues-Pozzebom-Agencia-Brasil.jpeg?ssl=1\"><img data-recalc-dims=\"1\" fetchpriority=\"high\" decoding=\"async\" width=\"750\" height=\"449\" src=\"https:\/\/i0.wp.com\/blogdoeloiltoncajuhy.com.br\/site\/wp-content\/uploads\/2025\/01\/Haddad_Foto_Fabio-Rodrigues-Pozzebom-Agencia-Brasil.jpeg?resize=750%2C449&#038;ssl=1\" alt=\"\" class=\"wp-image-85265\" srcset=\"https:\/\/i0.wp.com\/blogdoeloiltoncajuhy.com.br\/site\/wp-content\/uploads\/2025\/01\/Haddad_Foto_Fabio-Rodrigues-Pozzebom-Agencia-Brasil.jpeg?w=750&amp;ssl=1 750w, https:\/\/i0.wp.com\/blogdoeloiltoncajuhy.com.br\/site\/wp-content\/uploads\/2025\/01\/Haddad_Foto_Fabio-Rodrigues-Pozzebom-Agencia-Brasil.jpeg?resize=300%2C180&amp;ssl=1 300w\" sizes=\"(max-width: 750px) 100vw, 750px\" \/><\/a><figcaption class=\"wp-element-caption\"><sub>Foto: F\u00e1bio Rodrigues-Pozzebom\/Ag\u00eancia Brasil<\/sub><\/figcaption><\/figure>\n\n\n\n<p>Os \u201cjabutis\u201d inclu\u00eddos no Projeto de Lei das Usinas E\u00f3licas Offshore (em alto-mar) que encarecer\u00e3o a conta de luz ser\u00e3o vetados pelo presidente Luiz In\u00e1cio Lula da Silva, disse nesta quinta-feira (9) o ministro da Fazenda, Fernando Haddad. &#8220;Jabutis&#8221; s\u00e3o trechos inclu\u00eddos em projetos de lei mesmo sem ter rela\u00e7\u00e3o com o tema original.<\/p>\n\n\n\n<p>O texto aprovado pelo Senado no fim do ano passado tem at\u00e9 esta sexta-feira (10) para ser sancionado ou vetado.<\/p>\n\n\n\n<p>Segundo Haddad, a recomenda\u00e7\u00e3o foi un\u00e2nime entre os minist\u00e9rios envolvidos no projeto. \u201cTodos os minist\u00e9rios que se manifestaram foram un\u00e2nimes em rela\u00e7\u00e3o a isso [ao veto dos &#8220;jabutis&#8221;], inclusive porque h\u00e1 um grave preju\u00edzo \u00e0 economia popular. H\u00e1 um problema efetivo de que a conta de luz das pessoas mais pobres \u00e9 afetada por essa decis\u00e3o\u201d, disse o ministro antes de sair para reuni\u00e3o com o presidente Lula.<\/p>\n\n\n\n<p>Na vota\u00e7\u00e3o do marco regulat\u00f3rio para a energia e\u00f3lica, em dezembro, o Senado manteve tr\u00eas artigos inseridos pela C\u00e2mara dos Deputados que beneficiam termel\u00e9tricas a carv\u00e3o e a g\u00e1s natural, mais caras. Inclu\u00eddas no texto sob protesto de entidades ambientais e das pr\u00f3prias empresas de energia, as medidas elevam os custos da distribui\u00e7\u00e3o de energia em R$ 22 bilh\u00f5es por ano at\u00e9 2050. Isso corresponderia a um aumento de 9% da conta de luz, segundo as associa\u00e7\u00f5es do setor el\u00e9trico.<\/p>\n\n\n\n<h4 class=\"wp-block-heading\"><strong><mark style=\"background-color:rgba(0, 0, 0, 0)\" class=\"has-inline-color has-black-color\">Impacto prim\u00e1rio<\/mark><\/strong><\/h4>\n\n\n\n<p>Quanto ao projeto de lei da renegocia\u00e7\u00e3o da d\u00edvida dos estados, que deve ser sancionado ou vetado at\u00e9 o dia 13, Haddad disse que o presidente Lula deve vetar os pontos que afetem a meta de resultado prim\u00e1rio do governo \u2013 diferen\u00e7a entre receitas e despesas sem os juros da d\u00edvida p\u00fablica. Nesta manh\u00e3, o ministro encontrou-se com Lula para discutir o projeto de renegocia\u00e7\u00e3o das d\u00edvidas estaduais.<\/p>\n\n\n\n<p>\u201cO que estamos levando \u00e0 considera\u00e7\u00e3o do presidente [Lula] \u00e9 que tudo que tenha impacto prim\u00e1rio seja vetado. H\u00e1 alguns itens com impacto prim\u00e1rio. Tem tamb\u00e9m o impacto sobre as finan\u00e7as estaduais e federais\u201d, afirmou Haddad. O ministro reiterou que a aus\u00eancia de impacto sobre as contas p\u00fablicas foi condi\u00e7\u00e3o acertada com o Congresso para a aprova\u00e7\u00e3o do projeto.<\/p>\n\n\n\n<p>Haddad n\u00e3o quis antecipar os pontos que devem ser vetados. De acordo com o ministro, a decis\u00e3o caber\u00e1 a Lula. \u201cTudo que diminui encargos da d\u00edvida para a frente n\u00e3o tem impacto prim\u00e1rio. Tudo que afeta o estoque tem impacto prim\u00e1rio. Ent\u00e3o, tudo aquilo que tem impacto sobre o estoque, em virtude do modelo que o Congresso criou, a recomenda\u00e7\u00e3o \u00e9 de veto&#8221;, limitou-se a afirmar o ministro.<\/p>\n\n\n\n<p>De autoria do presidente do Senado, Rodrigo Pacheco (PSD-MG), a proposta cria um programa especial de socorro aos estados, com um parcelamento em at\u00e9 30 anos da d\u00edvida com juros mais baixos que os atuais. O governo sugeriu uma redu\u00e7\u00e3o especial dos juros da d\u00edvida aos estados que investissem mais em educa\u00e7\u00e3o, mas o Congresso flexibilizou a proposta.<\/p>\n\n\n\n<p>At\u00e9 31 de dezembro deste ano, os estados dever\u00e3o aderir \u00e0 renegocia\u00e7\u00e3o especial. Atualmente or\u00e7ada em R$ 765 bilh\u00f5es, a d\u00edvida dos estados com a Uni\u00e3o tem mais de 90% do valor concentrado em quatro estados: Rio de Janeiro, Minas Gerais, Rio Grande do Sul e Goi\u00e1s.<\/p>\n","protected":false},"excerpt":{"rendered":"<p>Pontos do PL da D\u00edvida dos Estados tamb\u00e9m ser\u00e3o vetados Welton M\u00e1ximo\/Ag\u00eancia Brasil Os \u201cjabutis\u201d inclu\u00eddos no Projeto de Lei das Usinas E\u00f3licas Offshore (em alto-mar) que encarecer\u00e3o a conta de luz ser\u00e3o vetados pelo presidente Luiz In\u00e1cio Lula da Silva, disse nesta quinta-feira (9) o ministro da Fazenda, Fernando Haddad. &#8220;Jabutis&#8221; s\u00e3o trechos inclu\u00eddos [&hellip;]<\/p>\n","protected":false},"author":2,"featured_media":85265,"comment_status":"open","ping_status":"open","sticky":false,"template":"","format":"standard","meta":{"_acf_changed":false,"_monsterinsights_skip_tracking":false,"_monsterinsights_sitenote_active":false,"_monsterinsights_sitenote_note":"","_monsterinsights_sitenote_category":0,"_jetpack_memberships_contains_paid_content":false,"footnotes":"","jetpack_publicize_message":"","jetpack_publicize_feature_enabled":true,"jetpack_social_post_already_shared":true,"jetpack_social_options":{"image_generator_settings":{"template":"highway","default_image_id":0,"font":"","enabled":false},"version":2}},"categories":[3],"tags":[],"class_list":["post-85264","post","type-post","status-publish","format-standard","has-post-thumbnail","hentry","category-politica"],"acf":[],"jetpack_publicize_connections":[],"jetpack_featured_media_url":"https:\/\/i0.wp.com\/blogdoeloiltoncajuhy.com.br\/site\/wp-content\/uploads\/2025\/01\/Haddad_Foto_Fabio-Rodrigues-Pozzebom-Agencia-Brasil.jpeg?fit=750%2C449&ssl=1","jetpack_sharing_enabled":true,"publishpress_future_workflow_manual_trigger":{"enabledWorkflows":[]},"_links":{"self":[{"href":"https:\/\/blogdoeloiltoncajuhy.com.br\/site\/wp-json\/wp\/v2\/posts\/85264","targetHints":{"allow":["GET"]}}],"collection":[{"href":"https:\/\/blogdoeloiltoncajuhy.com.br\/site\/wp-json\/wp\/v2\/posts"}],"about":[{"href":"https:\/\/blogdoeloiltoncajuhy.com.br\/site\/wp-json\/wp\/v2\/types\/post"}],"author":[{"embeddable":true,"href":"https:\/\/blogdoeloiltoncajuhy.com.br\/site\/wp-json\/wp\/v2\/users\/2"}],"replies":[{"embeddable":true,"href":"https:\/\/blogdoeloiltoncajuhy.com.br\/site\/wp-json\/wp\/v2\/comments?post=85264"}],"version-history":[{"count":1,"href":"https:\/\/blogdoeloiltoncajuhy.com.br\/site\/wp-json\/wp\/v2\/posts\/85264\/revisions"}],"predecessor-version":[{"id":85266,"href":"https:\/\/blogdoeloiltoncajuhy.com.br\/site\/wp-json\/wp\/v2\/posts\/85264\/revisions\/85266"}],"wp:featuredmedia":[{"embeddable":true,"href":"https:\/\/blogdoeloiltoncajuhy.com.br\/site\/wp-json\/wp\/v2\/media\/85265"}],"wp:attachment":[{"href":"https:\/\/blogdoeloiltoncajuhy.com.br\/site\/wp-json\/wp\/v2\/media?parent=85264"}],"wp:term":[{"taxonomy":"category","embeddable":true,"href":"https:\/\/blogdoeloiltoncajuhy.com.br\/site\/wp-json\/wp\/v2\/categories?post=85264"},{"taxonomy":"post_tag","embeddable":true,"href":"https:\/\/blogdoeloiltoncajuhy.com.br\/site\/wp-json\/wp\/v2\/tags?post=85264"}],"curies":[{"name":"wp","href":"https:\/\/api.w.org\/{rel}","templated":true}]}}