{"id":85262,"date":"2025-01-10T08:34:37","date_gmt":"2025-01-10T11:34:37","guid":{"rendered":"https:\/\/blogdoeloiltoncajuhy.com.br\/site\/?p=85262"},"modified":"2025-01-10T08:34:43","modified_gmt":"2025-01-10T11:34:43","slug":"exame-para-detectar-doenca-rara-em-recem-nascido-torna-se-obrigatorio","status":"publish","type":"post","link":"https:\/\/blogdoeloiltoncajuhy.com.br\/site\/exame-para-detectar-doenca-rara-em-recem-nascido-torna-se-obrigatorio\/","title":{"rendered":"Exame para detectar doen\u00e7a rara em rec\u00e9m-nascido torna-se obrigat\u00f3rio"},"content":{"rendered":"\n<p class=\"has-medium-font-size\"><strong>Teste dever\u00e1 ser feito nas redes p\u00fablica e privada de sa\u00fade<\/strong><\/p>\n\n\n\n<p><strong>Por Ag\u00eancia Brasil<\/strong><\/p>\n\n\n\n<figure class=\"wp-block-image aligncenter size-full is-resized\"><a href=\"https:\/\/i0.wp.com\/blogdoeloiltoncajuhy.com.br\/site\/wp-content\/uploads\/2023\/12\/Enfermagem-piso-salarial-Foto-Marcelo-Camargo-Agencia-Brasil.jpg\"><img data-recalc-dims=\"1\" fetchpriority=\"high\" decoding=\"async\" width=\"500\" height=\"320\" src=\"https:\/\/i0.wp.com\/blogdoeloiltoncajuhy.com.br\/site\/wp-content\/uploads\/2023\/12\/Enfermagem-piso-salarial-Foto-Marcelo-Camargo-Agencia-Brasil.jpg?resize=500%2C320\" alt=\"\" class=\"wp-image-78083\" style=\"width:659px;height:auto\" srcset=\"https:\/\/i0.wp.com\/blogdoeloiltoncajuhy.com.br\/site\/wp-content\/uploads\/2023\/12\/Enfermagem-piso-salarial-Foto-Marcelo-Camargo-Agencia-Brasil.jpg?w=500&amp;ssl=1 500w, https:\/\/i0.wp.com\/blogdoeloiltoncajuhy.com.br\/site\/wp-content\/uploads\/2023\/12\/Enfermagem-piso-salarial-Foto-Marcelo-Camargo-Agencia-Brasil.jpg?resize=300%2C192&amp;ssl=1 300w\" sizes=\"(max-width: 500px) 100vw, 500px\" \/><\/a><figcaption class=\"wp-element-caption\"><sub>Foto: Marcelo Camargo\/Ag\u00eancia Brasil<\/sub><\/figcaption><\/figure>\n\n\n\n<p>O exame cl\u00ednico para identificar malforma\u00e7\u00f5es dos dedos grandes dos p\u00e9s t\u00edpicos na Fibrodisplasia Ossificante Progressiva (FOP), em rec\u00e9m-nascidos, passa a ser obrigat\u00f3rio durante a triagem neonatal nas redes p\u00fablica e privada de sa\u00fade com cobertura do Sistema \u00danico de Sa\u00fade (SUS).<\/p>\n\n\n\n<p>\u00c9 o que estabelece a Lei n\u00ba 15.094, sancionada pelo presidente Luiz In\u00e1cio Lula da Silva nesta quinta-feira (9), em Bras\u00edlia. O texto havia sido aprovado pelo Senado Federal no fim de 2024.<\/p>\n\n\n\n<p>A FOP, tamb\u00e9m conhecida como Miosite Ossificante Progressiva, \u00e9 uma doen\u00e7a rara, de causa gen\u00e9tica, incur\u00e1vel e com incid\u00eancia em uma em cada dois milh\u00f5es de pessoas.<\/p>\n\n\n\n<ul class=\"wp-block-list\">\n<li><a href=\"https:\/\/whatsapp.com\/channel\/0029VaAT7tDLI8Yfj5y9Z50Z\"><strong><mark style=\"background-color:rgba(0, 0, 0, 0)\" class=\"has-inline-color has-vivid-red-color\">Siga nosso canal no WhatsApp e veja mais not\u00edcias<\/mark><\/strong><\/a><\/li>\n<\/ul>\n\n\n\n<p><\/p>\n\n\n\n<p>Atualmente, estima-se que cerca de quatro mil pessoas no mundo convivem com o problema. A condi\u00e7\u00e3o se caracteriza pela forma\u00e7\u00e3o de ossos em m\u00fasculos, tend\u00f5es, ligamentos e outros tecidos de forma progressiva, restringindo movimentos e podendo levar o paciente \u00e0 imobilidade permanente.<\/p>\n\n\n\n<h4 class=\"wp-block-heading\"><strong><mark style=\"background-color:rgba(0, 0, 0, 0)\" class=\"has-inline-color has-black-color\">Osssifica\u00e7\u00e3o<\/mark><\/strong><\/h4>\n\n\n\n<p>O processo de ossifica\u00e7\u00e3o geralmente \u00e9 percept\u00edvel na primeira inf\u00e2ncia (0 a 5 anos), afetando os movimentos de pesco\u00e7o, ombros e membros. Os pacientes podem ter dificuldade para respirar, abrir a boca e at\u00e9 para se alimentar.<\/p>\n\n\n\n<p>Pessoas com FOP nascem com o dedo maior do p\u00e9 (h\u00e1lux) malformado bilateralmente, sendo que aproximadamente 50% tamb\u00e9m t\u00eam polegares malformados. Esse \u00e9 um sinal importante para a doen\u00e7a e especialmente \u00fatil no exame do rec\u00e9m-nascido.<\/p>\n\n\n\n<p>Outros sinais cong\u00eanitos incluem m\u00e1 forma\u00e7\u00e3o da parte superior da coluna vertebral (v\u00e9rtebras cervicais) e um colo do f\u00eamur anormalmente curto e grosso. A FOP n\u00e3o tem cura, os cuidados multiprofissionais e alguns medicamentos s\u00e3o oferecidos de forma integral e gratuita pelo Sistema \u00danico de Sa\u00fade (SUS) e podem amenizar os sinais, sintomas e inflama\u00e7\u00f5es.<\/p>\n\n\n\n<p>Por ser doen\u00e7a rara, a assist\u00eancia especializada para as crian\u00e7as e adolescentes com diagn\u00f3stico de FOP \u00e9 realizada em hospitais-escola ou universit\u00e1rios, com tratamento terap\u00eautico ou reabilitador, conforme a necessidade de cada caso, incluindo os Centros Especializados em Reabilita\u00e7\u00e3o, presentes em todos os estados.<\/p>\n\n\n\n<p>O tratamento atual \u00e9 baseado no uso de corticoides e anti-inflamat\u00f3rios na fase aguda da doen\u00e7a, a fim de limitar o processo inflamat\u00f3rio.<\/p>\n","protected":false},"excerpt":{"rendered":"<p>Teste dever\u00e1 ser feito nas redes p\u00fablica e privada de sa\u00fade Por Ag\u00eancia Brasil O exame cl\u00ednico para identificar malforma\u00e7\u00f5es dos dedos grandes dos p\u00e9s t\u00edpicos na Fibrodisplasia Ossificante Progressiva (FOP), em rec\u00e9m-nascidos, passa a ser obrigat\u00f3rio durante a triagem neonatal nas redes p\u00fablica e privada de sa\u00fade com cobertura do Sistema \u00danico de Sa\u00fade [&hellip;]<\/p>\n","protected":false},"author":2,"featured_media":66496,"comment_status":"open","ping_status":"open","sticky":false,"template":"","format":"standard","meta":{"_acf_changed":false,"_monsterinsights_skip_tracking":false,"_monsterinsights_sitenote_active":false,"_monsterinsights_sitenote_note":"","_monsterinsights_sitenote_category":0,"_jetpack_memberships_contains_paid_content":false,"footnotes":"","jetpack_publicize_message":"","jetpack_publicize_feature_enabled":true,"jetpack_social_post_already_shared":true,"jetpack_social_options":{"image_generator_settings":{"template":"highway","default_image_id":0,"font":"","enabled":false},"version":2}},"categories":[7],"tags":[],"class_list":["post-85262","post","type-post","status-publish","format-standard","has-post-thumbnail","hentry","category-saude"],"acf":[],"jetpack_publicize_connections":[],"jetpack_featured_media_url":"https:\/\/i0.wp.com\/blogdoeloiltoncajuhy.com.br\/site\/wp-content\/uploads\/2022\/07\/Enfermagem-15072022.jpeg?fit=677%2C450&ssl=1","jetpack_sharing_enabled":true,"publishpress_future_workflow_manual_trigger":{"enabledWorkflows":[]},"_links":{"self":[{"href":"https:\/\/blogdoeloiltoncajuhy.com.br\/site\/wp-json\/wp\/v2\/posts\/85262","targetHints":{"allow":["GET"]}}],"collection":[{"href":"https:\/\/blogdoeloiltoncajuhy.com.br\/site\/wp-json\/wp\/v2\/posts"}],"about":[{"href":"https:\/\/blogdoeloiltoncajuhy.com.br\/site\/wp-json\/wp\/v2\/types\/post"}],"author":[{"embeddable":true,"href":"https:\/\/blogdoeloiltoncajuhy.com.br\/site\/wp-json\/wp\/v2\/users\/2"}],"replies":[{"embeddable":true,"href":"https:\/\/blogdoeloiltoncajuhy.com.br\/site\/wp-json\/wp\/v2\/comments?post=85262"}],"version-history":[{"count":1,"href":"https:\/\/blogdoeloiltoncajuhy.com.br\/site\/wp-json\/wp\/v2\/posts\/85262\/revisions"}],"predecessor-version":[{"id":85263,"href":"https:\/\/blogdoeloiltoncajuhy.com.br\/site\/wp-json\/wp\/v2\/posts\/85262\/revisions\/85263"}],"wp:featuredmedia":[{"embeddable":true,"href":"https:\/\/blogdoeloiltoncajuhy.com.br\/site\/wp-json\/wp\/v2\/media\/66496"}],"wp:attachment":[{"href":"https:\/\/blogdoeloiltoncajuhy.com.br\/site\/wp-json\/wp\/v2\/media?parent=85262"}],"wp:term":[{"taxonomy":"category","embeddable":true,"href":"https:\/\/blogdoeloiltoncajuhy.com.br\/site\/wp-json\/wp\/v2\/categories?post=85262"},{"taxonomy":"post_tag","embeddable":true,"href":"https:\/\/blogdoeloiltoncajuhy.com.br\/site\/wp-json\/wp\/v2\/tags?post=85262"}],"curies":[{"name":"wp","href":"https:\/\/api.w.org\/{rel}","templated":true}]}}