{"id":85259,"date":"2025-01-10T08:24:22","date_gmt":"2025-01-10T11:24:22","guid":{"rendered":"https:\/\/blogdoeloiltoncajuhy.com.br\/site\/?p=85259"},"modified":"2025-01-10T08:24:28","modified_gmt":"2025-01-10T11:24:28","slug":"agu-notifica-facebook-para-excluir-video-falso-de-haddad-em-24-horas","status":"publish","type":"post","link":"https:\/\/blogdoeloiltoncajuhy.com.br\/site\/agu-notifica-facebook-para-excluir-video-falso-de-haddad-em-24-horas\/","title":{"rendered":"AGU notifica Facebook para excluir v\u00eddeo falso de Haddad em 24 horas"},"content":{"rendered":"\n<p class=\"has-medium-font-size\"><strong>Ministro divulgou postagem para dizer que v\u00eddeo \u00e9 mentiroso<\/strong><\/p>\n\n\n\n<p><strong>Por Luiz Claudio Ferreira\/Ag\u00eancia Brasil<\/strong><\/p>\n\n\n\n<figure class=\"wp-block-image aligncenter size-full\"><a href=\"https:\/\/i0.wp.com\/blogdoeloiltoncajuhy.com.br\/site\/wp-content\/uploads\/2025\/01\/Fake-News_Foto_Wilson-Dias-Agencia-Brasil_2025-01-10.jpeg?ssl=1\"><img data-recalc-dims=\"1\" fetchpriority=\"high\" decoding=\"async\" width=\"750\" height=\"449\" src=\"https:\/\/i0.wp.com\/blogdoeloiltoncajuhy.com.br\/site\/wp-content\/uploads\/2025\/01\/Fake-News_Foto_Wilson-Dias-Agencia-Brasil_2025-01-10.jpeg?resize=750%2C449&#038;ssl=1\" alt=\"\" class=\"wp-image-85260\" srcset=\"https:\/\/i0.wp.com\/blogdoeloiltoncajuhy.com.br\/site\/wp-content\/uploads\/2025\/01\/Fake-News_Foto_Wilson-Dias-Agencia-Brasil_2025-01-10.jpeg?w=750&amp;ssl=1 750w, https:\/\/i0.wp.com\/blogdoeloiltoncajuhy.com.br\/site\/wp-content\/uploads\/2025\/01\/Fake-News_Foto_Wilson-Dias-Agencia-Brasil_2025-01-10.jpeg?resize=300%2C180&amp;ssl=1 300w\" sizes=\"(max-width: 750px) 100vw, 750px\" \/><\/a><figcaption class=\"wp-element-caption\"><sub>Foto: Wilson Dias\/Ag\u00eancia Brasil<\/sub><\/figcaption><\/figure>\n\n\n\n<p>Na semana em que o governo brasileiro criticou novas normas da Meta, sobre a pol\u00edtica de exclus\u00e3o de publica\u00e7\u00f5es, a Advocacia-Geral da Uni\u00e3o (AGU) enviou ao Facebook (rede social ligada \u00e0 empresa), nesta quinta (9), uma notifica\u00e7\u00e3o extrajudicial para que a plataforma remova, em 24 horas, um v\u00eddeo adulterado com uso de intelig\u00eancia artificial (IA).<\/p>\n\n\n\n<p>No material publicado, \u201co ministro da Fazenda, Fernando Haddad, aparece fazendo afirma\u00e7\u00f5es que jamais foram feitas\u201d, apontou a AGU.<\/p>\n\n\n\n<h2 class=\"wp-block-heading has-text-align-center\"><strong><mark style=\"background-color:rgba(0, 0, 0, 0)\" class=\"has-inline-color has-vivid-red-color\">______________<\/mark><\/strong><\/h2>\n\n\n\n<blockquote class=\"wp-block-quote is-layout-flow wp-block-quote-is-layout-flow\">\n<p class=\"has-medium-font-size\"><strong><mark style=\"background-color:rgba(0, 0, 0, 0)\" class=\"has-inline-color has-black-color\">A AGU argumenta que a postagem manipulada cont\u00e9m informa\u00e7\u00f5es fraudulentas e atribui ao ministro declara\u00e7\u00f5es inexistentes \u201csobre a cria\u00e7\u00e3o de um imposto incidente sobre animais de estima\u00e7\u00e3o e pr\u00e9-natal&#8221;, diz a notifica\u00e7\u00e3o.<\/mark><\/strong><\/p>\n\n\n\n<h2 class=\"wp-block-heading has-text-align-center\"><strong><mark style=\"background-color:rgba(0, 0, 0, 0)\" class=\"has-inline-color has-vivid-red-color\">______________<\/mark><\/strong><\/h2>\n<\/blockquote>\n\n\n\n<p>\u201cA an\u00e1lise do material evidencia a falsidade das informa\u00e7\u00f5es por meio de cortes bruscos, altera\u00e7\u00f5es percept\u00edveis na movimenta\u00e7\u00e3o labial e discrep\u00e2ncias no timbre de voz, t\u00edpicas de conte\u00fados forjados com o uso de intelig\u00eancia artificial generativa\u201d, aponta a AGU.<\/p>\n\n\n\n<p>Os advogados da Uni\u00e3o consideraram que o v\u00eddeo \u00e9 \u201cdesinformativo\u201d, j\u00e1 que apresentaria fatos n\u00e3o condizente com a realidade para \u201cconfundir o p\u00fablico sobre a posi\u00e7\u00e3o do Ministro da Fazenda acerca de assuntos de interesse p\u00fablico\u201d.<\/p>\n\n\n\n<ul class=\"wp-block-list\">\n<li><a href=\"https:\/\/whatsapp.com\/channel\/0029VaAT7tDLI8Yfj5y9Z50Z\"><strong><mark style=\"background-color:rgba(0, 0, 0, 0)\" class=\"has-inline-color has-vivid-red-color\">Siga nosso canal no WhatsApp e veja mais not\u00edcias<\/mark><\/strong><\/a><\/li>\n<\/ul>\n\n\n\n<p><\/p>\n\n\n\n<p>A AGU considera que o car\u00e1ter enganoso e fraudulento das postagens vai contra os pr\u00f3prios Termos de Uso do Facebook, que vedam a utiliza\u00e7\u00e3o da plataforma para finalidades ilegais. Os advogados defendem que, inclusive, os \u201cPadr\u00f5es da Comunidade da plataforma\u201d recomendam a remo\u00e7\u00e3o de \u201cconte\u00fado que possa contribuir diretamente na interfer\u00eancia do funcionamento de processos pol\u00edticos\u201d.<\/p>\n\n\n\n<p>Como op\u00e7\u00e3o, caso o pedido de remo\u00e7\u00e3o n\u00e3o seja aceito, a AGU quer que o v\u00eddeo seja tarjado para informar que foi gerado por intelig\u00eancia artificial e tem conte\u00fado alterado.<\/p>\n\n\n\n<h4 class=\"wp-block-heading\"><strong><mark style=\"background-color:rgba(0, 0, 0, 0)\" class=\"has-inline-color has-black-color\">Haddad<\/mark><\/strong><\/h4>\n\n\n\n<p>Em suas redes sociais, o ministro da Fazenda, Fernando Haddad, divulgou v\u00eddeo para desmentir que o governo ir\u00e1 taxar transa\u00e7\u00f5es pelo Pix ou quem tem animal de estima\u00e7\u00e3o e compra d\u00f3lar.<\/p>\n\n\n\n<h2 class=\"wp-block-heading has-text-align-center\"><strong><mark style=\"background-color:rgba(0, 0, 0, 0)\" class=\"has-inline-color has-vivid-red-color\">______________<\/mark><\/strong><\/h2>\n\n\n\n<blockquote class=\"wp-block-quote is-layout-flow wp-block-quote-is-layout-flow\">\n<p class=\"has-medium-font-size\"><strong><mark style=\"background-color:rgba(0, 0, 0, 0)\" class=\"has-inline-color has-black-color\">&#8220;Essas coisas s\u00e3o mentirosas, \u00e0s vezes, eles misturam com uma coisa que \u00e9 verdadeira para confundir a opini\u00e3o p\u00fablica&#8221;, disse.<\/mark><\/strong><\/p>\n\n\n\n<h2 class=\"wp-block-heading has-text-align-center\"><strong><mark style=\"background-color:rgba(0, 0, 0, 0)\" class=\"has-inline-color has-vivid-red-color\">______________<\/mark><\/strong><\/h2>\n<\/blockquote>\n\n\n\n<p>Segundo o ministro, a \u00fanica informa\u00e7\u00e3o verdadeira \u00e9 que as bets, casas de apostas virtuais, ter\u00e3o de pagar impostos como &#8220;qualquer outra empresa instalada no Brasil&#8221;.<\/p>\n\n\n\n<p>&#8220;\u00c9 importante voc\u00ea acompanhar e n\u00e3o entrar nesse tipo de conversa. Fake news prejudica a democracia e traz uma s\u00e9rie de inseguran\u00e7a nas pessoas&#8221;, acrescentou.<\/p>\n","protected":false},"excerpt":{"rendered":"<p>Ministro divulgou postagem para dizer que v\u00eddeo \u00e9 mentiroso Por Luiz Claudio Ferreira\/Ag\u00eancia Brasil Na semana em que o governo brasileiro criticou novas normas da Meta, sobre a pol\u00edtica de exclus\u00e3o de publica\u00e7\u00f5es, a Advocacia-Geral da Uni\u00e3o (AGU) enviou ao Facebook (rede social ligada \u00e0 empresa), nesta quinta (9), uma notifica\u00e7\u00e3o extrajudicial para que a [&hellip;]<\/p>\n","protected":false},"author":2,"featured_media":85260,"comment_status":"open","ping_status":"open","sticky":false,"template":"","format":"standard","meta":{"_acf_changed":false,"_monsterinsights_skip_tracking":false,"_monsterinsights_sitenote_active":false,"_monsterinsights_sitenote_note":"","_monsterinsights_sitenote_category":0,"_jetpack_memberships_contains_paid_content":false,"footnotes":"","jetpack_publicize_message":"","jetpack_publicize_feature_enabled":true,"jetpack_social_post_already_shared":true,"jetpack_social_options":{"image_generator_settings":{"template":"highway","default_image_id":0,"font":"","enabled":false},"version":2}},"categories":[3],"tags":[],"class_list":["post-85259","post","type-post","status-publish","format-standard","has-post-thumbnail","hentry","category-politica"],"acf":[],"jetpack_publicize_connections":[],"jetpack_featured_media_url":"https:\/\/i0.wp.com\/blogdoeloiltoncajuhy.com.br\/site\/wp-content\/uploads\/2025\/01\/Fake-News_Foto_Wilson-Dias-Agencia-Brasil_2025-01-10.jpeg?fit=750%2C449&ssl=1","jetpack_sharing_enabled":true,"publishpress_future_workflow_manual_trigger":{"enabledWorkflows":[]},"_links":{"self":[{"href":"https:\/\/blogdoeloiltoncajuhy.com.br\/site\/wp-json\/wp\/v2\/posts\/85259","targetHints":{"allow":["GET"]}}],"collection":[{"href":"https:\/\/blogdoeloiltoncajuhy.com.br\/site\/wp-json\/wp\/v2\/posts"}],"about":[{"href":"https:\/\/blogdoeloiltoncajuhy.com.br\/site\/wp-json\/wp\/v2\/types\/post"}],"author":[{"embeddable":true,"href":"https:\/\/blogdoeloiltoncajuhy.com.br\/site\/wp-json\/wp\/v2\/users\/2"}],"replies":[{"embeddable":true,"href":"https:\/\/blogdoeloiltoncajuhy.com.br\/site\/wp-json\/wp\/v2\/comments?post=85259"}],"version-history":[{"count":1,"href":"https:\/\/blogdoeloiltoncajuhy.com.br\/site\/wp-json\/wp\/v2\/posts\/85259\/revisions"}],"predecessor-version":[{"id":85261,"href":"https:\/\/blogdoeloiltoncajuhy.com.br\/site\/wp-json\/wp\/v2\/posts\/85259\/revisions\/85261"}],"wp:featuredmedia":[{"embeddable":true,"href":"https:\/\/blogdoeloiltoncajuhy.com.br\/site\/wp-json\/wp\/v2\/media\/85260"}],"wp:attachment":[{"href":"https:\/\/blogdoeloiltoncajuhy.com.br\/site\/wp-json\/wp\/v2\/media?parent=85259"}],"wp:term":[{"taxonomy":"category","embeddable":true,"href":"https:\/\/blogdoeloiltoncajuhy.com.br\/site\/wp-json\/wp\/v2\/categories?post=85259"},{"taxonomy":"post_tag","embeddable":true,"href":"https:\/\/blogdoeloiltoncajuhy.com.br\/site\/wp-json\/wp\/v2\/tags?post=85259"}],"curies":[{"name":"wp","href":"https:\/\/api.w.org\/{rel}","templated":true}]}}