{"id":85223,"date":"2025-01-08T15:32:05","date_gmt":"2025-01-08T18:32:05","guid":{"rendered":"https:\/\/blogdoeloiltoncajuhy.com.br\/site\/?p=85223"},"modified":"2025-01-08T15:32:10","modified_gmt":"2025-01-08T18:32:10","slug":"projeto-garante-auxilio-alimentacao-para-empregado-em-tratamento-de-doenca-grave","status":"publish","type":"post","link":"https:\/\/blogdoeloiltoncajuhy.com.br\/site\/projeto-garante-auxilio-alimentacao-para-empregado-em-tratamento-de-doenca-grave\/","title":{"rendered":"Projeto garante aux\u00edlio-alimenta\u00e7\u00e3o para empregado em tratamento de doen\u00e7a grave"},"content":{"rendered":"\n<p class=\"has-medium-font-size\"><strong>Proposta est\u00e1 em an\u00e1lise na C\u00e2mara dos Deputados<\/strong><\/p>\n\n\n\n<p><strong>Por Ag\u00eancia C\u00e2mara de Not\u00edcias<\/strong><\/p>\n\n\n\n<figure class=\"wp-block-image aligncenter size-full\"><a href=\"https:\/\/i0.wp.com\/blogdoeloiltoncajuhy.com.br\/site\/wp-content\/uploads\/2025\/01\/Auxilio-alimentacao_Reproducao-Poder-360.jpeg?ssl=1\"><img data-recalc-dims=\"1\" fetchpriority=\"high\" decoding=\"async\" width=\"750\" height=\"422\" src=\"https:\/\/i0.wp.com\/blogdoeloiltoncajuhy.com.br\/site\/wp-content\/uploads\/2025\/01\/Auxilio-alimentacao_Reproducao-Poder-360.jpeg?resize=750%2C422&#038;ssl=1\" alt=\"\" class=\"wp-image-85224\" srcset=\"https:\/\/i0.wp.com\/blogdoeloiltoncajuhy.com.br\/site\/wp-content\/uploads\/2025\/01\/Auxilio-alimentacao_Reproducao-Poder-360.jpeg?w=750&amp;ssl=1 750w, https:\/\/i0.wp.com\/blogdoeloiltoncajuhy.com.br\/site\/wp-content\/uploads\/2025\/01\/Auxilio-alimentacao_Reproducao-Poder-360.jpeg?resize=300%2C169&amp;ssl=1 300w\" sizes=\"(max-width: 750px) 100vw, 750px\" \/><\/a><figcaption class=\"wp-element-caption\"><sub>Reprodu\u00e7\u00e3o \/ Poder 360<\/sub><\/figcaption><\/figure>\n\n\n\n<ul class=\"wp-block-list\">\n<li><a href=\"https:\/\/whatsapp.com\/channel\/0029VaAT7tDLI8Yfj5y9Z50Z\"><strong><mark style=\"background-color:rgba(0, 0, 0, 0)\" class=\"has-inline-color has-vivid-red-color\">Siga nosso canal no WhatsApp e veja mais not\u00edcias<\/mark><\/strong><\/a><\/li>\n<\/ul>\n\n\n\n<p><\/p>\n\n\n\n<p>O Projeto de Lei 3253\/24 assegura que empregados em licen\u00e7a m\u00e9dica em decorr\u00eancia de doen\u00e7as graves continuem recebendo aux\u00edlio-alimenta\u00e7\u00e3o. A proposta est\u00e1 em an\u00e1lise na C\u00e2mara dos Deputados.<\/p>\n\n\n\n<p>Os autores da proposta, deputados Amom Mandel (Cidadania-AM) e Duda Ramos (MDB-RR), pretendem evitar que trabalhadores retomem suas atividades sem estar plenamente recuperados em raz\u00e3o de uma poss\u00edvel perda do benef\u00edcio.<\/p>\n\n\n\n<p>O texto altera a Consolida\u00e7\u00e3o das Leis do Trabalho (CLT) e a Lei de Benef\u00edcios da Previd\u00eancia Social para incluir expressamente a manuten\u00e7\u00e3o do aux\u00edlio-alimenta\u00e7\u00e3o nos casos de licen\u00e7a m\u00e9dica por doen\u00e7a grave.<\/p>\n\n\n\n<p>\u201cEmbora a CLT contemple diversos direitos para empregados em licen\u00e7a m\u00e9dica, a manuten\u00e7\u00e3o do benef\u00edcio de alimenta\u00e7\u00e3o n\u00e3o est\u00e1 explicitamente garantida\u201d, afirma Amom Mandel. \u201cO benef\u00edcio de alimenta\u00e7\u00e3o \u00e9 essencial para a subsist\u00eancia de muitos empregados, particularmente os que est\u00e3o em tratamento de doen\u00e7as graves. Durante esse tempo, os gastos com sa\u00fade e medicamentos aumentam, tornando ainda mais importante a continuidade do aux\u00edlio\u201d, continua.<\/p>\n\n\n\n<p>Ainda segundo o parlamentar, a alimenta\u00e7\u00e3o adequada \u00e9 parte importante do processo de recupera\u00e7\u00e3o. Ele observa tamb\u00e9m que empregados que regressam ao trabalho sem estarem plenamente recuperados podem disseminar doen\u00e7as, especialmente em ambientes que exigem contato pr\u00f3ximo com outras pessoas.<\/p>\n\n\n\n<p><strong><mark style=\"background-color:rgba(0, 0, 0, 0)\" class=\"has-inline-color has-black-color\">Tramita\u00e7\u00e3o<\/mark><\/strong><br>O projeto tramita em car\u00e1ter conclusivo e ser\u00e1 analisado pelas comiss\u00f5es de Trabalho; e de Constitui\u00e7\u00e3o e Justi\u00e7a e de Cidadania. Para virar lei, a medida precisa ser aprovada pela C\u00e2mara dos Deputados e pelo Senado Federal.<\/p>\n","protected":false},"excerpt":{"rendered":"<p>Proposta est\u00e1 em an\u00e1lise na C\u00e2mara dos Deputados Por Ag\u00eancia C\u00e2mara de Not\u00edcias O Projeto de Lei 3253\/24 assegura que empregados em licen\u00e7a m\u00e9dica em decorr\u00eancia de doen\u00e7as graves continuem recebendo aux\u00edlio-alimenta\u00e7\u00e3o. A proposta est\u00e1 em an\u00e1lise na C\u00e2mara dos Deputados. Os autores da proposta, deputados Amom Mandel (Cidadania-AM) e Duda Ramos (MDB-RR), pretendem evitar [&hellip;]<\/p>\n","protected":false},"author":2,"featured_media":85224,"comment_status":"open","ping_status":"open","sticky":false,"template":"","format":"standard","meta":{"_acf_changed":false,"_monsterinsights_skip_tracking":false,"_monsterinsights_sitenote_active":false,"_monsterinsights_sitenote_note":"","_monsterinsights_sitenote_category":0,"_jetpack_memberships_contains_paid_content":false,"footnotes":"","jetpack_publicize_message":"","jetpack_publicize_feature_enabled":true,"jetpack_social_post_already_shared":true,"jetpack_social_options":{"image_generator_settings":{"template":"highway","default_image_id":0,"font":"","enabled":false},"version":2}},"categories":[3],"tags":[],"class_list":["post-85223","post","type-post","status-publish","format-standard","has-post-thumbnail","hentry","category-politica"],"acf":[],"jetpack_publicize_connections":[],"jetpack_featured_media_url":"https:\/\/i0.wp.com\/blogdoeloiltoncajuhy.com.br\/site\/wp-content\/uploads\/2025\/01\/Auxilio-alimentacao_Reproducao-Poder-360.jpeg?fit=750%2C422&ssl=1","jetpack_sharing_enabled":true,"publishpress_future_workflow_manual_trigger":{"enabledWorkflows":[]},"_links":{"self":[{"href":"https:\/\/blogdoeloiltoncajuhy.com.br\/site\/wp-json\/wp\/v2\/posts\/85223","targetHints":{"allow":["GET"]}}],"collection":[{"href":"https:\/\/blogdoeloiltoncajuhy.com.br\/site\/wp-json\/wp\/v2\/posts"}],"about":[{"href":"https:\/\/blogdoeloiltoncajuhy.com.br\/site\/wp-json\/wp\/v2\/types\/post"}],"author":[{"embeddable":true,"href":"https:\/\/blogdoeloiltoncajuhy.com.br\/site\/wp-json\/wp\/v2\/users\/2"}],"replies":[{"embeddable":true,"href":"https:\/\/blogdoeloiltoncajuhy.com.br\/site\/wp-json\/wp\/v2\/comments?post=85223"}],"version-history":[{"count":1,"href":"https:\/\/blogdoeloiltoncajuhy.com.br\/site\/wp-json\/wp\/v2\/posts\/85223\/revisions"}],"predecessor-version":[{"id":85225,"href":"https:\/\/blogdoeloiltoncajuhy.com.br\/site\/wp-json\/wp\/v2\/posts\/85223\/revisions\/85225"}],"wp:featuredmedia":[{"embeddable":true,"href":"https:\/\/blogdoeloiltoncajuhy.com.br\/site\/wp-json\/wp\/v2\/media\/85224"}],"wp:attachment":[{"href":"https:\/\/blogdoeloiltoncajuhy.com.br\/site\/wp-json\/wp\/v2\/media?parent=85223"}],"wp:term":[{"taxonomy":"category","embeddable":true,"href":"https:\/\/blogdoeloiltoncajuhy.com.br\/site\/wp-json\/wp\/v2\/categories?post=85223"},{"taxonomy":"post_tag","embeddable":true,"href":"https:\/\/blogdoeloiltoncajuhy.com.br\/site\/wp-json\/wp\/v2\/tags?post=85223"}],"curies":[{"name":"wp","href":"https:\/\/api.w.org\/{rel}","templated":true}]}}