{"id":85221,"date":"2025-01-08T15:11:06","date_gmt":"2025-01-08T18:11:06","guid":{"rendered":"https:\/\/blogdoeloiltoncajuhy.com.br\/site\/?p=85221"},"modified":"2025-01-08T15:11:12","modified_gmt":"2025-01-08T18:11:12","slug":"cnh-prazo-para-fazer-a-prova-pratica-e-prorrogado-em-90-dias","status":"publish","type":"post","link":"https:\/\/blogdoeloiltoncajuhy.com.br\/site\/cnh-prazo-para-fazer-a-prova-pratica-e-prorrogado-em-90-dias\/","title":{"rendered":"CNH: prazo para fazer a prova pr\u00e1tica \u00e9 prorrogado em 90 dias"},"content":{"rendered":"\n<p class=\"has-medium-font-size\"><strong>Vale destacar que a medida \u00e9 v\u00e1lida para quem j\u00e1 emitiu o certificado de conclus\u00e3o das aulas pr\u00e1ticas at\u00e9 31 de dezembro do ano passado<\/strong><\/p>\n\n\n\n<p><strong>Por Brasil 61<\/strong><\/p>\n\n\n\n<figure class=\"wp-block-image aligncenter size-full\"><a href=\"https:\/\/i0.wp.com\/blogdoeloiltoncajuhy.com.br\/site\/wp-content\/uploads\/2017\/08\/cnh-e1502922430703.jpg\"><img data-recalc-dims=\"1\" fetchpriority=\"high\" decoding=\"async\" width=\"646\" height=\"485\" src=\"https:\/\/i0.wp.com\/blogdoeloiltoncajuhy.com.br\/site\/wp-content\/uploads\/2017\/08\/cnh-e1502922430703.jpg?resize=646%2C485\" alt=\"\" class=\"wp-image-19547\"\/><\/a><figcaption class=\"wp-element-caption\"><sub>Reprodu\u00e7\u00e3o<\/sub><\/figcaption><\/figure>\n\n\n\n<p>Os brasileiros que est\u00e3o na fila para fazer a prova pr\u00e1tica que d\u00e1 direito \u00e0 Carteira Nacional de Habilita\u00e7\u00e3o (CNM) contam com um novo prazo para a conclus\u00e3o desse processo. Isso porque a Justi\u00e7a Federal estendeu o per\u00edodo em 90 dias.<\/p>\n\n\n\n<p>A determina\u00e7\u00e3o foi estabelecida ap\u00f3s o ingresso de uma a\u00e7\u00e3o judicial por parte da Associa\u00e7\u00e3o das Autoescolas do Estado de S\u00e3o Paulo (AAESP). De acordo com a entidade, mais de 90 mil pessoas ainda se encontram nessa situa\u00e7\u00e3o no pa\u00eds. Os estados de Goi\u00e1s e de Minas Gerais respondem pela maior demanda.<\/p>\n\n\n\n<p>Com isso, os candidatos que deram in\u00edcio ao processo para retirada da CNH a partir de 20 de mar\u00e7o de 2019, t\u00eam at\u00e9 o dia 31 do mesmo m\u00eas de 2025 para concluir o processo. \u00c9 importante destacar que a medida \u00e9 v\u00e1lida para quem j\u00e1 emitiu o certificado de conclus\u00e3o das aulas pr\u00e1ticas at\u00e9 31 de dezembro do ano passado.<\/p>\n\n\n\n<ul class=\"wp-block-list\">\n<li><a href=\"https:\/\/whatsapp.com\/channel\/0029VaAT7tDLI8Yfj5y9Z50Z\"><strong><mark style=\"background-color:rgba(0, 0, 0, 0)\" class=\"has-inline-color has-vivid-red-color\">Siga nosso canal no WhatsApp e veja mais not\u00edcias<\/mark><\/strong><\/a><\/li>\n<\/ul>\n\n\n\n<p><\/p>\n\n\n\n<p>A Secretaria Nacional de Tr\u00e2nsito (Senatran) informou que foram feitos ajustes no Registro Nacional de Condutores Habilitados (Renach) para permitir que os Detrans consigam inserir as transa\u00e7\u00f5es relacionadas \u00e0 finaliza\u00e7\u00e3o do processo de forma\u00e7\u00e3o do condutor at\u00e9 a data estabelecida pela determina\u00e7\u00e3o judicial. Segundo a Secretaria, os Detrans foram informados da decis\u00e3o no \u00faltimo dia 27 de dezembro.<\/p>\n","protected":false},"excerpt":{"rendered":"<p>Vale destacar que a medida \u00e9 v\u00e1lida para quem j\u00e1 emitiu o certificado de conclus\u00e3o das aulas pr\u00e1ticas at\u00e9 31 de dezembro do ano passado Por Brasil 61 Os brasileiros que est\u00e3o na fila para fazer a prova pr\u00e1tica que d\u00e1 direito \u00e0 Carteira Nacional de Habilita\u00e7\u00e3o (CNM) contam com um novo prazo para a [&hellip;]<\/p>\n","protected":false},"author":2,"featured_media":26256,"comment_status":"open","ping_status":"open","sticky":false,"template":"","format":"standard","meta":{"_acf_changed":false,"_monsterinsights_skip_tracking":false,"_monsterinsights_sitenote_active":false,"_monsterinsights_sitenote_note":"","_monsterinsights_sitenote_category":0,"_jetpack_memberships_contains_paid_content":false,"footnotes":"","jetpack_publicize_message":"","jetpack_publicize_feature_enabled":true,"jetpack_social_post_already_shared":true,"jetpack_social_options":{"image_generator_settings":{"template":"highway","default_image_id":0,"font":"","enabled":false},"version":2}},"categories":[5],"tags":[],"class_list":["post-85221","post","type-post","status-publish","format-standard","has-post-thumbnail","hentry","category-cotidiano"],"acf":[],"jetpack_publicize_connections":[],"jetpack_featured_media_url":"https:\/\/i0.wp.com\/blogdoeloiltoncajuhy.com.br\/site\/wp-content\/uploads\/2018\/06\/CNH_digital_Detran-BA.jpg?fit=600%2C400&ssl=1","jetpack_sharing_enabled":true,"publishpress_future_workflow_manual_trigger":{"enabledWorkflows":[]},"_links":{"self":[{"href":"https:\/\/blogdoeloiltoncajuhy.com.br\/site\/wp-json\/wp\/v2\/posts\/85221","targetHints":{"allow":["GET"]}}],"collection":[{"href":"https:\/\/blogdoeloiltoncajuhy.com.br\/site\/wp-json\/wp\/v2\/posts"}],"about":[{"href":"https:\/\/blogdoeloiltoncajuhy.com.br\/site\/wp-json\/wp\/v2\/types\/post"}],"author":[{"embeddable":true,"href":"https:\/\/blogdoeloiltoncajuhy.com.br\/site\/wp-json\/wp\/v2\/users\/2"}],"replies":[{"embeddable":true,"href":"https:\/\/blogdoeloiltoncajuhy.com.br\/site\/wp-json\/wp\/v2\/comments?post=85221"}],"version-history":[{"count":1,"href":"https:\/\/blogdoeloiltoncajuhy.com.br\/site\/wp-json\/wp\/v2\/posts\/85221\/revisions"}],"predecessor-version":[{"id":85222,"href":"https:\/\/blogdoeloiltoncajuhy.com.br\/site\/wp-json\/wp\/v2\/posts\/85221\/revisions\/85222"}],"wp:featuredmedia":[{"embeddable":true,"href":"https:\/\/blogdoeloiltoncajuhy.com.br\/site\/wp-json\/wp\/v2\/media\/26256"}],"wp:attachment":[{"href":"https:\/\/blogdoeloiltoncajuhy.com.br\/site\/wp-json\/wp\/v2\/media?parent=85221"}],"wp:term":[{"taxonomy":"category","embeddable":true,"href":"https:\/\/blogdoeloiltoncajuhy.com.br\/site\/wp-json\/wp\/v2\/categories?post=85221"},{"taxonomy":"post_tag","embeddable":true,"href":"https:\/\/blogdoeloiltoncajuhy.com.br\/site\/wp-json\/wp\/v2\/tags?post=85221"}],"curies":[{"name":"wp","href":"https:\/\/api.w.org\/{rel}","templated":true}]}}