{"id":85217,"date":"2025-01-08T14:53:31","date_gmt":"2025-01-08T17:53:31","guid":{"rendered":"https:\/\/blogdoeloiltoncajuhy.com.br\/site\/?p=85217"},"modified":"2025-01-08T14:53:37","modified_gmt":"2025-01-08T17:53:37","slug":"corpo-de-carlos-pitta-e-cremado-em-salvador-ao-som-de-cometa-mambembe","status":"publish","type":"post","link":"https:\/\/blogdoeloiltoncajuhy.com.br\/site\/corpo-de-carlos-pitta-e-cremado-em-salvador-ao-som-de-cometa-mambembe\/","title":{"rendered":"Corpo de Carlos Pitta \u00e9 cremado em Salvador ao som de &#8216;Cometa Mambembe&#8217;"},"content":{"rendered":"\n<p class=\"has-medium-font-size\"><strong>M\u00fasico que descobriu talento de Ivete Sangalo foi cremado nesta quarta-feira (8), no Cemit\u00e9rio Bosque da Paz. Artista estava internado e n\u00e3o resistiu \u00e0s complica\u00e7\u00f5es do diabetes<\/strong><\/p>\n\n\n\n<p><strong>Por g1 Feira de Santana e regi\u00e3o<\/strong><\/p>\n\n\n\n<figure class=\"wp-block-image aligncenter size-full\"><a href=\"https:\/\/i0.wp.com\/blogdoeloiltoncajuhy.com.br\/site\/wp-content\/uploads\/2025\/01\/Com-homenagens-e-musica-corpo-de-Carlos-Pitta-e-cremado-em-Salvador-%E2%80%94-Foto_TV-Bahia.jpeg?ssl=1\"><img data-recalc-dims=\"1\" fetchpriority=\"high\" decoding=\"async\" width=\"800\" height=\"393\" src=\"https:\/\/i0.wp.com\/blogdoeloiltoncajuhy.com.br\/site\/wp-content\/uploads\/2025\/01\/Com-homenagens-e-musica-corpo-de-Carlos-Pitta-e-cremado-em-Salvador-%E2%80%94-Foto_TV-Bahia.jpeg?resize=800%2C393&#038;ssl=1\" alt=\"\" class=\"wp-image-85218\" srcset=\"https:\/\/i0.wp.com\/blogdoeloiltoncajuhy.com.br\/site\/wp-content\/uploads\/2025\/01\/Com-homenagens-e-musica-corpo-de-Carlos-Pitta-e-cremado-em-Salvador-%E2%80%94-Foto_TV-Bahia.jpeg?w=984&amp;ssl=1 984w, https:\/\/i0.wp.com\/blogdoeloiltoncajuhy.com.br\/site\/wp-content\/uploads\/2025\/01\/Com-homenagens-e-musica-corpo-de-Carlos-Pitta-e-cremado-em-Salvador-%E2%80%94-Foto_TV-Bahia.jpeg?resize=300%2C147&amp;ssl=1 300w, https:\/\/i0.wp.com\/blogdoeloiltoncajuhy.com.br\/site\/wp-content\/uploads\/2025\/01\/Com-homenagens-e-musica-corpo-de-Carlos-Pitta-e-cremado-em-Salvador-%E2%80%94-Foto_TV-Bahia.jpeg?resize=768%2C377&amp;ssl=1 768w\" sizes=\"(max-width: 800px) 100vw, 800px\" \/><\/a><figcaption class=\"wp-element-caption\"><sub>Com homenagens e m\u00fasica, corpo de Carlos Pitta \u00e9 cremado em Salvador \u2014 Foto: TV Bahia<\/sub><\/figcaption><\/figure>\n\n\n\n<p>O corpo de Carlos Pitta, cantor e compositor baiano que morreu na ter\u00e7a-feira (7), foi cremado nesta quarta-feira (8), no Cemit\u00e9rio Bosque da Paz, em Salvador. O artista estava internado no Hospital Roberto Santos, em Salvador, e n\u00e3o resistiu \u00e0s complica\u00e7\u00f5es do diabetes.<\/p>\n\n\n\n<p>Amigos e familiares prestaram homenagens e cantaram m\u00fasicas durante a cerim\u00f4nia, como <em>&#8220;Cometa Mambembe&#8221;<\/em>, composta por ele e conhecida na voz do cantor pernambucano Alcymar Monteiro.<\/p>\n\n\n\n<p>Em entrevista \u00e0 TV Bahia, o forrozeiro Del Feliz disse que Carlos Pitta era uma refer\u00eancia para muitas pessoas.<\/p>\n\n\n\n<h2 class=\"wp-block-heading has-text-align-center\"><strong><mark style=\"background-color:rgba(0, 0, 0, 0)\" class=\"has-inline-color has-vivid-red-color\">__________________<\/mark><\/strong><\/h2>\n\n\n\n<blockquote class=\"wp-block-quote is-layout-flow wp-block-quote-is-layout-flow\">\n<p class=\"has-medium-font-size\"><strong><mark style=\"background-color:rgba(0, 0, 0, 0)\" class=\"has-inline-color has-black-color\">&#8220;Ele foi um dos percussores desse movimento do Ax\u00e9 e do forr\u00f3 na Bahia. Foi respons\u00e1vel por uma can\u00e7\u00e3o que \u00e9 hino [Cometa Mambembe] tanto no carnaval, quanto no S\u00e3o Jo\u00e3o, e uma das mais tocadas dos \u00faltimos tempos. Ele era um m\u00fasico e artista completa. Eu perco um parceiro e um amigo, porque, quem conviveu com ele sabe que perdemos um grande ser humano&#8221;, disse o artista.<\/mark><\/strong><\/p>\n\n\n\n<h2 class=\"wp-block-heading has-text-align-center\"><strong><mark style=\"background-color:rgba(0, 0, 0, 0)\" class=\"has-inline-color has-vivid-red-color\">__________________<\/mark><\/strong><\/h2>\n<\/blockquote>\n\n\n\n<figure class=\"wp-block-image aligncenter size-full\"><a href=\"https:\/\/i0.wp.com\/blogdoeloiltoncajuhy.com.br\/site\/wp-content\/uploads\/2025\/01\/Carlos-Pitta-%E2%80%94-Foto_Prefeitura-de-Feira-de-Santana.jpeg?ssl=1\"><img data-recalc-dims=\"1\" decoding=\"async\" width=\"760\" height=\"506\" src=\"https:\/\/i0.wp.com\/blogdoeloiltoncajuhy.com.br\/site\/wp-content\/uploads\/2025\/01\/Carlos-Pitta-%E2%80%94-Foto_Prefeitura-de-Feira-de-Santana.jpeg?resize=760%2C506&#038;ssl=1\" alt=\"\" class=\"wp-image-85219\" srcset=\"https:\/\/i0.wp.com\/blogdoeloiltoncajuhy.com.br\/site\/wp-content\/uploads\/2025\/01\/Carlos-Pitta-%E2%80%94-Foto_Prefeitura-de-Feira-de-Santana.jpeg?w=760&amp;ssl=1 760w, https:\/\/i0.wp.com\/blogdoeloiltoncajuhy.com.br\/site\/wp-content\/uploads\/2025\/01\/Carlos-Pitta-%E2%80%94-Foto_Prefeitura-de-Feira-de-Santana.jpeg?resize=300%2C200&amp;ssl=1 300w\" sizes=\"(max-width: 760px) 100vw, 760px\" \/><\/a><figcaption class=\"wp-element-caption\"><sub>Carlos Pitta morreu aos 69 anos, em 7 de janeiro de 2025 \u2014 Foto: Prefeitura de Feira de Santana<\/sub><\/figcaption><\/figure>\n\n\n\n<ul class=\"wp-block-list\">\n<li><a href=\"https:\/\/whatsapp.com\/channel\/0029VaAT7tDLI8Yfj5y9Z50Z\"><strong><mark style=\"background-color:rgba(0, 0, 0, 0)\" class=\"has-inline-color has-vivid-red-color\">Siga nosso canal no WhatsApp e veja mais not\u00edcias<\/mark><\/strong><\/a><\/li>\n<\/ul>\n","protected":false},"excerpt":{"rendered":"<p>M\u00fasico que descobriu talento de Ivete Sangalo foi cremado nesta quarta-feira (8), no Cemit\u00e9rio Bosque da Paz. Artista estava internado e n\u00e3o resistiu \u00e0s complica\u00e7\u00f5es do diabetes Por g1 Feira de Santana e regi\u00e3o O corpo de Carlos Pitta, cantor e compositor baiano que morreu na ter\u00e7a-feira (7), foi cremado nesta quarta-feira (8), no Cemit\u00e9rio [&hellip;]<\/p>\n","protected":false},"author":2,"featured_media":85218,"comment_status":"open","ping_status":"open","sticky":false,"template":"","format":"standard","meta":{"_acf_changed":false,"_monsterinsights_skip_tracking":false,"_monsterinsights_sitenote_active":false,"_monsterinsights_sitenote_note":"","_monsterinsights_sitenote_category":0,"_jetpack_memberships_contains_paid_content":false,"footnotes":"","jetpack_publicize_message":"","jetpack_publicize_feature_enabled":true,"jetpack_social_post_already_shared":true,"jetpack_social_options":{"image_generator_settings":{"template":"highway","default_image_id":0,"font":"","enabled":false},"version":2}},"categories":[8],"tags":[],"class_list":["post-85217","post","type-post","status-publish","format-standard","has-post-thumbnail","hentry","category-cultura"],"acf":[],"jetpack_publicize_connections":[],"jetpack_featured_media_url":"https:\/\/i0.wp.com\/blogdoeloiltoncajuhy.com.br\/site\/wp-content\/uploads\/2025\/01\/Com-homenagens-e-musica-corpo-de-Carlos-Pitta-e-cremado-em-Salvador-%E2%80%94-Foto_TV-Bahia.jpeg?fit=984%2C483&ssl=1","jetpack_sharing_enabled":true,"publishpress_future_workflow_manual_trigger":{"enabledWorkflows":[]},"_links":{"self":[{"href":"https:\/\/blogdoeloiltoncajuhy.com.br\/site\/wp-json\/wp\/v2\/posts\/85217","targetHints":{"allow":["GET"]}}],"collection":[{"href":"https:\/\/blogdoeloiltoncajuhy.com.br\/site\/wp-json\/wp\/v2\/posts"}],"about":[{"href":"https:\/\/blogdoeloiltoncajuhy.com.br\/site\/wp-json\/wp\/v2\/types\/post"}],"author":[{"embeddable":true,"href":"https:\/\/blogdoeloiltoncajuhy.com.br\/site\/wp-json\/wp\/v2\/users\/2"}],"replies":[{"embeddable":true,"href":"https:\/\/blogdoeloiltoncajuhy.com.br\/site\/wp-json\/wp\/v2\/comments?post=85217"}],"version-history":[{"count":1,"href":"https:\/\/blogdoeloiltoncajuhy.com.br\/site\/wp-json\/wp\/v2\/posts\/85217\/revisions"}],"predecessor-version":[{"id":85220,"href":"https:\/\/blogdoeloiltoncajuhy.com.br\/site\/wp-json\/wp\/v2\/posts\/85217\/revisions\/85220"}],"wp:featuredmedia":[{"embeddable":true,"href":"https:\/\/blogdoeloiltoncajuhy.com.br\/site\/wp-json\/wp\/v2\/media\/85218"}],"wp:attachment":[{"href":"https:\/\/blogdoeloiltoncajuhy.com.br\/site\/wp-json\/wp\/v2\/media?parent=85217"}],"wp:term":[{"taxonomy":"category","embeddable":true,"href":"https:\/\/blogdoeloiltoncajuhy.com.br\/site\/wp-json\/wp\/v2\/categories?post=85217"},{"taxonomy":"post_tag","embeddable":true,"href":"https:\/\/blogdoeloiltoncajuhy.com.br\/site\/wp-json\/wp\/v2\/tags?post=85217"}],"curies":[{"name":"wp","href":"https:\/\/api.w.org\/{rel}","templated":true}]}}