{"id":85212,"date":"2025-01-08T14:38:12","date_gmt":"2025-01-08T17:38:12","guid":{"rendered":"https:\/\/blogdoeloiltoncajuhy.com.br\/site\/?p=85212"},"modified":"2025-01-08T14:39:27","modified_gmt":"2025-01-08T17:39:27","slug":"defesa-da-democracia-ainda-estamos-aqui-diz-lula-em-evento-que-marca-2-anos-de-ataque-golpista","status":"publish","type":"post","link":"https:\/\/blogdoeloiltoncajuhy.com.br\/site\/defesa-da-democracia-ainda-estamos-aqui-diz-lula-em-evento-que-marca-2-anos-de-ataque-golpista\/","title":{"rendered":"Defesa da democracia: &#8216;Ainda estamos aqui&#8217;, diz Lula em evento que marca 2 anos de ataque golpista"},"content":{"rendered":"\n<p class=\"has-medium-font-size\"><strong>Presidente tamb\u00e9m afirmou que se considera um &#8216;amante da democracia&#8217;, pois entende que muitas vezes maridos amam mais as amantes do que as pr\u00f3prias companheiras<\/strong><\/p>\n\n\n\n<p><strong>Por Guilherme Mazui, Kevin Lima, g1<\/strong> \u2014 Bras\u00edlia<\/p>\n\n\n\n<figure class=\"wp-block-image aligncenter size-full\"><a href=\"https:\/\/i0.wp.com\/blogdoeloiltoncajuhy.com.br\/site\/wp-content\/uploads\/2025\/01\/Lula_8-1-2025_Reproducao-g1.jpeg?ssl=1\"><img data-recalc-dims=\"1\" fetchpriority=\"high\" decoding=\"async\" width=\"720\" height=\"406\" src=\"https:\/\/i0.wp.com\/blogdoeloiltoncajuhy.com.br\/site\/wp-content\/uploads\/2025\/01\/Lula_8-1-2025_Reproducao-g1.jpeg?resize=720%2C406&#038;ssl=1\" alt=\"\" class=\"wp-image-85214\" srcset=\"https:\/\/i0.wp.com\/blogdoeloiltoncajuhy.com.br\/site\/wp-content\/uploads\/2025\/01\/Lula_8-1-2025_Reproducao-g1.jpeg?w=720&amp;ssl=1 720w, https:\/\/i0.wp.com\/blogdoeloiltoncajuhy.com.br\/site\/wp-content\/uploads\/2025\/01\/Lula_8-1-2025_Reproducao-g1.jpeg?resize=300%2C169&amp;ssl=1 300w\" sizes=\"(max-width: 720px) 100vw, 720px\" \/><\/a><figcaption class=\"wp-element-caption\"><sub>&#8216;Ainda estamos aqui&#8217;, diz Lula em evento que marca o 8 de janeiro &#8211; Reprodu\u00e7\u00e3o \/ g1<\/sub><\/figcaption><\/figure>\n\n\n\n<p>O presidente Luiz In\u00e1cio Lula da Silva (PT) parafraseou o t\u00edtulo do filme de Walter Salles <em>&#8220;Ainda estou aqui&#8221;<\/em> em seu discurso em defesa da democracia, durante a programa\u00e7\u00e3o que marcou dois anos dos atos antidemocr\u00e1ticos de 8 de janeiro de 2023.<\/p>\n\n\n\n<h2 class=\"wp-block-heading has-text-align-center\"><strong><mark style=\"background-color:rgba(0, 0, 0, 0)\" class=\"has-inline-color has-vivid-red-color\">__________________<\/mark><\/strong><\/h2>\n\n\n\n<blockquote class=\"wp-block-quote is-layout-flow wp-block-quote-is-layout-flow\">\n<p class=\"has-medium-font-size\"><strong><mark style=\"background-color:rgba(0, 0, 0, 0)\" class=\"has-inline-color has-black-color\">&#8220;Hoje \u00e9 dia de dizermos em alto e bom som: ainda estamos aqui. Estamos aqui para dizer que estamos vivos e que a democracia est\u00e1 viva, ao contr\u00e1rio do que planejavam os golpistas de 8 de janeiro de 2023&#8221;, afirmou.<\/mark><\/strong><\/p>\n\n\n\n<h2 class=\"wp-block-heading has-text-align-center\"><strong><mark style=\"background-color:rgba(0, 0, 0, 0)\" class=\"has-inline-color has-vivid-red-color\">__________________<\/mark><\/strong><\/h2>\n<\/blockquote>\n\n\n\n<p>&#8220;Estamos aqui porque \u00e9 preciso lembrar, para que ningu\u00e9m esque\u00e7a, para que nunca mais aconte\u00e7a&#8221;, prosseguiu o presidente.<\/p>\n\n\n\n<p>Lula reafirmou que os respons\u00e1veis pelos atos de 8 de janeiro de 2023 ser\u00e3o punidos, inclusive os suspeitos de um plano para matar o petista, o vice-presidente Geraldo Alckmin e o ent\u00e3o presidente do Tribunal Superior Eleitoral (TSE), Alexandre de Moraes.<\/p>\n\n\n\n<p>&#8220;Sempre seremos implac\u00e1veis contra quaisquer tentativas de golpe. Os respons\u00e1veis pelo 8 de janeiro est\u00e3o sendo investigados e punidos. Ningu\u00e9m foi ou ser\u00e1 preso injustamente. Todos pagar\u00e3o pelos crimes que cometeram, inclusive os que planejaram o assassinato do presidente, vice-presidente da Rep\u00fablica e do presidente do tribunal superior eleitoral. Ter\u00e3o amplo direito de defesa e ter\u00e3o direito \u00e0 presun\u00e7\u00e3o de inoc\u00eancia&#8221;, disse Lula.<\/p>\n\n\n\n<figure class=\"wp-block-image aligncenter size-full\"><a href=\"https:\/\/i0.wp.com\/blogdoeloiltoncajuhy.com.br\/site\/wp-content\/uploads\/2025\/01\/Lula-2-anos-dos-atos-golpistas-de-8-de-janeiro-%E2%80%94-Foto_Evaristo-Sa_AFP.jpeg?ssl=1\"><img data-recalc-dims=\"1\" decoding=\"async\" width=\"720\" height=\"479\" src=\"https:\/\/i0.wp.com\/blogdoeloiltoncajuhy.com.br\/site\/wp-content\/uploads\/2025\/01\/Lula-2-anos-dos-atos-golpistas-de-8-de-janeiro-%E2%80%94-Foto_Evaristo-Sa_AFP.jpeg?resize=720%2C479&#038;ssl=1\" alt=\"\" class=\"wp-image-85213\" srcset=\"https:\/\/i0.wp.com\/blogdoeloiltoncajuhy.com.br\/site\/wp-content\/uploads\/2025\/01\/Lula-2-anos-dos-atos-golpistas-de-8-de-janeiro-%E2%80%94-Foto_Evaristo-Sa_AFP.jpeg?w=720&amp;ssl=1 720w, https:\/\/i0.wp.com\/blogdoeloiltoncajuhy.com.br\/site\/wp-content\/uploads\/2025\/01\/Lula-2-anos-dos-atos-golpistas-de-8-de-janeiro-%E2%80%94-Foto_Evaristo-Sa_AFP.jpeg?resize=300%2C200&amp;ssl=1 300w\" sizes=\"(max-width: 720px) 100vw, 720px\" \/><\/a><figcaption class=\"wp-element-caption\"><sub>Lula observa vaso e rel\u00f3gio hist\u00f3rico restaurados no ato pelos 2 anos dos atos golpistas de 8 de janeiro \u2014 Foto: Evaristo S\u00e1\/AFP<\/sub><\/figcaption><\/figure>\n\n\n\n<p>O presidente tamb\u00e9m frisou que se considera um &#8220;amante da democracia&#8221;, pois entende que muitas vezes maridos amam mais as amantes do que as pr\u00f3prias companheiras.<\/p>\n\n\n\n<p>&#8220;N\u00e3o sou nem marido, eu sou um amante da democracia. porque a maioria das vezes os amantes s\u00e3o mais apaixonados pela amante do que pelas mulheres. Eu sou um amante da democracia&#8221;, disse.<\/p>\n\n\n\n<ul class=\"wp-block-list\">\n<li><a href=\"https:\/\/whatsapp.com\/channel\/0029VaAT7tDLI8Yfj5y9Z50Z\"><strong><mark style=\"background-color:rgba(0, 0, 0, 0)\" class=\"has-inline-color has-vivid-red-color\">Siga nosso canal no WhatsApp e veja mais not\u00edcias<\/mark><\/strong><\/a><\/li>\n<\/ul>\n\n\n\n<p><\/p>\n\n\n\n<p>Lula citou as obras de arte vandalizadas, que foram reintegradas ao acervo do governo ap\u00f3s restauro, e lembrou que ditaduras costumam atacar a arte e a cultura.<\/p>\n\n\n\n<p>&#8220;A arte e a cultura, que as ditaduras odeiam, a hist\u00f3ria e a mem\u00f3ria que sempre tentaram apagar. Estamos aqui porque \u00e9 preciso lembrar para que nunca mais aconte\u00e7a. Se hoje estamos aqui, \u00e9 porque a democracia venceu. Hoje, estamos aqui para garantir que ningu\u00e9m seja morto por causa da causa que defenda, estamos aqui em nome de todas as Marias, Clarices e Eunices. Democracia para poucos n\u00e3o \u00e9 democracia plena. Por isso, democracia \u00e9 sempre uma obra em constru\u00e7\u00e3o&#8221;.<\/p>\n\n\n\n<p>Lula tamb\u00e9m afirmou que trabalha para que pessoas n\u00e3o sejam mortas por quest\u00f5es pol\u00edticas, a exemplo do que ocorreu no passado do pa\u00eds.<\/p>\n\n\n\n<h2 class=\"wp-block-heading has-text-align-center\"><strong><mark style=\"background-color:rgba(0, 0, 0, 0)\" class=\"has-inline-color has-vivid-red-color\">__________________<\/mark><\/strong><\/h2>\n\n\n\n<blockquote class=\"wp-block-quote is-layout-flow wp-block-quote-is-layout-flow\">\n<p class=\"has-medium-font-size\"><strong><mark style=\"background-color:rgba(0, 0, 0, 0)\" class=\"has-inline-color has-black-color\">&#8220;Estamos aqui para garantir que ningu\u00e9m seja morto ou desaparecido e raz\u00e3o da causa que defende&#8221;, declarou.<\/mark><\/strong><\/p>\n\n\n\n<h2 class=\"wp-block-heading has-text-align-center\"><strong><mark style=\"background-color:rgba(0, 0, 0, 0)\" class=\"has-inline-color has-vivid-red-color\">__________________<\/mark><\/strong><\/h2>\n<\/blockquote>\n\n\n\n<p>A solenidade, no Sal\u00e3o Nobre do Pal\u00e1cio do Planalto, ocorreu ap\u00f3s a reintegra\u00e7\u00e3o ao acervo da Presid\u00eancia da Rep\u00fablica de obras de arte que foram vandalizadas h\u00e1 dois anos. As pe\u00e7as passaram por um processo de restauro. Ao todo, foram entregues 21 obras.<\/p>\n","protected":false},"excerpt":{"rendered":"<p>Presidente tamb\u00e9m afirmou que se considera um &#8216;amante da democracia&#8217;, pois entende que muitas vezes maridos amam mais as amantes do que as pr\u00f3prias companheiras Por Guilherme Mazui, Kevin Lima, g1 \u2014 Bras\u00edlia O presidente Luiz In\u00e1cio Lula da Silva (PT) parafraseou o t\u00edtulo do filme de Walter Salles &#8220;Ainda estou aqui&#8221; em seu discurso [&hellip;]<\/p>\n","protected":false},"author":2,"featured_media":85214,"comment_status":"open","ping_status":"open","sticky":false,"template":"","format":"standard","meta":{"_acf_changed":false,"_monsterinsights_skip_tracking":false,"_monsterinsights_sitenote_active":false,"_monsterinsights_sitenote_note":"","_monsterinsights_sitenote_category":0,"_jetpack_memberships_contains_paid_content":false,"footnotes":"","jetpack_publicize_message":"","jetpack_publicize_feature_enabled":true,"jetpack_social_post_already_shared":true,"jetpack_social_options":{"image_generator_settings":{"template":"highway","default_image_id":0,"font":"","enabled":false},"version":2}},"categories":[3],"tags":[],"class_list":["post-85212","post","type-post","status-publish","format-standard","has-post-thumbnail","hentry","category-politica"],"acf":[],"jetpack_publicize_connections":[],"jetpack_featured_media_url":"https:\/\/i0.wp.com\/blogdoeloiltoncajuhy.com.br\/site\/wp-content\/uploads\/2025\/01\/Lula_8-1-2025_Reproducao-g1.jpeg?fit=720%2C406&ssl=1","jetpack_sharing_enabled":true,"publishpress_future_workflow_manual_trigger":{"enabledWorkflows":[]},"_links":{"self":[{"href":"https:\/\/blogdoeloiltoncajuhy.com.br\/site\/wp-json\/wp\/v2\/posts\/85212","targetHints":{"allow":["GET"]}}],"collection":[{"href":"https:\/\/blogdoeloiltoncajuhy.com.br\/site\/wp-json\/wp\/v2\/posts"}],"about":[{"href":"https:\/\/blogdoeloiltoncajuhy.com.br\/site\/wp-json\/wp\/v2\/types\/post"}],"author":[{"embeddable":true,"href":"https:\/\/blogdoeloiltoncajuhy.com.br\/site\/wp-json\/wp\/v2\/users\/2"}],"replies":[{"embeddable":true,"href":"https:\/\/blogdoeloiltoncajuhy.com.br\/site\/wp-json\/wp\/v2\/comments?post=85212"}],"version-history":[{"count":2,"href":"https:\/\/blogdoeloiltoncajuhy.com.br\/site\/wp-json\/wp\/v2\/posts\/85212\/revisions"}],"predecessor-version":[{"id":85216,"href":"https:\/\/blogdoeloiltoncajuhy.com.br\/site\/wp-json\/wp\/v2\/posts\/85212\/revisions\/85216"}],"wp:featuredmedia":[{"embeddable":true,"href":"https:\/\/blogdoeloiltoncajuhy.com.br\/site\/wp-json\/wp\/v2\/media\/85214"}],"wp:attachment":[{"href":"https:\/\/blogdoeloiltoncajuhy.com.br\/site\/wp-json\/wp\/v2\/media?parent=85212"}],"wp:term":[{"taxonomy":"category","embeddable":true,"href":"https:\/\/blogdoeloiltoncajuhy.com.br\/site\/wp-json\/wp\/v2\/categories?post=85212"},{"taxonomy":"post_tag","embeddable":true,"href":"https:\/\/blogdoeloiltoncajuhy.com.br\/site\/wp-json\/wp\/v2\/tags?post=85212"}],"curies":[{"name":"wp","href":"https:\/\/api.w.org\/{rel}","templated":true}]}}