{"id":85209,"date":"2025-01-08T14:23:29","date_gmt":"2025-01-08T17:23:29","guid":{"rendered":"https:\/\/blogdoeloiltoncajuhy.com.br\/site\/?p=85209"},"modified":"2025-01-08T14:23:34","modified_gmt":"2025-01-08T17:23:34","slug":"apos-fernanda-torres-vencer-globo-de-ouro-governador-da-bahia-promete-levar-ainda-estou-aqui-para-escolas-estaduais","status":"publish","type":"post","link":"https:\/\/blogdoeloiltoncajuhy.com.br\/site\/apos-fernanda-torres-vencer-globo-de-ouro-governador-da-bahia-promete-levar-ainda-estou-aqui-para-escolas-estaduais\/","title":{"rendered":"Ap\u00f3s Fernanda Torres vencer Globo de Ouro, governador da Bahia promete levar &#8216;Ainda Estou Aqui&#8217; para escolas estaduais"},"content":{"rendered":"\n<p class=\"has-medium-font-size\"><strong>Segundo o gestor, os alunos da rede estadual ter\u00e3o acesso ao livro e ao filme, que retratam a hist\u00f3ria de uma fam\u00edlia que foi atravessada pela Ditadura Militar<\/strong><\/p>\n\n\n\n<p><strong>Por g1 BA<\/strong><\/p>\n\n\n\n<figure class=\"wp-block-image aligncenter size-full\"><a href=\"https:\/\/i0.wp.com\/blogdoeloiltoncajuhy.com.br\/site\/wp-content\/uploads\/2025\/01\/Jeronimo-vai-implementar-livro-Ainda-Estou-Aqui-nas-escolas-estaduais-%E2%80%94-Foto_Divulgacao_Vitor-Santos_Ag-Haack.jpeg?ssl=1\"><img data-recalc-dims=\"1\" fetchpriority=\"high\" decoding=\"async\" width=\"700\" height=\"438\" src=\"https:\/\/i0.wp.com\/blogdoeloiltoncajuhy.com.br\/site\/wp-content\/uploads\/2025\/01\/Jeronimo-vai-implementar-livro-Ainda-Estou-Aqui-nas-escolas-estaduais-%E2%80%94-Foto_Divulgacao_Vitor-Santos_Ag-Haack.jpeg?resize=700%2C438&#038;ssl=1\" alt=\"\" class=\"wp-image-85210\" srcset=\"https:\/\/i0.wp.com\/blogdoeloiltoncajuhy.com.br\/site\/wp-content\/uploads\/2025\/01\/Jeronimo-vai-implementar-livro-Ainda-Estou-Aqui-nas-escolas-estaduais-%E2%80%94-Foto_Divulgacao_Vitor-Santos_Ag-Haack.jpeg?w=700&amp;ssl=1 700w, https:\/\/i0.wp.com\/blogdoeloiltoncajuhy.com.br\/site\/wp-content\/uploads\/2025\/01\/Jeronimo-vai-implementar-livro-Ainda-Estou-Aqui-nas-escolas-estaduais-%E2%80%94-Foto_Divulgacao_Vitor-Santos_Ag-Haack.jpeg?resize=300%2C188&amp;ssl=1 300w\" sizes=\"(max-width: 700px) 100vw, 700px\" \/><\/a><figcaption class=\"wp-element-caption\"><sub>Governador da Bahia vai implementar livro &#8220;Ainda Estou Aqui&#8221; nas escolas estaduais \u2014 Foto: Divulga\u00e7\u00e3o; Vitor Santos\/Ag Haack<\/sub><\/figcaption><\/figure>\n\n\n\n<p>Dois dias ap\u00f3s a atriz Fernanda Torres vencer o Globo de Ouro como melhor atriz dram\u00e1tica pela performance no filme <em>&#8220;Ainda Estou Aqui&#8221;<\/em>, o governador da Bahia, Jer\u00f4nimo Rodrigues, informou que vai levar o longa e o livro que inspirou o filme para as escolas estaduais. A informa\u00e7\u00e3o foi confirmada na ter\u00e7a-feira (7).<\/p>\n\n\n\n<h2 class=\"wp-block-heading has-text-align-center\"><strong><mark style=\"background-color:rgba(0, 0, 0, 0)\" class=\"has-inline-color has-vivid-red-color\">__________________<\/mark><\/strong><\/h2>\n\n\n\n<blockquote class=\"wp-block-quote is-layout-flow wp-block-quote-is-layout-flow\">\n<p class=\"has-medium-font-size\"><strong><mark style=\"background-color:rgba(0, 0, 0, 0)\" class=\"has-inline-color has-black-color\">&#8220;Educa\u00e7\u00e3o, arte, mem\u00f3ria e democracia. levaremos o filme &#8220;Ainda Estou Aqui&#8221; para nossas salas de aula, teatros das escolas e cinemas do estado&#8221;, escreveu o governador nas redes sociais.<\/mark><\/strong><\/p>\n\n\n\n<h2 class=\"wp-block-heading has-text-align-center\"><strong><mark style=\"background-color:rgba(0, 0, 0, 0)\" class=\"has-inline-color has-vivid-red-color\">__________________<\/mark><\/strong><\/h2>\n<\/blockquote>\n\n\n\n<p>A obra ser\u00e1 utilizada para promover debates sobre democracia, hist\u00f3ria e direitos humanos no ambiente escolar. H\u00e1 previs\u00e3o da exibi\u00e7\u00e3o do filme, seguida de rodas de conversa e atividades pedag\u00f3gicas. Segundo o governador, a iniciativa tem como objetivo &#8220;manter vivas a hist\u00f3ria e cultura do Brasil&#8221;.<\/p>\n\n\n\n<p>O <strong>g1<\/strong> entrou em contato com a Secretaria de Educa\u00e7\u00e3o e questionou se a implementa\u00e7\u00e3o j\u00e1 far\u00e1 parte do ano letivo de 2025, mas ainda n\u00e3o teve resposta.<\/p>\n\n\n\n<h4 class=\"wp-block-heading\"><strong><mark style=\"background-color:rgba(0, 0, 0, 0)\" class=\"has-inline-color has-black-color\">Ainda Estou Aqui<\/mark><\/strong><\/h4>\n\n\n\n<p>O livro do escritor e jornalista Marcelo Rubens Paiva, lan\u00e7ado em 2015, retrata a hist\u00f3ria de sua pr\u00f3pria fam\u00edlia. O pai do autor, o ex-deputado federal e engenheiro Rubens Paiva, foi morto em 1971, durante a Ditadura Militar.<\/p>\n\n\n\n<p>O foco da narrativa \u00e9 Eunice Paiva, a m\u00e3e de Marcelo. A obra retrata como ela transformou a pr\u00f3pria vida ap\u00f3s a trag\u00e9dia e se tornou um s\u00edmbolo da luta contra a ditadura militar no Brasil.<\/p>\n\n\n\n<p>No filme dirigido por Walter Salles lan\u00e7ado em 2024, Fernanda Torres interpreta Eunice Paiva, enquanto Selton Mello interpreta Rubens Paiva.<\/p>\n\n\n\n<p>O filme levou o pr\u00eamio de melhor roteiro no Festival de Veneza, ganhou diversos elogios da imprensa estrangeira e pode concorrer ao Oscar. No Globo de Ouro, o longa concorreu a &#8220;Melhor Filme de L\u00edngua N\u00e3o Inglesa&#8221; e &#8220;Melhor Atriz em Drama&#8221;, levando a segunda estatueta.<\/p>\n","protected":false},"excerpt":{"rendered":"<p>Segundo o gestor, os alunos da rede estadual ter\u00e3o acesso ao livro e ao filme, que retratam a hist\u00f3ria de uma fam\u00edlia que foi atravessada pela Ditadura Militar Por g1 BA Dois dias ap\u00f3s a atriz Fernanda Torres vencer o Globo de Ouro como melhor atriz dram\u00e1tica pela performance no filme &#8220;Ainda Estou Aqui&#8221;, o [&hellip;]<\/p>\n","protected":false},"author":2,"featured_media":85210,"comment_status":"open","ping_status":"open","sticky":false,"template":"","format":"standard","meta":{"_acf_changed":false,"_monsterinsights_skip_tracking":false,"_monsterinsights_sitenote_active":false,"_monsterinsights_sitenote_note":"","_monsterinsights_sitenote_category":0,"_jetpack_memberships_contains_paid_content":false,"footnotes":"","jetpack_publicize_message":"","jetpack_publicize_feature_enabled":true,"jetpack_social_post_already_shared":true,"jetpack_social_options":{"image_generator_settings":{"template":"highway","default_image_id":0,"font":"","enabled":false},"version":2}},"categories":[14],"tags":[],"class_list":["post-85209","post","type-post","status-publish","format-standard","has-post-thumbnail","hentry","category-educacao"],"acf":[],"jetpack_publicize_connections":[],"jetpack_featured_media_url":"https:\/\/i0.wp.com\/blogdoeloiltoncajuhy.com.br\/site\/wp-content\/uploads\/2025\/01\/Jeronimo-vai-implementar-livro-Ainda-Estou-Aqui-nas-escolas-estaduais-%E2%80%94-Foto_Divulgacao_Vitor-Santos_Ag-Haack.jpeg?fit=700%2C438&ssl=1","jetpack_sharing_enabled":true,"publishpress_future_workflow_manual_trigger":{"enabledWorkflows":[]},"_links":{"self":[{"href":"https:\/\/blogdoeloiltoncajuhy.com.br\/site\/wp-json\/wp\/v2\/posts\/85209","targetHints":{"allow":["GET"]}}],"collection":[{"href":"https:\/\/blogdoeloiltoncajuhy.com.br\/site\/wp-json\/wp\/v2\/posts"}],"about":[{"href":"https:\/\/blogdoeloiltoncajuhy.com.br\/site\/wp-json\/wp\/v2\/types\/post"}],"author":[{"embeddable":true,"href":"https:\/\/blogdoeloiltoncajuhy.com.br\/site\/wp-json\/wp\/v2\/users\/2"}],"replies":[{"embeddable":true,"href":"https:\/\/blogdoeloiltoncajuhy.com.br\/site\/wp-json\/wp\/v2\/comments?post=85209"}],"version-history":[{"count":1,"href":"https:\/\/blogdoeloiltoncajuhy.com.br\/site\/wp-json\/wp\/v2\/posts\/85209\/revisions"}],"predecessor-version":[{"id":85211,"href":"https:\/\/blogdoeloiltoncajuhy.com.br\/site\/wp-json\/wp\/v2\/posts\/85209\/revisions\/85211"}],"wp:featuredmedia":[{"embeddable":true,"href":"https:\/\/blogdoeloiltoncajuhy.com.br\/site\/wp-json\/wp\/v2\/media\/85210"}],"wp:attachment":[{"href":"https:\/\/blogdoeloiltoncajuhy.com.br\/site\/wp-json\/wp\/v2\/media?parent=85209"}],"wp:term":[{"taxonomy":"category","embeddable":true,"href":"https:\/\/blogdoeloiltoncajuhy.com.br\/site\/wp-json\/wp\/v2\/categories?post=85209"},{"taxonomy":"post_tag","embeddable":true,"href":"https:\/\/blogdoeloiltoncajuhy.com.br\/site\/wp-json\/wp\/v2\/tags?post=85209"}],"curies":[{"name":"wp","href":"https:\/\/api.w.org\/{rel}","templated":true}]}}