{"id":85206,"date":"2025-01-08T14:06:31","date_gmt":"2025-01-08T17:06:31","guid":{"rendered":"https:\/\/blogdoeloiltoncajuhy.com.br\/site\/?p=85206"},"modified":"2025-01-08T14:06:38","modified_gmt":"2025-01-08T17:06:38","slug":"sandro-regis-faz-politicagem-e-espalha-terror-ao-atacar-policia-em-meio-a-casos-de-violencia-denuncia-euclides-fernandes","status":"publish","type":"post","link":"https:\/\/blogdoeloiltoncajuhy.com.br\/site\/sandro-regis-faz-politicagem-e-espalha-terror-ao-atacar-policia-em-meio-a-casos-de-violencia-denuncia-euclides-fernandes\/","title":{"rendered":"&#8216;Sandro R\u00e9gis faz politicagem e espalha terror ao atacar pol\u00edcia em meio a casos de viol\u00eancia&#8217;, denuncia Euclides Fernandes"},"content":{"rendered":"\n<p><strong>Blog do Eloilton Cajuhy<\/strong><\/p>\n\n\n\n<figure class=\"wp-block-image aligncenter size-full\"><a href=\"https:\/\/i0.wp.com\/blogdoeloiltoncajuhy.com.br\/site\/wp-content\/uploads\/2025\/01\/Deputado-Euclides-Fernandes_Foto_Agencia-Alba.jpeg?ssl=1\"><img data-recalc-dims=\"1\" fetchpriority=\"high\" decoding=\"async\" width=\"750\" height=\"422\" src=\"https:\/\/i0.wp.com\/blogdoeloiltoncajuhy.com.br\/site\/wp-content\/uploads\/2025\/01\/Deputado-Euclides-Fernandes_Foto_Agencia-Alba.jpeg?resize=750%2C422&#038;ssl=1\" alt=\"\" class=\"wp-image-85207\" srcset=\"https:\/\/i0.wp.com\/blogdoeloiltoncajuhy.com.br\/site\/wp-content\/uploads\/2025\/01\/Deputado-Euclides-Fernandes_Foto_Agencia-Alba.jpeg?w=750&amp;ssl=1 750w, https:\/\/i0.wp.com\/blogdoeloiltoncajuhy.com.br\/site\/wp-content\/uploads\/2025\/01\/Deputado-Euclides-Fernandes_Foto_Agencia-Alba.jpeg?resize=300%2C169&amp;ssl=1 300w\" sizes=\"(max-width: 750px) 100vw, 750px\" \/><\/a><figcaption class=\"wp-element-caption\"><sub>Foto: Ag\u00eancia Alba<\/sub><\/figcaption><\/figure>\n\n\n\n<p>Na \u00faltima declara\u00e7\u00e3o do deputado Sandro R\u00e9gis (UB), suas cr\u00edticas desproporcionais ao Governo e \u00e0 Seguran\u00e7a P\u00fablica em Jequi\u00e9 revelam uma postura de politicagem que desconsidera o contexto real da viol\u00eancia que acontece na regi\u00e3o e ataque do parlamentar \u00e0 pol\u00edcia da Bahia. \u201cEm vez de apresentar solu\u00e7\u00f5es construtivas, R\u00e9gis parece mais interessado em criar um clima de medo e inseguran\u00e7a, usando a situa\u00e7\u00e3o delicada para angariar apoio pol\u00edtico\u201d, denuncia o deputado estadual Euclides Fernandes (PT). Para Euclides, tal postura n\u00e3o apenas agrava a desconfian\u00e7a da popula\u00e7\u00e3o nas for\u00e7as de seguran\u00e7a, \u201ccomo tamb\u00e9m ignora as reais iniciativas sendo implementadas pelo Governo do Estado para combater a criminalidade\u201d.<\/p>\n\n\n\n<p>O deputado Euclides Fernandes denunciou ainda que a estrat\u00e9gia de R\u00e9gis \u00e9 uma tentativa evidente de desestabilizar o Governo em benef\u00edcio pr\u00f3prio. Euclides acusou R\u00e9gis de se aproveitar da dor da popula\u00e7\u00e3o e transformar um problema complexo em simples moeda de troca pol\u00edtica. \u201cUsar a trag\u00e9dia da viol\u00eancia para ganhar votos \u00e9 desumano e irrespons\u00e1vel. E essa cr\u00edtica vazia evidencia a necessidade de uma responsabilidade maior por parte dos representantes p\u00fablicos em momentos de crise&#8221;, apontou.<\/p>\n\n\n\n<ul class=\"wp-block-list\">\n<li><a href=\"https:\/\/whatsapp.com\/channel\/0029VaAT7tDLI8Yfj5y9Z50Z\"><strong><mark style=\"background-color:rgba(0, 0, 0, 0)\" class=\"has-inline-color has-vivid-red-color\">Siga nosso canal no WhatsApp e veja mais not\u00edcias<\/mark><\/strong><\/a><\/li>\n<\/ul>\n\n\n\n<p><\/p>\n\n\n\n<p>Euclides lembra que os dados do balan\u00e7o de 2024 mostram que as for\u00e7as de seguran\u00e7a t\u00eam trabalhado arduamente para reverter o quadro. Segundo ele, o investimento em tecnologia no combate ao crime, somado ao aumento do efetivo policial e a realiza\u00e7\u00e3o de opera\u00e7\u00f5es estrat\u00e9gicas, demonstram um comprometimento claro com a seguran\u00e7a da popula\u00e7\u00e3o. Ignorar essas melhorias para promover um alarmismo pol\u00edtico apenas prejudica os esfor\u00e7os conjuntos entre governo e sociedade. Euclides destacou tamb\u00e9m a opera\u00e7\u00e3o H\u00f3rus com o uso de tropas especializadas e a transfer\u00eancia de presos para outras unidades para conter ordens de grupos criminosos custodiados em Jequi\u00e9, al\u00e9m de pris\u00f5es e apreens\u00f5es de armas e drogas, como a\u00e7\u00f5es efetivas mais recentes para combater o crime em Jequi\u00e9.<\/p>\n\n\n\n<p>Para o parlamentar, \u00e9 imprescind\u00edvel que nossos representantes ajam com seriedade e \u00e9tica, especialmente em tempos de crise. \u201cAs palavras irrespons\u00e1veis de Sandro R\u00e9gis n\u00e3o contribuem para a resolu\u00e7\u00e3o dos problemas de seguran\u00e7a, mas sim para a divis\u00e3o e o p\u00e2nico entre a popula\u00e7\u00e3o. Que a pol\u00edtica retome seu papel de promover o bem comum e que vozes que apenas buscam se promover em detrimento da verdade e da responsabilidade sejam devidamente contestadas\u201d, finalizou Euclides Fernandes.<\/p>\n","protected":false},"excerpt":{"rendered":"<p>Blog do Eloilton Cajuhy Na \u00faltima declara\u00e7\u00e3o do deputado Sandro R\u00e9gis (UB), suas cr\u00edticas desproporcionais ao Governo e \u00e0 Seguran\u00e7a P\u00fablica em Jequi\u00e9 revelam uma postura de politicagem que desconsidera o contexto real da viol\u00eancia que acontece na regi\u00e3o e ataque do parlamentar \u00e0 pol\u00edcia da Bahia. \u201cEm vez de apresentar solu\u00e7\u00f5es construtivas, R\u00e9gis parece [&hellip;]<\/p>\n","protected":false},"author":2,"featured_media":85207,"comment_status":"open","ping_status":"open","sticky":false,"template":"","format":"standard","meta":{"_acf_changed":false,"_monsterinsights_skip_tracking":false,"_monsterinsights_sitenote_active":false,"_monsterinsights_sitenote_note":"","_monsterinsights_sitenote_category":0,"_jetpack_memberships_contains_paid_content":false,"footnotes":"","jetpack_publicize_message":"","jetpack_publicize_feature_enabled":true,"jetpack_social_post_already_shared":false,"jetpack_social_options":{"image_generator_settings":{"template":"highway","enabled":false},"version":2}},"categories":[3],"tags":[],"class_list":["post-85206","post","type-post","status-publish","format-standard","has-post-thumbnail","hentry","category-politica"],"acf":[],"jetpack_publicize_connections":[],"jetpack_featured_media_url":"https:\/\/i0.wp.com\/blogdoeloiltoncajuhy.com.br\/site\/wp-content\/uploads\/2025\/01\/Deputado-Euclides-Fernandes_Foto_Agencia-Alba.jpeg?fit=750%2C422&ssl=1","jetpack_sharing_enabled":true,"publishpress_future_workflow_manual_trigger":{"enabledWorkflows":[]},"_links":{"self":[{"href":"https:\/\/blogdoeloiltoncajuhy.com.br\/site\/wp-json\/wp\/v2\/posts\/85206","targetHints":{"allow":["GET"]}}],"collection":[{"href":"https:\/\/blogdoeloiltoncajuhy.com.br\/site\/wp-json\/wp\/v2\/posts"}],"about":[{"href":"https:\/\/blogdoeloiltoncajuhy.com.br\/site\/wp-json\/wp\/v2\/types\/post"}],"author":[{"embeddable":true,"href":"https:\/\/blogdoeloiltoncajuhy.com.br\/site\/wp-json\/wp\/v2\/users\/2"}],"replies":[{"embeddable":true,"href":"https:\/\/blogdoeloiltoncajuhy.com.br\/site\/wp-json\/wp\/v2\/comments?post=85206"}],"version-history":[{"count":1,"href":"https:\/\/blogdoeloiltoncajuhy.com.br\/site\/wp-json\/wp\/v2\/posts\/85206\/revisions"}],"predecessor-version":[{"id":85208,"href":"https:\/\/blogdoeloiltoncajuhy.com.br\/site\/wp-json\/wp\/v2\/posts\/85206\/revisions\/85208"}],"wp:featuredmedia":[{"embeddable":true,"href":"https:\/\/blogdoeloiltoncajuhy.com.br\/site\/wp-json\/wp\/v2\/media\/85207"}],"wp:attachment":[{"href":"https:\/\/blogdoeloiltoncajuhy.com.br\/site\/wp-json\/wp\/v2\/media?parent=85206"}],"wp:term":[{"taxonomy":"category","embeddable":true,"href":"https:\/\/blogdoeloiltoncajuhy.com.br\/site\/wp-json\/wp\/v2\/categories?post=85206"},{"taxonomy":"post_tag","embeddable":true,"href":"https:\/\/blogdoeloiltoncajuhy.com.br\/site\/wp-json\/wp\/v2\/tags?post=85206"}],"curies":[{"name":"wp","href":"https:\/\/api.w.org\/{rel}","templated":true}]}}