{"id":85202,"date":"2025-01-08T08:45:18","date_gmt":"2025-01-08T11:45:18","guid":{"rendered":"https:\/\/blogdoeloiltoncajuhy.com.br\/site\/?p=85202"},"modified":"2025-01-08T08:45:25","modified_gmt":"2025-01-08T11:45:25","slug":"beber-cafe-pela-manha-pode-reduzir-risco-de-morte-por-doencas-cardiovasculares-mostra-estudo","status":"publish","type":"post","link":"https:\/\/blogdoeloiltoncajuhy.com.br\/site\/beber-cafe-pela-manha-pode-reduzir-risco-de-morte-por-doencas-cardiovasculares-mostra-estudo\/","title":{"rendered":"Beber caf\u00e9 pela manh\u00e3 pode reduzir risco de morte por doen\u00e7as cardiovasculares, mostra estudo"},"content":{"rendered":"\n<p class=\"has-medium-font-size\"><strong>Redu\u00e7\u00e3o do risco de mortalidade pode estar relacionada \u00e0 influ\u00eancia do consumo de caf\u00e9 no ritmo circadiano e na produ\u00e7\u00e3o de horm\u00f4nios, como a melatonina<\/strong><\/p>\n\n\n\n<p><strong>Por J\u00falia Carvalho, g1<\/strong><\/p>\n\n\n\n<figure class=\"wp-block-image aligncenter size-full\"><a href=\"https:\/\/i0.wp.com\/blogdoeloiltoncajuhy.com.br\/site\/wp-content\/uploads\/2025\/01\/Cafe-%E2%80%94-Foto_Freepik.jpeg?ssl=1\"><img data-recalc-dims=\"1\" fetchpriority=\"high\" decoding=\"async\" width=\"700\" height=\"467\" src=\"https:\/\/i0.wp.com\/blogdoeloiltoncajuhy.com.br\/site\/wp-content\/uploads\/2025\/01\/Cafe-%E2%80%94-Foto_Freepik.jpeg?resize=700%2C467&#038;ssl=1\" alt=\"\" class=\"wp-image-85203\" srcset=\"https:\/\/i0.wp.com\/blogdoeloiltoncajuhy.com.br\/site\/wp-content\/uploads\/2025\/01\/Cafe-%E2%80%94-Foto_Freepik.jpeg?w=700&amp;ssl=1 700w, https:\/\/i0.wp.com\/blogdoeloiltoncajuhy.com.br\/site\/wp-content\/uploads\/2025\/01\/Cafe-%E2%80%94-Foto_Freepik.jpeg?resize=300%2C200&amp;ssl=1 300w\" sizes=\"(max-width: 700px) 100vw, 700px\" \/><\/a><figcaption class=\"wp-element-caption\"><sub>Tomar caf\u00e9 pela manh\u00e3 poder reduzir o risco de morte por doen\u00e7as cardiovasculares \u2014 Foto: Freepik<\/sub><\/figcaption><\/figure>\n\n\n\n<p>O h\u00e1bito de tomar caf\u00e9 pela manh\u00e3 pode reduzir o risco de morte por doen\u00e7as cardiovasculares. Isso \u00e9 o que aponta um novo estudo publicado na revista cient\u00edfica &#8220;European Heart Journal&#8221;.<\/p>\n\n\n\n<p>A pesquisa, realizada nos Estados Unidos, mostrou que aqueles que bebiam caf\u00e9 pela manh\u00e3 tiveram 16% menos probabilidade de morrer por qualquer causa e 31% menos chance de morrer por doen\u00e7as cardiovasculares em compara\u00e7\u00e3o a pessoas que n\u00e3o bebiam caf\u00e9.<\/p>\n\n\n\n<p>O mesmo n\u00e3o foi observado em pessoas que tomam caf\u00e9 ao longo de todo o dia. Nesse cen\u00e1rio, n\u00e3o houve altera\u00e7\u00e3o na mortalidade.<\/p>\n\n\n\n<p>Lu Qi, professor da Escola de Sa\u00fade P\u00fablica de Harvard e um dos l\u00edderes da pesquisa, explica que esse \u00e9 o primeiro estudo que testa padr\u00f5es de tempo de consumo de caf\u00e9 e seus impactos na sa\u00fade.<\/p>\n\n\n\n<p>&#8220;Nossas descobertas indicam que n\u00e3o \u00e9 apenas se voc\u00ea bebe caf\u00e9 ou quanto voc\u00ea bebe que \u00e9 importante, mas tamb\u00e9m a hora do dia em que voc\u00ea bebe caf\u00e9&#8221;, analisa.<\/p>\n\n\n\n<p>O estudo entrevistou 40.725 adultos que participaram da Pesquisa Nacional de Sa\u00fade e Nutri\u00e7\u00e3o dos EUA (NHANES) entre 1999 e 2018. Os participantes foram questionados sobre todos os alimentos que consumiam ao longo do dia, incluindo se bebiam caf\u00e9, quanto e quando.<\/p>\n\n\n\n<p>&#8220;H\u00e1 evid\u00eancias consistentes mostrando os benef\u00edcios de beber caf\u00e9 e uma rela\u00e7\u00e3o pr\u00f3xima entre comportamentos circadianos e a sa\u00fade humana&#8221;, comenta Lu Qi.<\/p>\n\n\n\n<ul class=\"wp-block-list\">\n<li><a href=\"https:\/\/whatsapp.com\/channel\/0029VaAT7tDLI8Yfj5y9Z50Z\"><strong><mark style=\"background-color:rgba(0, 0, 0, 0)\" class=\"has-inline-color has-vivid-red-color\">Siga nosso canal no WhatsApp e veja mais not\u00edcias<\/mark><\/strong><\/a><\/li>\n<\/ul>\n\n\n\n<p><\/p>\n\n\n\n<h4 class=\"wp-block-heading\"><strong><mark style=\"background-color:rgba(0, 0, 0, 0)\" class=\"has-inline-color has-black-color\">Caf\u00e9 e o ciclo circadiano<\/mark><\/strong><\/h4>\n\n\n\n<p>Apesar do estudo n\u00e3o indicar o porqu\u00ea de o consumo matinal da bebida reduzir o risco de morte por doen\u00e7as cardiovasculares, Qi levanta uma hip\u00f3tese que poderia explicar essa rela\u00e7\u00e3o observada.<\/p>\n\n\n\n<p>&#8220;Uma poss\u00edvel explica\u00e7\u00e3o \u00e9 que consumir caf\u00e9 \u00e0 tarde ou \u00e0 noite pode interromper os ritmos circadianos e os n\u00edveis de horm\u00f4nios, como a melatonina&#8221;, sugere.<\/p>\n\n\n\n<p>O ritmo ou ciclo circadiano \u00e9 popularmente conhecido como rel\u00f3gio biol\u00f3gico. \u00c9 o mecanismo do corpo que regula as atividades di\u00e1rias do organismo dentro de aproximadamente 24 horas.<\/p>\n\n\n\n<p>As altera\u00e7\u00f5es nesse ritmo podem aumentar os fatores de risco cardiovascular, como mudan\u00e7as na press\u00e3o arterial e aumento de inflama\u00e7\u00f5es.<\/p>\n\n\n\n<p>O pesquisador explica que, na parte da manh\u00e3, h\u00e1 um aumento na atividade simp\u00e1tica (que prepara o organismo para responder a situa\u00e7\u00f5es de estresse ou medo) ao acordar e sair da cama \u2013 efeito que desaparece durante o dia e atinge seu n\u00edvel mais baixo durante o sono.<\/p>\n\n\n\n<p>&#8220;De fato, muitas pessoas que bebem caf\u00e9 o dia todo sofrem de dist\u00farbios do sono. Nesse contexto, o caf\u00e9 parece suprimir a melatonina, um importante indutor de sono no c\u00e9rebro&#8221;, comenta Qi.<\/p>\n\n\n\n<p>A pesquisa tamb\u00e9m mostrou que houve altera\u00e7\u00f5es nos resultados se considerada a quantidade de caf\u00e9 ingerida pela manh\u00e3: aqueles que bebiam grandes quantidades (mais de tr\u00eas x\u00edcaras) ou quantidades moderadas (duas a tr\u00eas x\u00edcaras) tiveram maiores redu\u00e7\u00f5es dos riscos do que as pessoas que bebiam pequenas quantidades (uma x\u00edcara ou menos).<\/p>\n\n\n\n<p>Ainda que mostre a associa\u00e7\u00e3o entre a ingest\u00e3o de caf\u00e9 e a sa\u00fade card\u00edaca, o pesquisador ressalta que s\u00e3o necess\u00e1rios mais estudos para validar as descobertas e ensaios cl\u00ednicos para &#8220;testar o impacto potencial de mudar o hor\u00e1rio do dia em que as pessoas tomar caf\u00e9&#8221;.<\/p>\n","protected":false},"excerpt":{"rendered":"<p>Redu\u00e7\u00e3o do risco de mortalidade pode estar relacionada \u00e0 influ\u00eancia do consumo de caf\u00e9 no ritmo circadiano e na produ\u00e7\u00e3o de horm\u00f4nios, como a melatonina Por J\u00falia Carvalho, g1 O h\u00e1bito de tomar caf\u00e9 pela manh\u00e3 pode reduzir o risco de morte por doen\u00e7as cardiovasculares. Isso \u00e9 o que aponta um novo estudo publicado na [&hellip;]<\/p>\n","protected":false},"author":2,"featured_media":85203,"comment_status":"open","ping_status":"open","sticky":false,"template":"","format":"standard","meta":{"_acf_changed":false,"_monsterinsights_skip_tracking":false,"_monsterinsights_sitenote_active":false,"_monsterinsights_sitenote_note":"","_monsterinsights_sitenote_category":0,"_jetpack_memberships_contains_paid_content":false,"footnotes":"","jetpack_publicize_message":"","jetpack_publicize_feature_enabled":true,"jetpack_social_post_already_shared":true,"jetpack_social_options":{"image_generator_settings":{"template":"highway","default_image_id":0,"font":"","enabled":false},"version":2}},"categories":[7],"tags":[],"class_list":["post-85202","post","type-post","status-publish","format-standard","has-post-thumbnail","hentry","category-saude"],"acf":[],"jetpack_publicize_connections":[],"jetpack_featured_media_url":"https:\/\/i0.wp.com\/blogdoeloiltoncajuhy.com.br\/site\/wp-content\/uploads\/2025\/01\/Cafe-%E2%80%94-Foto_Freepik.jpeg?fit=700%2C467&ssl=1","jetpack_sharing_enabled":true,"publishpress_future_workflow_manual_trigger":{"enabledWorkflows":[]},"_links":{"self":[{"href":"https:\/\/blogdoeloiltoncajuhy.com.br\/site\/wp-json\/wp\/v2\/posts\/85202","targetHints":{"allow":["GET"]}}],"collection":[{"href":"https:\/\/blogdoeloiltoncajuhy.com.br\/site\/wp-json\/wp\/v2\/posts"}],"about":[{"href":"https:\/\/blogdoeloiltoncajuhy.com.br\/site\/wp-json\/wp\/v2\/types\/post"}],"author":[{"embeddable":true,"href":"https:\/\/blogdoeloiltoncajuhy.com.br\/site\/wp-json\/wp\/v2\/users\/2"}],"replies":[{"embeddable":true,"href":"https:\/\/blogdoeloiltoncajuhy.com.br\/site\/wp-json\/wp\/v2\/comments?post=85202"}],"version-history":[{"count":1,"href":"https:\/\/blogdoeloiltoncajuhy.com.br\/site\/wp-json\/wp\/v2\/posts\/85202\/revisions"}],"predecessor-version":[{"id":85204,"href":"https:\/\/blogdoeloiltoncajuhy.com.br\/site\/wp-json\/wp\/v2\/posts\/85202\/revisions\/85204"}],"wp:featuredmedia":[{"embeddable":true,"href":"https:\/\/blogdoeloiltoncajuhy.com.br\/site\/wp-json\/wp\/v2\/media\/85203"}],"wp:attachment":[{"href":"https:\/\/blogdoeloiltoncajuhy.com.br\/site\/wp-json\/wp\/v2\/media?parent=85202"}],"wp:term":[{"taxonomy":"category","embeddable":true,"href":"https:\/\/blogdoeloiltoncajuhy.com.br\/site\/wp-json\/wp\/v2\/categories?post=85202"},{"taxonomy":"post_tag","embeddable":true,"href":"https:\/\/blogdoeloiltoncajuhy.com.br\/site\/wp-json\/wp\/v2\/tags?post=85202"}],"curies":[{"name":"wp","href":"https:\/\/api.w.org\/{rel}","templated":true}]}}