{"id":85199,"date":"2025-01-08T08:32:22","date_gmt":"2025-01-08T11:32:22","guid":{"rendered":"https:\/\/blogdoeloiltoncajuhy.com.br\/site\/?p=85199"},"modified":"2025-01-08T08:32:28","modified_gmt":"2025-01-08T11:32:28","slug":"ivete-sangalo-lamenta-morte-de-carlos-pitta-foi-um-cara-que-me-despertou","status":"publish","type":"post","link":"https:\/\/blogdoeloiltoncajuhy.com.br\/site\/ivete-sangalo-lamenta-morte-de-carlos-pitta-foi-um-cara-que-me-despertou\/","title":{"rendered":"Ivete Sangalo lamenta morte de Carlos Pitta: &#8216;Foi um cara que me despertou&#8217;"},"content":{"rendered":"\n<p class=\"has-medium-font-size\"><strong>M\u00fasico que morreu nesta ter\u00e7a-feira (7), em Salvador, foi um dos primeiros a reconhecer o talento da cantora baiana<\/strong><\/p>\n\n\n\n<p><strong>Por Ailma Teixeira, Valma Silva, g1 BA<\/strong><\/p>\n\n\n\n<figure class=\"wp-block-image aligncenter size-full\"><a href=\"https:\/\/i0.wp.com\/blogdoeloiltoncajuhy.com.br\/site\/wp-content\/uploads\/2025\/01\/Ivete-Carlos-Pitta-%E2%80%94-Foto_Reproducao_Redes-Sociais_Divulgacao_Arte-g1.jpeg?ssl=1\"><img data-recalc-dims=\"1\" fetchpriority=\"high\" decoding=\"async\" width=\"760\" height=\"476\" src=\"https:\/\/i0.wp.com\/blogdoeloiltoncajuhy.com.br\/site\/wp-content\/uploads\/2025\/01\/Ivete-Carlos-Pitta-%E2%80%94-Foto_Reproducao_Redes-Sociais_Divulgacao_Arte-g1.jpeg?resize=760%2C476&#038;ssl=1\" alt=\"\" class=\"wp-image-85200\" srcset=\"https:\/\/i0.wp.com\/blogdoeloiltoncajuhy.com.br\/site\/wp-content\/uploads\/2025\/01\/Ivete-Carlos-Pitta-%E2%80%94-Foto_Reproducao_Redes-Sociais_Divulgacao_Arte-g1.jpeg?w=760&amp;ssl=1 760w, https:\/\/i0.wp.com\/blogdoeloiltoncajuhy.com.br\/site\/wp-content\/uploads\/2025\/01\/Ivete-Carlos-Pitta-%E2%80%94-Foto_Reproducao_Redes-Sociais_Divulgacao_Arte-g1.jpeg?resize=300%2C188&amp;ssl=1 300w\" sizes=\"(max-width: 760px) 100vw, 760px\" \/><\/a><figcaption class=\"wp-element-caption\"><sub>Ivete lamenta morte de Carlos Pitta, um dos primeiros m\u00fasicos a incentivar a carreira dela \u2014 Foto: Reprodu\u00e7\u00e3o\/Redes Sociais | Divulga\u00e7\u00e3o | Arte g1<\/sub><\/figcaption><\/figure>\n\n\n\n<p>Ivete Sangalo lamentou a morte de Carlos Pitta, cantor e compositor baiano que morreu nesta ter\u00e7a-feira (7), aos 69 anos. Ele estava internado no Hospital Roberto Santos, em Salvador, e n\u00e3o resistiu \u00e0s complica\u00e7\u00f5es do diabetes.<\/p>\n\n\n\n<ul class=\"wp-block-list\">\n<li><a href=\"https:\/\/whatsapp.com\/channel\/0029VaAT7tDLI8Yfj5y9Z50Z\"><strong><mark style=\"background-color:rgba(0, 0, 0, 0)\" class=\"has-inline-color has-vivid-red-color\">Siga nosso canal no WhatsApp e veja mais not\u00edcias<\/mark><\/strong><\/a><\/li>\n<\/ul>\n\n\n\n<p class=\"has-text-align-center\"><\/p>\n\n\n\n<h4 class=\"wp-block-heading has-text-align-center\"><strong><mark style=\"background-color:rgba(0, 0, 0, 0)\" class=\"has-inline-color has-vivid-purple-color\">__________________<\/mark><\/strong><\/h4>\n\n\n\n<blockquote class=\"wp-block-quote is-layout-flow wp-block-quote-is-layout-flow\">\n<p class=\"has-medium-font-size\"><strong><mark style=\"background-color:rgba(0, 0, 0, 0)\" class=\"has-inline-color has-black-color\">&#8220;Eu estou muito triste, lamento demais a partida de Carlos, mas muito agradecida por todo o carinho, por toda a hist\u00f3ria que ele escreveu dentro da minha vida e pelas coisas maravilhosas que aprendi&#8221;, declarou Ivete em mensagem de \u00e1udio enviada com exclusividade ao <\/mark><mark style=\"background-color:rgba(0, 0, 0, 0)\" class=\"has-inline-color has-vivid-red-color\">g1<\/mark><mark style=\"background-color:rgba(0, 0, 0, 0)\" class=\"has-inline-color has-black-color\">.<\/mark><\/strong><\/p>\n<\/blockquote>\n\n\n\n<h4 class=\"wp-block-heading has-text-align-center\"><strong><mark style=\"background-color:rgba(0, 0, 0, 0)\" class=\"has-inline-color has-vivid-purple-color\">__________________<\/mark><\/strong><\/h4>\n\n\n\n<p>De acordo relato da cantora, Pitta foi um dos artistas que reconheceu o talento no in\u00edcio da carreira. Ela destaca que ele sempre teve grande import\u00e2ncia em sua vida.<\/p>\n\n\n\n<h4 class=\"wp-block-heading has-text-align-center\"><strong><mark style=\"background-color:rgba(0, 0, 0, 0)\" class=\"has-inline-color has-vivid-purple-color\">__________________<\/mark><\/strong><\/h4>\n\n\n\n<blockquote class=\"wp-block-quote is-layout-flow wp-block-quote-is-layout-flow\">\n<p class=\"has-medium-font-size\"><strong><mark style=\"background-color:rgba(0, 0, 0, 0)\" class=\"has-inline-color has-black-color\">&#8220;No come\u00e7o da minha carreira, foi um cara que me despertou\u2026 muitas coisas lindas, assim\u2026 da vida art\u00edstica, o gosto pela boa m\u00fasica, nos conectamos imediatamente. Ele foi extremamente generoso comigo, al\u00e9m de me colocar pra tocar em muitos bares da cidade de Salvador. Conheci grandes m\u00fasicos atrav\u00e9s de Carlos Pitta&#8221;.<\/mark><\/strong><\/p>\n<\/blockquote>\n\n\n\n<h4 class=\"wp-block-heading has-text-align-center\"><strong><mark style=\"background-color:rgba(0, 0, 0, 0)\" class=\"has-inline-color has-vivid-purple-color\">__________________<\/mark><\/strong><\/h4>\n\n\n\n<p>Ivete j\u00e1 contou essa hist\u00f3ria em outras ocasi\u00f5es. Em 2023, em entrevista ao podcast &#8220;Mano a Mano&#8221;, Perguntada sobre pessoas que deram grandes oportunidades em sua carreira, vete relatou que tinha 17 anos quando Pitta a viu cantar e, de imediato, disse: &#8216;Menina, voc\u00ea tem uma voz bonita. Voc\u00ea tem que tocar&#8217;.<\/p>\n\n\n\n<p>Ela se lamentou por n\u00e3o ter um viol\u00e3o el\u00e9trico e Carlos Pitta emprestou seu pr\u00f3prio instrumento para que ela pudesse avan\u00e7ar na carreira e iniciar apresenta\u00e7\u00f5es em barzinhos.<\/p>\n\n\n\n<p class=\"has-text-align-center\"><strong><mark style=\"background-color:rgba(0, 0, 0, 0)\" class=\"has-inline-color has-vivid-purple-color\">__________________<\/mark><\/strong><\/p>\n\n\n\n<blockquote class=\"wp-block-quote is-layout-flow wp-block-quote-is-layout-flow\">\n<p class=\"has-medium-font-size\"><strong><mark style=\"background-color:rgba(0, 0, 0, 0)\" class=\"has-inline-color has-black-color\">&#8220;Ele emprestou um viol\u00e3o incr\u00edvel, um viol\u00e3o que era o chamego dele. Me emprestou [o viol\u00e3o] e chamava os amigos pra ir. Eu tinha 17 anos&#8221;, comentou.<\/mark><\/strong><\/p>\n<\/blockquote>\n\n\n\n<p class=\"has-text-align-center\"><strong><mark style=\"background-color:rgba(0, 0, 0, 0)\" class=\"has-inline-color has-vivid-purple-color\">__________________<\/mark><\/strong><\/p>\n","protected":false},"excerpt":{"rendered":"<p>M\u00fasico que morreu nesta ter\u00e7a-feira (7), em Salvador, foi um dos primeiros a reconhecer o talento da cantora baiana Por Ailma Teixeira, Valma Silva, g1 BA Ivete Sangalo lamentou a morte de Carlos Pitta, cantor e compositor baiano que morreu nesta ter\u00e7a-feira (7), aos 69 anos. Ele estava internado no Hospital Roberto Santos, em Salvador, [&hellip;]<\/p>\n","protected":false},"author":2,"featured_media":85200,"comment_status":"open","ping_status":"open","sticky":false,"template":"","format":"standard","meta":{"_acf_changed":false,"_monsterinsights_skip_tracking":false,"_monsterinsights_sitenote_active":false,"_monsterinsights_sitenote_note":"","_monsterinsights_sitenote_category":0,"_jetpack_memberships_contains_paid_content":false,"footnotes":"","jetpack_publicize_message":"","jetpack_publicize_feature_enabled":true,"jetpack_social_post_already_shared":true,"jetpack_social_options":{"image_generator_settings":{"template":"highway","default_image_id":0,"font":"","enabled":false},"version":2}},"categories":[8],"tags":[],"class_list":["post-85199","post","type-post","status-publish","format-standard","has-post-thumbnail","hentry","category-cultura"],"acf":[],"jetpack_publicize_connections":[],"jetpack_featured_media_url":"https:\/\/i0.wp.com\/blogdoeloiltoncajuhy.com.br\/site\/wp-content\/uploads\/2025\/01\/Ivete-Carlos-Pitta-%E2%80%94-Foto_Reproducao_Redes-Sociais_Divulgacao_Arte-g1.jpeg?fit=760%2C476&ssl=1","jetpack_sharing_enabled":true,"publishpress_future_workflow_manual_trigger":{"enabledWorkflows":[]},"_links":{"self":[{"href":"https:\/\/blogdoeloiltoncajuhy.com.br\/site\/wp-json\/wp\/v2\/posts\/85199","targetHints":{"allow":["GET"]}}],"collection":[{"href":"https:\/\/blogdoeloiltoncajuhy.com.br\/site\/wp-json\/wp\/v2\/posts"}],"about":[{"href":"https:\/\/blogdoeloiltoncajuhy.com.br\/site\/wp-json\/wp\/v2\/types\/post"}],"author":[{"embeddable":true,"href":"https:\/\/blogdoeloiltoncajuhy.com.br\/site\/wp-json\/wp\/v2\/users\/2"}],"replies":[{"embeddable":true,"href":"https:\/\/blogdoeloiltoncajuhy.com.br\/site\/wp-json\/wp\/v2\/comments?post=85199"}],"version-history":[{"count":1,"href":"https:\/\/blogdoeloiltoncajuhy.com.br\/site\/wp-json\/wp\/v2\/posts\/85199\/revisions"}],"predecessor-version":[{"id":85201,"href":"https:\/\/blogdoeloiltoncajuhy.com.br\/site\/wp-json\/wp\/v2\/posts\/85199\/revisions\/85201"}],"wp:featuredmedia":[{"embeddable":true,"href":"https:\/\/blogdoeloiltoncajuhy.com.br\/site\/wp-json\/wp\/v2\/media\/85200"}],"wp:attachment":[{"href":"https:\/\/blogdoeloiltoncajuhy.com.br\/site\/wp-json\/wp\/v2\/media?parent=85199"}],"wp:term":[{"taxonomy":"category","embeddable":true,"href":"https:\/\/blogdoeloiltoncajuhy.com.br\/site\/wp-json\/wp\/v2\/categories?post=85199"},{"taxonomy":"post_tag","embeddable":true,"href":"https:\/\/blogdoeloiltoncajuhy.com.br\/site\/wp-json\/wp\/v2\/tags?post=85199"}],"curies":[{"name":"wp","href":"https:\/\/api.w.org\/{rel}","templated":true}]}}