{"id":84973,"date":"2024-12-23T16:17:07","date_gmt":"2024-12-23T19:17:07","guid":{"rendered":"https:\/\/blogdoeloiltoncajuhy.com.br\/site\/?p=84973"},"modified":"2024-12-23T16:17:09","modified_gmt":"2024-12-23T19:17:09","slug":"governo-autoriza-nomeacao-de-300-candidatos-excedentes-para-o-inss","status":"publish","type":"post","link":"https:\/\/blogdoeloiltoncajuhy.com.br\/site\/governo-autoriza-nomeacao-de-300-candidatos-excedentes-para-o-inss\/","title":{"rendered":"Governo autoriza nomea\u00e7\u00e3o de 300 candidatos excedentes para o INSS"},"content":{"rendered":"\n<p class=\"has-medium-font-size\"><strong>O concurso foi realizado em 2022, mas a validade foi prorrogada at\u00e9 maio de 2025. O documento autoriza a nomea\u00e7\u00e3o dos aprovados n\u00e3o classificados dentro do quantitativo de vagas previsto<\/strong><\/p>\n\n\n\n<p><strong>Por g1<\/strong> \u2014 S\u00e3o Paulo<\/p>\n\n\n\n<figure class=\"wp-block-image aligncenter size-large\"><a href=\"https:\/\/i0.wp.com\/blogdoeloiltoncajuhy.com.br\/site\/wp-content\/uploads\/2020\/10\/INSS-2020.jpg\"><img data-recalc-dims=\"1\" fetchpriority=\"high\" decoding=\"async\" width=\"800\" height=\"479\" src=\"https:\/\/i0.wp.com\/blogdoeloiltoncajuhy.com.br\/site\/wp-content\/uploads\/2020\/10\/INSS-2020.jpg?resize=800%2C479\" alt=\"\" class=\"wp-image-50374\" srcset=\"https:\/\/i0.wp.com\/blogdoeloiltoncajuhy.com.br\/site\/wp-content\/uploads\/2020\/10\/INSS-2020.jpg?resize=1024%2C613&amp;ssl=1 1024w, https:\/\/i0.wp.com\/blogdoeloiltoncajuhy.com.br\/site\/wp-content\/uploads\/2020\/10\/INSS-2020.jpg?resize=300%2C179&amp;ssl=1 300w, https:\/\/i0.wp.com\/blogdoeloiltoncajuhy.com.br\/site\/wp-content\/uploads\/2020\/10\/INSS-2020.jpg?resize=768%2C459&amp;ssl=1 768w, https:\/\/i0.wp.com\/blogdoeloiltoncajuhy.com.br\/site\/wp-content\/uploads\/2020\/10\/INSS-2020.jpg?w=1170&amp;ssl=1 1170w\" sizes=\"(max-width: 800px) 100vw, 800px\" \/><\/a><figcaption class=\"wp-element-caption\"><sub>Instituto Nacional do Seguro Social (INSS) &#8211; Foto: Divulga\u00e7\u00e3o<\/sub><\/figcaption><\/figure>\n\n\n\n<p>O governo federal publicou, nesta segunda-feira (23), uma portaria que autoriza a contrata\u00e7\u00e3o de 300 servidores para o Instituto Nacional do Seguro Social (INSS).<\/p>\n\n\n\n<p>O Decreto n\u00ba 12.331, assinado pelo presidente Luiz In\u00e1cio Lula da Silva (PT), autoriza a nomea\u00e7\u00e3o dos candidatos aprovados no \u00faltimo concurso p\u00fablico da institui\u00e7\u00e3o \u2013 realizado em 2022, mas prorrogado at\u00e9 maio de 2025.<\/p>\n\n\n\n<p>O documento autoriza a nomea\u00e7\u00e3o de candidatos excedentes, que s\u00e3o os aprovados, mas n\u00e3o foram classificados dentro do quantitativo de vagas inicialmente previsto pelo edital.<\/p>\n\n\n\n<ul class=\"wp-block-list\">\n<li><a href=\"https:\/\/whatsapp.com\/channel\/0029VaAT7tDLI8Yfj5y9Z50Z\"><strong><mark style=\"background-color:rgba(0, 0, 0, 0)\" class=\"has-inline-color has-vivid-red-color\">Siga nosso canal no WhatsApp e veja mais not\u00edcias<\/mark><\/strong><\/a><\/li>\n<\/ul>\n\n\n\n<p><\/p>\n\n\n\n<p>Os contratos emergenciais ter\u00e3o dura\u00e7\u00e3o de seis meses, podendo ser prorrogados conforme necess\u00e1rio.<\/p>\n\n\n\n<p class=\"has-black-color has-text-color has-link-color has-medium-font-size wp-elements-1d8d434ad5494a4f0cc58282dcabc6f4\"><strong>Concurso em andamento<\/strong><\/p>\n\n\n\n<p>Recentemente, o Minist\u00e9rio da Previd\u00eancia Social (MPS) publicou um edital de concurso p\u00fablico para preencher de 250 vagas no cargo de perito m\u00e9dico federal, com remunera\u00e7\u00e3o inicial de at\u00e9 R$ 14,1 mil.<\/p>\n\n\n\n<ul class=\"wp-block-list\">\n<li><a class=\"\" href=\"https:\/\/cdn.cebraspe.org.br\/concursos\/mps_24\/arquivos\/ED_2_MPS_24_ABERTURA.PDF\" target=\"_blank\" rel=\"noreferrer noopener\"><strong><mark style=\"background-color:rgba(0, 0, 0, 0)\" class=\"has-inline-color has-vivid-cyan-blue-color\">VEJA O EDITAL COMPLETO<\/mark><\/strong><\/a><\/li>\n<\/ul>\n\n\n\n<p><\/p>\n\n\n\n<p>As inscri\u00e7\u00f5es j\u00e1 est\u00e3o abertas e v\u00e3o at\u00e9 o dia 9 de janeiro, no site do Centro Brasileiro de Pesquisa em Avalia\u00e7\u00e3o e Sele\u00e7\u00e3o e de Promo\u00e7\u00e3o de Eventos (Cebraspe) \u2013 a banca organizadora do processo seletivo.<\/p>\n\n\n\n<p>A taxa de inscri\u00e7\u00e3o para participar \u00e9 de R$ 120. Candidatos doadores de medula \u00f3ssea em entidades reconhecidas pelo Minist\u00e9rio da Sa\u00fade e inscritos no Cad\u00danico podem solicitar isen\u00e7\u00e3o da taxa.<\/p>\n\n\n\n<p>O concurso ser\u00e1 composto por provas objetivas, de car\u00e1ter eliminat\u00f3rio e classificat\u00f3rio, al\u00e9m da avalia\u00e7\u00e3o de t\u00edtulos, de car\u00e1ter classificat\u00f3rio.<\/p>\n\n\n\n<p>Para concorrer \u00e9 preciso ter diploma de n\u00edvel superior em Medicina, fornecido por institui\u00e7\u00e3o de ensino superior reconhecida pelo Minist\u00e9rio da Educa\u00e7\u00e3o (MEC), al\u00e9m do registro no Conselho Regional de Medicina.<\/p>\n\n\n\n<p>Dentre as fun\u00e7\u00f5es exercidas pelos peritos m\u00e9dicos est\u00e3o: emiss\u00e3o de parecer conclusivo quanto \u00e0 incapacidade laboral; a verifica\u00e7\u00e3o, quando necess\u00e1ria \u00e0 an\u00e1lise da proced\u00eancia de benef\u00edcios previdenci\u00e1rios; a caracteriza\u00e7\u00e3o da invalidez; e a auditoria m\u00e9dica.<\/p>\n\n\n\n<p>A remunera\u00e7\u00e3o inicial do cargo ser\u00e1 de R$ 14.166,99, considerando o sal\u00e1rio-base e a Gratifica\u00e7\u00e3o de Desempenho de Atividade M\u00e9dico-Pericial (GDAMP). A carga hor\u00e1ria dos aprovados ser\u00e1 de 40 horas semanais.<\/p>\n\n\n\n<p>As provas objetivas ser\u00e3o aplicadas no dia 16 de fevereiro de 2025. O resultado final ser\u00e1 publicado no dia 16 de mar\u00e7o.<\/p>\n\n\n\n<p>Do total de vagas, 5% s\u00e3o reservadas para pessoas com defici\u00eancia (PCDs) e 20% vagas para pessoas negras.<\/p>\n\n\n\n<p>Al\u00e9m das 250 vagas imediatas, o secret\u00e1rio de Regime Geral de Previd\u00eancia Social, Adroaldo Portal, afirmou que o compromisso do Minist\u00e9rio \u00e9 chamar mais 250 candidatos do cadastro reserva t\u00e3o logo a lista de aprovados seja divulgada.<\/p>\n\n\n\n<p>As vagas oferecidas s\u00e3o distribu\u00eddas nos 26 estados do pa\u00eds, al\u00e9m do Distrito Federal.<\/p>\n","protected":false},"excerpt":{"rendered":"<p>O concurso foi realizado em 2022, mas a validade foi prorrogada at\u00e9 maio de 2025. O documento autoriza a nomea\u00e7\u00e3o dos aprovados n\u00e3o classificados dentro do quantitativo de vagas previsto Por g1 \u2014 S\u00e3o Paulo O governo federal publicou, nesta segunda-feira (23), uma portaria que autoriza a contrata\u00e7\u00e3o de 300 servidores para o Instituto Nacional [&hellip;]<\/p>\n","protected":false},"author":2,"featured_media":50374,"comment_status":"open","ping_status":"open","sticky":false,"template":"","format":"standard","meta":{"_acf_changed":false,"_monsterinsights_skip_tracking":false,"_monsterinsights_sitenote_active":false,"_monsterinsights_sitenote_note":"","_monsterinsights_sitenote_category":0,"_jetpack_memberships_contains_paid_content":false,"footnotes":"","jetpack_publicize_message":"","jetpack_publicize_feature_enabled":true,"jetpack_social_post_already_shared":true,"jetpack_social_options":{"image_generator_settings":{"template":"highway","default_image_id":0,"font":"","enabled":false},"version":2}},"categories":[32],"tags":[],"class_list":["post-84973","post","type-post","status-publish","format-standard","has-post-thumbnail","hentry","category-emprego"],"acf":[],"jetpack_publicize_connections":[],"jetpack_featured_media_url":"https:\/\/i0.wp.com\/blogdoeloiltoncajuhy.com.br\/site\/wp-content\/uploads\/2020\/10\/INSS-2020.jpg?fit=1170%2C700&ssl=1","jetpack_sharing_enabled":true,"publishpress_future_workflow_manual_trigger":{"enabledWorkflows":[]},"_links":{"self":[{"href":"https:\/\/blogdoeloiltoncajuhy.com.br\/site\/wp-json\/wp\/v2\/posts\/84973","targetHints":{"allow":["GET"]}}],"collection":[{"href":"https:\/\/blogdoeloiltoncajuhy.com.br\/site\/wp-json\/wp\/v2\/posts"}],"about":[{"href":"https:\/\/blogdoeloiltoncajuhy.com.br\/site\/wp-json\/wp\/v2\/types\/post"}],"author":[{"embeddable":true,"href":"https:\/\/blogdoeloiltoncajuhy.com.br\/site\/wp-json\/wp\/v2\/users\/2"}],"replies":[{"embeddable":true,"href":"https:\/\/blogdoeloiltoncajuhy.com.br\/site\/wp-json\/wp\/v2\/comments?post=84973"}],"version-history":[{"count":1,"href":"https:\/\/blogdoeloiltoncajuhy.com.br\/site\/wp-json\/wp\/v2\/posts\/84973\/revisions"}],"predecessor-version":[{"id":84974,"href":"https:\/\/blogdoeloiltoncajuhy.com.br\/site\/wp-json\/wp\/v2\/posts\/84973\/revisions\/84974"}],"wp:featuredmedia":[{"embeddable":true,"href":"https:\/\/blogdoeloiltoncajuhy.com.br\/site\/wp-json\/wp\/v2\/media\/50374"}],"wp:attachment":[{"href":"https:\/\/blogdoeloiltoncajuhy.com.br\/site\/wp-json\/wp\/v2\/media?parent=84973"}],"wp:term":[{"taxonomy":"category","embeddable":true,"href":"https:\/\/blogdoeloiltoncajuhy.com.br\/site\/wp-json\/wp\/v2\/categories?post=84973"},{"taxonomy":"post_tag","embeddable":true,"href":"https:\/\/blogdoeloiltoncajuhy.com.br\/site\/wp-json\/wp\/v2\/tags?post=84973"}],"curies":[{"name":"wp","href":"https:\/\/api.w.org\/{rel}","templated":true}]}}