{"id":84963,"date":"2024-12-23T14:25:52","date_gmt":"2024-12-23T17:25:52","guid":{"rendered":"https:\/\/blogdoeloiltoncajuhy.com.br\/site\/?p=84963"},"modified":"2024-12-23T14:30:47","modified_gmt":"2024-12-23T17:30:47","slug":"ministerio-publico-eleitoral-pede-cassacao-de-diplomas-de-prefeito-vice-e-vereador-eleitos-de-andorinha","status":"publish","type":"post","link":"https:\/\/blogdoeloiltoncajuhy.com.br\/site\/ministerio-publico-eleitoral-pede-cassacao-de-diplomas-de-prefeito-vice-e-vereador-eleitos-de-andorinha\/","title":{"rendered":"Minist\u00e9rio P\u00fablico Eleitoral pede cassa\u00e7\u00e3o de diplomas de prefeito, vice e vereador eleitos de Andorinha"},"content":{"rendered":"\n<p class=\"has-medium-font-size\"><strong>Decis\u00e3o cabe ao juiz da 45\u00aa Zona Eleitoral, Dr. Tardelli Boaventura<\/strong><\/p>\n\n\n\n<p><strong>Por Blog do Eloilton Cajuhy &#8211; BEC<\/strong><\/p>\n\n\n\n<figure class=\"wp-block-image aligncenter size-full is-resized\"><a href=\"https:\/\/i0.wp.com\/blogdoeloiltoncajuhy.com.br\/site\/wp-content\/uploads\/2022\/06\/Andorinha_redes-sociais.jpg\"><img data-recalc-dims=\"1\" fetchpriority=\"high\" decoding=\"async\" width=\"774\" height=\"626\" src=\"https:\/\/i0.wp.com\/blogdoeloiltoncajuhy.com.br\/site\/wp-content\/uploads\/2022\/06\/Andorinha_redes-sociais.jpg?resize=774%2C626\" alt=\"\" class=\"wp-image-66228\" style=\"width:648px;height:auto\" srcset=\"https:\/\/i0.wp.com\/blogdoeloiltoncajuhy.com.br\/site\/wp-content\/uploads\/2022\/06\/Andorinha_redes-sociais.jpg?w=774&amp;ssl=1 774w, https:\/\/i0.wp.com\/blogdoeloiltoncajuhy.com.br\/site\/wp-content\/uploads\/2022\/06\/Andorinha_redes-sociais.jpg?resize=300%2C243&amp;ssl=1 300w, https:\/\/i0.wp.com\/blogdoeloiltoncajuhy.com.br\/site\/wp-content\/uploads\/2022\/06\/Andorinha_redes-sociais.jpg?resize=768%2C621&amp;ssl=1 768w\" sizes=\"(max-width: 774px) 100vw, 774px\" \/><\/a><figcaption class=\"wp-element-caption\"><sub>Reprodu\u00e7\u00e3o<\/sub><\/figcaption><\/figure>\n\n\n\n<p>O Minist\u00e9rio P\u00fablico Eleitoral (MPE), por meio da 45\u00aa Zona Eleitoral de Senhor do Bonfim, apresentou suas alega\u00e7\u00f5es finais em uma A\u00e7\u00e3o de Investiga\u00e7\u00e3o Judicial Eleitoral (AIJE) que apura acusa\u00e7\u00f5es de abuso de poder econ\u00f4mico, pol\u00edtico e capta\u00e7\u00e3o il\u00edcita de votos nas elei\u00e7\u00f5es municipais de Andorinha, Bahia.<\/p>\n\n\n\n<p>A a\u00e7\u00e3o foi movida pela Coliga\u00e7\u00e3o Avan\u00e7a Mais Andorinha, composta pela Federa\u00e7\u00e3o Brasil da Esperan\u00e7a (PT, PC do B e PV) e pelos partidos coligados PP, PSD e PMD, contra os candidatos <strong>Adilberto Evangelista de Souza<\/strong>, <strong>Jos\u00e9 Vagner Ara\u00fajo de Lavor<\/strong> e <strong>Cl\u00e9riston Grig\u00f3rio de Ara\u00fajo<\/strong>, conhecido como <strong>Neguinho do Grig\u00f3rio<\/strong>.<\/p>\n\n\n\n<ul class=\"wp-block-list\">\n<li><a href=\"https:\/\/whatsapp.com\/channel\/0029VaAT7tDLI8Yfj5y9Z50Z\"><strong><mark style=\"background-color:rgba(0, 0, 0, 0)\" class=\"has-inline-color has-vivid-red-color\">Siga nosso canal no WhatsApp e veja mais not\u00edcias<\/mark><\/strong><\/a><\/li>\n<\/ul>\n\n\n\n<p><\/p>\n\n\n\n<p>Segundo a coliga\u00e7\u00e3o denunciante, os fatos ocorreram em 26 de agosto de 2024, durante um evento pol\u00edtico nas ruas de Andorinha. Eleitores identificados com a cor verde, associada ao partido Podemos e ao candidato Adilberto Evangelista, teriam se reunido na C\u00e2mara Municipal de forma suspeita, acompanhados de dois dos candidatos acusados.<\/p>\n\n\n\n<p>O MPE destacou o depoimento da vereadora Lurdinha, que afirmou ter flagrado uma aglomera\u00e7\u00e3o no gabinete da C\u00e2mara. No local, testemunhou o candidato Adilberto Evangelista pr\u00f3ximo \u00e0 entrada do gabinete, em atitude que levantou suspeitas sobre a entrega de algum objeto.<\/p>\n\n\n\n<p>Diante das evid\u00eancias apresentadas nos autos, o Minist\u00e9rio P\u00fablico requereu ao ju\u00edzo eleitoral:<\/p>\n\n\n\n<ul class=\"wp-block-list\">\n<li>A decreta\u00e7\u00e3o da inelegibilidade dos tr\u00eas candidatos acusados, com base no artigo 22 da Lei Complementar Federal n\u00ba 64\/90, pela pr\u00e1tica de abuso de poder pol\u00edtico;<\/li>\n\n\n\n<li>A cassa\u00e7\u00e3o dos registros de candidatura ou dos diplomas dos envolvidos, por terem se beneficiado das pr\u00e1ticas irregulares;<\/li>\n\n\n\n<li>A aplica\u00e7\u00e3o de multa, nos termos do artigo 73 da Lei n\u00ba 9.504\/97, com valores entre R$ 5.320,00 e R$ 106.410,00.<\/li>\n<\/ul>\n\n\n\n<p><\/p>\n\n\n\n<p>A a\u00e7\u00e3o segue agora para julgamento, e caso os pedidos do Minist\u00e9rio P\u00fablico sejam acolhidos, os candidatos poder\u00e3o sofrer san\u00e7\u00f5es severas, que incluem a perda de direitos pol\u00edticos e o impedimento de concorrer a cargos eletivos.<\/p>\n\n\n\n<p>O <strong>BEC<\/strong> entrou em contato com o Adilberto Evangelista e este nos informou que ainda n\u00e3o foi notificado pelo Minist\u00e9rio P\u00fablico Eleitoral, afirmando que a solenidade de sua posse, juntamente com o vice Vagner Lavor, est\u00e1 mantida para o dia 1\u00ba de janeiro.<\/p>\n","protected":false},"excerpt":{"rendered":"<p>Decis\u00e3o cabe ao juiz da 45\u00aa Zona Eleitoral, Dr. Tardelli Boaventura Por Blog do Eloilton Cajuhy &#8211; BEC O Minist\u00e9rio P\u00fablico Eleitoral (MPE), por meio da 45\u00aa Zona Eleitoral de Senhor do Bonfim, apresentou suas alega\u00e7\u00f5es finais em uma A\u00e7\u00e3o de Investiga\u00e7\u00e3o Judicial Eleitoral (AIJE) que apura acusa\u00e7\u00f5es de abuso de poder econ\u00f4mico, pol\u00edtico e [&hellip;]<\/p>\n","protected":false},"author":2,"featured_media":66228,"comment_status":"open","ping_status":"open","sticky":false,"template":"","format":"standard","meta":{"_acf_changed":false,"_monsterinsights_skip_tracking":false,"_monsterinsights_sitenote_active":false,"_monsterinsights_sitenote_note":"","_monsterinsights_sitenote_category":0,"_jetpack_memberships_contains_paid_content":false,"footnotes":"","jetpack_publicize_message":"","jetpack_publicize_feature_enabled":true,"jetpack_social_post_already_shared":true,"jetpack_social_options":{"image_generator_settings":{"template":"highway","default_image_id":0,"font":"","enabled":false},"version":2}},"categories":[11],"tags":[],"class_list":["post-84963","post","type-post","status-publish","format-standard","has-post-thumbnail","hentry","category-regional"],"acf":[],"jetpack_publicize_connections":[],"jetpack_featured_media_url":"https:\/\/i0.wp.com\/blogdoeloiltoncajuhy.com.br\/site\/wp-content\/uploads\/2022\/06\/Andorinha_redes-sociais.jpg?fit=774%2C626&ssl=1","jetpack_sharing_enabled":true,"publishpress_future_workflow_manual_trigger":{"enabledWorkflows":[]},"_links":{"self":[{"href":"https:\/\/blogdoeloiltoncajuhy.com.br\/site\/wp-json\/wp\/v2\/posts\/84963","targetHints":{"allow":["GET"]}}],"collection":[{"href":"https:\/\/blogdoeloiltoncajuhy.com.br\/site\/wp-json\/wp\/v2\/posts"}],"about":[{"href":"https:\/\/blogdoeloiltoncajuhy.com.br\/site\/wp-json\/wp\/v2\/types\/post"}],"author":[{"embeddable":true,"href":"https:\/\/blogdoeloiltoncajuhy.com.br\/site\/wp-json\/wp\/v2\/users\/2"}],"replies":[{"embeddable":true,"href":"https:\/\/blogdoeloiltoncajuhy.com.br\/site\/wp-json\/wp\/v2\/comments?post=84963"}],"version-history":[{"count":2,"href":"https:\/\/blogdoeloiltoncajuhy.com.br\/site\/wp-json\/wp\/v2\/posts\/84963\/revisions"}],"predecessor-version":[{"id":84965,"href":"https:\/\/blogdoeloiltoncajuhy.com.br\/site\/wp-json\/wp\/v2\/posts\/84963\/revisions\/84965"}],"wp:featuredmedia":[{"embeddable":true,"href":"https:\/\/blogdoeloiltoncajuhy.com.br\/site\/wp-json\/wp\/v2\/media\/66228"}],"wp:attachment":[{"href":"https:\/\/blogdoeloiltoncajuhy.com.br\/site\/wp-json\/wp\/v2\/media?parent=84963"}],"wp:term":[{"taxonomy":"category","embeddable":true,"href":"https:\/\/blogdoeloiltoncajuhy.com.br\/site\/wp-json\/wp\/v2\/categories?post=84963"},{"taxonomy":"post_tag","embeddable":true,"href":"https:\/\/blogdoeloiltoncajuhy.com.br\/site\/wp-json\/wp\/v2\/tags?post=84963"}],"curies":[{"name":"wp","href":"https:\/\/api.w.org\/{rel}","templated":true}]}}