{"id":84960,"date":"2024-12-23T09:12:40","date_gmt":"2024-12-23T12:12:40","guid":{"rendered":"https:\/\/blogdoeloiltoncajuhy.com.br\/site\/?p=84960"},"modified":"2024-12-23T09:12:43","modified_gmt":"2024-12-23T12:12:43","slug":"flavio-dino-determina-suspensao-de-r-42-bilhoes-em-emendas-e-pede-investigacao-da-pf","status":"publish","type":"post","link":"https:\/\/blogdoeloiltoncajuhy.com.br\/site\/flavio-dino-determina-suspensao-de-r-42-bilhoes-em-emendas-e-pede-investigacao-da-pf\/","title":{"rendered":"Fl\u00e1vio Dino determina suspens\u00e3o de R$ 4,2 bilh\u00f5es em emendas e pede investiga\u00e7\u00e3o da PF"},"content":{"rendered":"\n<p class=\"has-medium-font-size\"><strong>Ministro atende pedido do Psol. Libera\u00e7\u00e3o s\u00f3 poder\u00e1 ser feita se as indica\u00e7\u00f5es seguirem os crit\u00e9rios de transpar\u00eancia definidos pelo STF<\/strong><\/p>\n\n\n\n<p><strong>Por Vladimir Netto, Fernanda Vivas, TV Globo<\/strong> \u2014 Bras\u00edlia<\/p>\n\n\n\n<figure class=\"wp-block-image aligncenter size-full is-resized\"><a href=\"https:\/\/i0.wp.com\/blogdoeloiltoncajuhy.com.br\/site\/wp-content\/uploads\/2024\/12\/Brasilia-DF_Foto_Rede-Globo.png?ssl=1\"><img data-recalc-dims=\"1\" fetchpriority=\"high\" decoding=\"async\" width=\"800\" height=\"484\" src=\"https:\/\/i0.wp.com\/blogdoeloiltoncajuhy.com.br\/site\/wp-content\/uploads\/2024\/12\/Brasilia-DF_Foto_Rede-Globo.png?resize=800%2C484&#038;ssl=1\" alt=\"\" class=\"wp-image-84961\" style=\"width:702px;height:auto\" srcset=\"https:\/\/i0.wp.com\/blogdoeloiltoncajuhy.com.br\/site\/wp-content\/uploads\/2024\/12\/Brasilia-DF_Foto_Rede-Globo.png?w=801&amp;ssl=1 801w, https:\/\/i0.wp.com\/blogdoeloiltoncajuhy.com.br\/site\/wp-content\/uploads\/2024\/12\/Brasilia-DF_Foto_Rede-Globo.png?resize=300%2C182&amp;ssl=1 300w, https:\/\/i0.wp.com\/blogdoeloiltoncajuhy.com.br\/site\/wp-content\/uploads\/2024\/12\/Brasilia-DF_Foto_Rede-Globo.png?resize=768%2C465&amp;ssl=1 768w\" sizes=\"(max-width: 800px) 100vw, 800px\" \/><\/a><figcaption class=\"wp-element-caption\"><sub>Fl\u00e1vio Dino determina suspens\u00e3o de R$ 4,2 bilh\u00f5es em emendas e pede investiga\u00e7\u00e3o da PF &#8211; Foto: TV Globo<\/sub><\/figcaption><\/figure>\n\n\n\n<p>O ministro Fl\u00e1vio Dino, do Supremo Tribunal Federal (STF), determinou nesta segunda-feira (23) a suspens\u00e3o do pagamento de pouco mais de R$ 4 bilh\u00f5es em emendas parlamentares e determinou que a Pol\u00edcia Federal (PF) abra um inqu\u00e9rito para apurar a libera\u00e7\u00e3o deste valor.<\/p>\n\n\n\n<p>As emendas parlamentares s\u00e3o uma reserva dentro do Or\u00e7amento usadas conforme indica\u00e7\u00e3o de deputados e senadores. \u00c9 esse o dinheiro enviado pelos parlamentares \u00e0s suas bases eleitorais. A execu\u00e7\u00e3o do dinheiro \u00e9 de compet\u00eancia do governo federal.<\/p>\n\n\n\n<ul class=\"wp-block-list\">\n<li><a href=\"https:\/\/whatsapp.com\/channel\/0029VaAT7tDLI8Yfj5y9Z50Z\"><strong><mark style=\"background-color:rgba(0, 0, 0, 0)\" class=\"has-inline-color has-vivid-red-color\">Siga nosso canal no WhatsApp e veja mais not\u00edcias<\/mark><\/strong><\/a><br><\/li>\n<\/ul>\n\n\n\n<p><\/p>\n\n\n\n<p>A decis\u00e3o de Dino foi uma resposta a um pedido do PSOL, que apontou irregularidades na destina\u00e7\u00e3o de R$ 4,2 bilh\u00f5es em emendas de comiss\u00e3o.<\/p>\n\n\n\n<p>Esse tipo de emenda, que n\u00e3o tem pagamento obrigat\u00f3rio, \u00e9 indicada por colegiados tem\u00e1ticos no Congresso, tanto da C\u00e2mara, quanto do Senado. Essa modalidade foi turbinada ap\u00f3s o STF derrubar as emendas de relator.<\/p>\n\n\n\n<p>O PSOL questionou no STF o of\u00edcio que autorizou o repasse dos recursos das emendas de comiss\u00e3o.<\/p>\n\n\n\n<p>O documento que pediu a libera\u00e7\u00e3o do dinheiro foi enviado no dia 12 de dezembro ao Pal\u00e1cio do Planalto pelo presidente da C\u00e2mara, Arthur Lira (PP-AL) e assinado por 17 l\u00edderes de partidos na Casa.<\/p>\n\n\n\n<p>No mesmo dia, Lira cancelou todas as sess\u00f5es de comiss\u00f5es que estavam marcadas at\u00e9 20 de dezembro, \u00faltimo dia de trabalho na C\u00e2mara em 2025. A decis\u00e3o do parlamentar citou \u201ca necessidade de o Plen\u00e1rio da C\u00e2mara dos Deputados discutir e votar proposi\u00e7\u00f5es de relevante interesse nacional\u201d.<\/p>\n\n\n\n<p class=\"has-black-color has-text-color has-link-color has-medium-font-size wp-elements-1372da04955b30e0864a937dbab98d90\"><strong>Pautas do governo no Congresso<\/strong><\/p>\n\n\n\n<p>Na \u00faltima semana, os deputados votaram a regulamenta\u00e7\u00e3o da reforma tribut\u00e1ria e o pacote de cortes de gastos. Com a decis\u00e3o de Lira, os colegiados tem\u00e1ticos da C\u00e2mara n\u00e3o puderam deliberar sobre o destino das emendas de comiss\u00e3o.<\/p>\n\n\n\n<p>Segundo a a\u00e7\u00e3o do PSOL, a medida impediu o registro da ata ou delibera\u00e7\u00e3o formal de 5,4 mil indica\u00e7\u00f5es de emenda em um total de R$ 4,2 bilh\u00f5es.<\/p>\n\n\n\n<p>Ao STF, o partido afirmou que parte dessas emendas teve novas indica\u00e7\u00f5es de destinos em favor de Alagoas, estado de Lira, o que o PSOL apontou como ilegal. O governo federal, por meio da Casa Civil, n\u00e3o viu irregularidades e autorizou o repasse.<\/p>\n\n\n\n<p>Na decis\u00e3o, Dino determinou que a C\u00e2mara publique em at\u00e9 cinco dias as atas das reuni\u00f5es das comiss\u00f5es nas quais as emendas foram aprovadas.<\/p>\n\n\n\n<p>Esses registros devem ser encaminhados \u00e0 Secretaria de Rela\u00e7\u00f5es Institucionais da Presid\u00eancia, chefiada pelo ministro Alexandre Padilha, respons\u00e1vel pela rela\u00e7\u00e3o do Planalto com o Congresso.<\/p>\n\n\n\n<p>O ministro do STF tamb\u00e9m decidiu que o pagamento das emendas s\u00f3 poder\u00e1 ser feito depois que essas atas chegarem ao Planalto e desde que sigam os crit\u00e9rios de transpar\u00eancia e rastreablidade definidos pela Corte em decis\u00e3o no \u00faltimo dia 4.<\/p>\n\n\n\n<p>O ministro determinou ainda que as emendas de 2025 s\u00f3 poder\u00e3o ser autorizadas caso os requisitos sejam cumpridos.<\/p>\n","protected":false},"excerpt":{"rendered":"<p>Ministro atende pedido do Psol. Libera\u00e7\u00e3o s\u00f3 poder\u00e1 ser feita se as indica\u00e7\u00f5es seguirem os crit\u00e9rios de transpar\u00eancia definidos pelo STF Por Vladimir Netto, Fernanda Vivas, TV Globo \u2014 Bras\u00edlia O ministro Fl\u00e1vio Dino, do Supremo Tribunal Federal (STF), determinou nesta segunda-feira (23) a suspens\u00e3o do pagamento de pouco mais de R$ 4 bilh\u00f5es em [&hellip;]<\/p>\n","protected":false},"author":2,"featured_media":84961,"comment_status":"open","ping_status":"open","sticky":false,"template":"","format":"standard","meta":{"_acf_changed":false,"_monsterinsights_skip_tracking":false,"_monsterinsights_sitenote_active":false,"_monsterinsights_sitenote_note":"","_monsterinsights_sitenote_category":0,"_jetpack_memberships_contains_paid_content":false,"footnotes":"","jetpack_publicize_message":"","jetpack_publicize_feature_enabled":true,"jetpack_social_post_already_shared":true,"jetpack_social_options":{"image_generator_settings":{"template":"highway","default_image_id":0,"font":"","enabled":false},"version":2}},"categories":[3],"tags":[],"class_list":["post-84960","post","type-post","status-publish","format-standard","has-post-thumbnail","hentry","category-politica"],"acf":[],"jetpack_publicize_connections":[],"jetpack_featured_media_url":"https:\/\/i0.wp.com\/blogdoeloiltoncajuhy.com.br\/site\/wp-content\/uploads\/2024\/12\/Brasilia-DF_Foto_Rede-Globo.png?fit=801%2C485&ssl=1","jetpack_sharing_enabled":true,"publishpress_future_workflow_manual_trigger":{"enabledWorkflows":[]},"_links":{"self":[{"href":"https:\/\/blogdoeloiltoncajuhy.com.br\/site\/wp-json\/wp\/v2\/posts\/84960","targetHints":{"allow":["GET"]}}],"collection":[{"href":"https:\/\/blogdoeloiltoncajuhy.com.br\/site\/wp-json\/wp\/v2\/posts"}],"about":[{"href":"https:\/\/blogdoeloiltoncajuhy.com.br\/site\/wp-json\/wp\/v2\/types\/post"}],"author":[{"embeddable":true,"href":"https:\/\/blogdoeloiltoncajuhy.com.br\/site\/wp-json\/wp\/v2\/users\/2"}],"replies":[{"embeddable":true,"href":"https:\/\/blogdoeloiltoncajuhy.com.br\/site\/wp-json\/wp\/v2\/comments?post=84960"}],"version-history":[{"count":1,"href":"https:\/\/blogdoeloiltoncajuhy.com.br\/site\/wp-json\/wp\/v2\/posts\/84960\/revisions"}],"predecessor-version":[{"id":84962,"href":"https:\/\/blogdoeloiltoncajuhy.com.br\/site\/wp-json\/wp\/v2\/posts\/84960\/revisions\/84962"}],"wp:featuredmedia":[{"embeddable":true,"href":"https:\/\/blogdoeloiltoncajuhy.com.br\/site\/wp-json\/wp\/v2\/media\/84961"}],"wp:attachment":[{"href":"https:\/\/blogdoeloiltoncajuhy.com.br\/site\/wp-json\/wp\/v2\/media?parent=84960"}],"wp:term":[{"taxonomy":"category","embeddable":true,"href":"https:\/\/blogdoeloiltoncajuhy.com.br\/site\/wp-json\/wp\/v2\/categories?post=84960"},{"taxonomy":"post_tag","embeddable":true,"href":"https:\/\/blogdoeloiltoncajuhy.com.br\/site\/wp-json\/wp\/v2\/tags?post=84960"}],"curies":[{"name":"wp","href":"https:\/\/api.w.org\/{rel}","templated":true}]}}