{"id":84957,"date":"2024-12-23T08:48:42","date_gmt":"2024-12-23T11:48:42","guid":{"rendered":"https:\/\/blogdoeloiltoncajuhy.com.br\/site\/?p=84957"},"modified":"2024-12-23T08:48:43","modified_gmt":"2024-12-23T11:48:43","slug":"pf-prende-quatro-pessoas-em-operacao-contra-desvio-milionario-de-recursos-publicos-na-bahia","status":"publish","type":"post","link":"https:\/\/blogdoeloiltoncajuhy.com.br\/site\/pf-prende-quatro-pessoas-em-operacao-contra-desvio-milionario-de-recursos-publicos-na-bahia\/","title":{"rendered":"PF prende quatro pessoas em opera\u00e7\u00e3o contra desvio milion\u00e1rio de recursos p\u00fablicos na Bahia"},"content":{"rendered":"\n<p class=\"has-medium-font-size\"><strong>Segunda fase da Opera\u00e7\u00e3o Overclean acontece na manh\u00e3 desta segunda-feira (23), em Salvador, na sede da Prefeitura de Lauro de Freitas, na RMS, e em Vit\u00f3ria da Conquista, no sudoeste do estado<\/strong><\/p>\n\n\n\n<p><strong>Por g1 BA e TV Bahia<\/strong><\/p>\n\n\n\n<figure class=\"wp-block-image aligncenter size-full\"><a href=\"https:\/\/i0.wp.com\/blogdoeloiltoncajuhy.com.br\/site\/wp-content\/uploads\/2024\/12\/PF_Overclean-II-%E2%80%94-Foto_TV-Bahia.jpeg?ssl=1\"><img data-recalc-dims=\"1\" fetchpriority=\"high\" decoding=\"async\" width=\"800\" height=\"389\" src=\"https:\/\/i0.wp.com\/blogdoeloiltoncajuhy.com.br\/site\/wp-content\/uploads\/2024\/12\/PF_Overclean-II-%E2%80%94-Foto_TV-Bahia.jpeg?resize=800%2C389&#038;ssl=1\" alt=\"\" class=\"wp-image-84958\" srcset=\"https:\/\/i0.wp.com\/blogdoeloiltoncajuhy.com.br\/site\/wp-content\/uploads\/2024\/12\/PF_Overclean-II-%E2%80%94-Foto_TV-Bahia.jpeg?w=984&amp;ssl=1 984w, https:\/\/i0.wp.com\/blogdoeloiltoncajuhy.com.br\/site\/wp-content\/uploads\/2024\/12\/PF_Overclean-II-%E2%80%94-Foto_TV-Bahia.jpeg?resize=300%2C146&amp;ssl=1 300w, https:\/\/i0.wp.com\/blogdoeloiltoncajuhy.com.br\/site\/wp-content\/uploads\/2024\/12\/PF_Overclean-II-%E2%80%94-Foto_TV-Bahia.jpeg?resize=768%2C373&amp;ssl=1 768w\" sizes=\"(max-width: 800px) 100vw, 800px\" \/><\/a><figcaption class=\"wp-element-caption\"><sub>No total, dez mandados de busca e apreens\u00e3o foram cumpridos na capital baiana, Lauro de Freitas, Vit\u00f3ria da Conquista e Bras\u00edlia, no Distrito Federal \u2014 Foto: TV Bahia<\/sub><\/figcaption><\/figure>\n\n\n\n<p>Quatro pessoas foram presas na segunda fase da Opera\u00e7\u00e3o Overclean, deflagrada pela Pol\u00edcia Federal na manh\u00e3 desta segunda-feira (23), em Salvador, na sede da Prefeitura de Lauro de Freitas, na RMS, e em Vit\u00f3ria da Conquista, no sudoeste do estado.<\/p>\n\n\n\n<p>Al\u00e9m das pris\u00f5es, outros dez mandados de busca e apreens\u00e3o foram cumpridos nas cidades baianas e em Bras\u00edlia, no Distrito Federal.<\/p>\n\n\n\n<p>Segundo a Receita Federal, a organiza\u00e7\u00e3o criminosa usava um esquema estruturado para direcionar recursos p\u00fablicos de emendas parlamentares e conv\u00eanios para empresas e indiv\u00edduos ligados a administra\u00e7\u00f5es municipais.<\/p>\n\n\n\n<ul class=\"wp-block-list\">\n<li><a href=\"https:\/\/whatsapp.com\/channel\/0029VaAT7tDLI8Yfj5y9Z50Z\"><strong><mark style=\"background-color:rgba(0, 0, 0, 0)\" class=\"has-inline-color has-vivid-red-color\">Siga nosso canal no WhatsApp e veja mais not\u00edcias<\/mark><\/strong><\/a><\/li>\n<\/ul>\n\n\n\n<p><\/p>\n\n\n\n<p>A organiza\u00e7\u00e3o \u00e9 suspeita de atuar em fraudes licitat\u00f3rias, desvio de recursos p\u00fablicos, corrup\u00e7\u00e3o e lavagem de dinheiro que movimentou aproximadamente R$ 1,4 bilh\u00e3o.<\/p>\n\n\n\n<p>Entre os presos, est\u00e3o <strong>Vidigal Cafezeiro <\/strong>(Republicanos), vice-prefeito de Lauro de Freitas, <strong>Lucas Moreira Martins Dias<\/strong>, secret\u00e1rio de Mobilidade Urbana de Vit\u00f3ria da Conquista, <strong>Carlos Andr\u00e9 de Brito Coelho<\/strong>, ex-prefeito de Santa Cruz da Vit\u00f3ria, e o policial federal <strong>Rog\u00e9rio Magno Almeida Medeiros<\/strong>. Al\u00e9m disso, houve o afastamento de Lara Bet\u00e2nia L\u00e9lis Oliveira, servidora da Prefeitura de Vit\u00f3ria da Conquista.<\/p>\n\n\n\n<p>A produ\u00e7\u00e3o da <strong>TV Bahia<\/strong> entrou em contato com a Prefeitura de Lauro de Freitas e aguarda retorno. O <strong>g1<\/strong> procurou a Prefeitura de Vit\u00f3ria de Conquista, mas n\u00e3o obteve retorno at\u00e9 a \u00faltima atualiza\u00e7\u00e3o desta reportagem e tenta localizar a defesa de Carlos Andr\u00e9 de Brito Coelho e Rog\u00e9rio Magno Almeida Medeiros.<\/p>\n\n\n\n<p>Os mandados de busca e apreens\u00e3o cumpridos foram cumpridos nesta segunda-feira na sede da gest\u00e3o municipal, al\u00e9m de resid\u00eancias no bairro de Vilas do Atl\u00e2ntico e no condom\u00ednio de luxo Alphaville I, localizado na Avenida Paralela, em Salvador.<\/p>\n\n\n\n<p class=\"has-black-color has-text-color has-link-color has-medium-font-size wp-elements-35de36ba2e979220e6b86c1e22068d5e\"><strong>Saiba quem s\u00e3o os suspeitos e como eles atuavam:<\/strong><\/p>\n\n\n\n<p><strong><mark style=\"background-color:rgba(0, 0, 0, 0)\" class=\"has-inline-color has-black-color\">Vidigal Galv\u00e3o Cafezeiro Neto<\/mark><\/strong>, vice-prefeito de Lauro de Freitas, respons\u00e1vel pelo Fundo Municipal de Sa\u00fade. Ele recebeu pagamentos mensais e teve d\u00edvidas pessoais pagas pela organiza\u00e7\u00e3o criminosa, utilizando contratos p\u00fablicos fraudulentos firmados com uma empresa.<\/p>\n\n\n\n<p>O nome do vice-prefeito apareceu em planilhas informais de contabilidade que constam que ele recebeu R$ 140 mil em um per\u00edodo de seis meses.<\/p>\n\n\n\n<p class=\"has-black-color has-text-color has-link-color wp-elements-b1e9a9c76b9d06cfff31a4e4ddcb4c3d\"><strong>Carlos Andr\u00e9 de Brito Coelho<\/strong>, ex-prefeito de Santa Cruz da Vit\u00f3ria, atuou como operador financeiro e pol\u00edtico, organizando contratos fraudulentos e recebendo propinas. Ele foi vinculado a valores significativos registrados em planilhas e a dep\u00f3sitos feitos por empresas fantasmas controladas pelo grupo criminoso.<\/p>\n\n\n\n<p>Ele recebia repasses no valor de R$ 1,7 milh\u00e3o, parte deles associados a contratos p\u00fablicos fraudulentos firmados na Secretaria de Educa\u00e7\u00e3o de Salvador.<\/p>\n\n\n\n<p>Embora o foco principal de Carlos Andr\u00e9 estivesse na coordena\u00e7\u00e3o de contratos e repasses financeiros, sua atua\u00e7\u00e3o tamb\u00e9m se estendia \u00e0 manipula\u00e7\u00e3o de decis\u00f5es administrativas, incluindo a continuidade de contratos em setores p\u00fablicos estrat\u00e9gicos.<\/p>\n\n\n\n<p><strong><mark style=\"background-color:rgba(0, 0, 0, 0)\" class=\"has-inline-color has-black-color\">Lucas Moreira Martins Dias<\/mark><\/strong> &#8211; Advogado, atuou como Chefe do Gabinete Civil e atualmente est\u00e1 lotado na Secretaria de Mobilidade Urbana em Vit\u00f3ria da Conquista. Recebeu valores provenientes de propinas atrav\u00e9s de dep\u00f3sitos fracionados e planilhas informais de contabilidade. Ele \u00e9 acusado de facilitar contratos irregulares com uma empresa.<\/p>\n\n\n\n<p><strong><mark style=\"background-color:rgba(0, 0, 0, 0)\" class=\"has-inline-color has-black-color\">Rog\u00e9rio Magno Almeida Medeiros<\/mark><\/strong>, agente da Pol\u00edcia Federal, fornecia informa\u00e7\u00f5es privilegiadas ao grupo criminoso e recebia pagamentos mensais pela fun\u00e7\u00e3o de vazamento de dados confidenciais sobre investiga\u00e7\u00f5es. Ele tamb\u00e9m recebeu servi\u00e7os pessoais pagos pelos l\u00edderes da organiza\u00e7\u00e3o criminosa.<\/p>\n\n\n\n<p class=\"has-black-color has-text-color has-link-color has-medium-font-size wp-elements-da91ce716ae0da7020831dc86a397715\"><strong>Primeira fase da Opera\u00e7\u00e3o Overclean<\/strong><\/p>\n\n\n\n<p>Quinze pessoas foram presas na primeira fase da Opera\u00e7\u00e3o Overclean, deflagrada no dia 10 de dezembro. A a\u00e7\u00e3o faz parte de uma for\u00e7a-tarefa da Pol\u00edcia Federal, Minist\u00e9rio P\u00fablico Federal (MPF), Receita Federal e a Controladoria-Geral da Uni\u00e3o.<\/p>\n\n\n\n<p>A organiza\u00e7\u00e3o criminosa \u00e9 suspeita de ter movimentado cerca de R$ 1,4 bilh\u00e3o, incluindo R$ 825 milh\u00f5es em contratos firmados com \u00f3rg\u00e3os p\u00fablicos apenas em 2024.<\/p>\n\n\n\n<p>Segundo a Receita Federal, a organiza\u00e7\u00e3o criminosa usava um esquema estruturado para direcionar recursos p\u00fablicos de emendas parlamentares e conv\u00eanios para empresas e indiv\u00edduos ligados a administra\u00e7\u00f5es municipais.<\/p>\n\n\n\n<p>O desvio ocorria por meio de contratos superfaturados firmados com o Departamento Nacional de Obras Contra as Secas (DNOCS). Os crimes apurados incluem corrup\u00e7\u00e3o ativa e passiva, peculato, fraude em licita\u00e7\u00f5es e contratos e lavagem de dinheiro.<\/p>\n","protected":false},"excerpt":{"rendered":"<p>Segunda fase da Opera\u00e7\u00e3o Overclean acontece na manh\u00e3 desta segunda-feira (23), em Salvador, na sede da Prefeitura de Lauro de Freitas, na RMS, e em Vit\u00f3ria da Conquista, no sudoeste do estado Por g1 BA e TV Bahia Quatro pessoas foram presas na segunda fase da Opera\u00e7\u00e3o Overclean, deflagrada pela Pol\u00edcia Federal na manh\u00e3 desta [&hellip;]<\/p>\n","protected":false},"author":2,"featured_media":84958,"comment_status":"open","ping_status":"open","sticky":false,"template":"","format":"standard","meta":{"_acf_changed":false,"_monsterinsights_skip_tracking":false,"_monsterinsights_sitenote_active":false,"_monsterinsights_sitenote_note":"","_monsterinsights_sitenote_category":0,"_jetpack_memberships_contains_paid_content":false,"footnotes":"","jetpack_publicize_message":"","jetpack_publicize_feature_enabled":true,"jetpack_social_post_already_shared":true,"jetpack_social_options":{"image_generator_settings":{"template":"highway","default_image_id":0,"font":"","enabled":false},"version":2}},"categories":[3],"tags":[],"class_list":["post-84957","post","type-post","status-publish","format-standard","has-post-thumbnail","hentry","category-politica"],"acf":[],"jetpack_publicize_connections":[],"jetpack_featured_media_url":"https:\/\/i0.wp.com\/blogdoeloiltoncajuhy.com.br\/site\/wp-content\/uploads\/2024\/12\/PF_Overclean-II-%E2%80%94-Foto_TV-Bahia.jpeg?fit=984%2C478&ssl=1","jetpack_sharing_enabled":true,"publishpress_future_workflow_manual_trigger":{"enabledWorkflows":[]},"_links":{"self":[{"href":"https:\/\/blogdoeloiltoncajuhy.com.br\/site\/wp-json\/wp\/v2\/posts\/84957","targetHints":{"allow":["GET"]}}],"collection":[{"href":"https:\/\/blogdoeloiltoncajuhy.com.br\/site\/wp-json\/wp\/v2\/posts"}],"about":[{"href":"https:\/\/blogdoeloiltoncajuhy.com.br\/site\/wp-json\/wp\/v2\/types\/post"}],"author":[{"embeddable":true,"href":"https:\/\/blogdoeloiltoncajuhy.com.br\/site\/wp-json\/wp\/v2\/users\/2"}],"replies":[{"embeddable":true,"href":"https:\/\/blogdoeloiltoncajuhy.com.br\/site\/wp-json\/wp\/v2\/comments?post=84957"}],"version-history":[{"count":1,"href":"https:\/\/blogdoeloiltoncajuhy.com.br\/site\/wp-json\/wp\/v2\/posts\/84957\/revisions"}],"predecessor-version":[{"id":84959,"href":"https:\/\/blogdoeloiltoncajuhy.com.br\/site\/wp-json\/wp\/v2\/posts\/84957\/revisions\/84959"}],"wp:featuredmedia":[{"embeddable":true,"href":"https:\/\/blogdoeloiltoncajuhy.com.br\/site\/wp-json\/wp\/v2\/media\/84958"}],"wp:attachment":[{"href":"https:\/\/blogdoeloiltoncajuhy.com.br\/site\/wp-json\/wp\/v2\/media?parent=84957"}],"wp:term":[{"taxonomy":"category","embeddable":true,"href":"https:\/\/blogdoeloiltoncajuhy.com.br\/site\/wp-json\/wp\/v2\/categories?post=84957"},{"taxonomy":"post_tag","embeddable":true,"href":"https:\/\/blogdoeloiltoncajuhy.com.br\/site\/wp-json\/wp\/v2\/tags?post=84957"}],"curies":[{"name":"wp","href":"https:\/\/api.w.org\/{rel}","templated":true}]}}