{"id":84526,"date":"2024-12-02T16:35:15","date_gmt":"2024-12-02T19:35:15","guid":{"rendered":"https:\/\/blogdoeloiltoncajuhy.com.br\/site\/?p=84526"},"modified":"2024-12-02T16:35:16","modified_gmt":"2024-12-02T19:35:16","slug":"emendas-dino-libera-pagamentos-suspensos-desde-agosto-e-diz-que-seguira-monitorando-tema","status":"publish","type":"post","link":"https:\/\/blogdoeloiltoncajuhy.com.br\/site\/emendas-dino-libera-pagamentos-suspensos-desde-agosto-e-diz-que-seguira-monitorando-tema\/","title":{"rendered":"Emendas: Dino libera pagamentos suspensos desde agosto e diz que seguir\u00e1 monitorando tema"},"content":{"rendered":"\n<p class=\"has-medium-font-size\"><strong>Repasses devem obedecer a regras de transpar\u00eancia e rastreabilidade. Na decis\u00e3o, ministro afirmou que &#8216;jamais houve tamanho desarranjo com tanto dinheiro p\u00fablico em poucos anos&#8217;.<\/strong><\/p>\n\n\n\n<p><strong>Por Camila Bomfim, Mateus Rodrigues, Gustavo Garcia, Mariana Laboissi\u00e8re, Ana Fl\u00e1via Castro, GloboNews e g1<\/strong> \u2014 Bras\u00edlia<\/p>\n\n\n\n<figure class=\"wp-block-image aligncenter size-full\"><a href=\"https:\/\/i0.wp.com\/blogdoeloiltoncajuhy.com.br\/site\/wp-content\/uploads\/2023\/02\/Ministro-Flavio-Dino-Foto_Tom-Costa-MJSP.jpg\"><img data-recalc-dims=\"1\" fetchpriority=\"high\" decoding=\"async\" width=\"768\" height=\"398\" src=\"https:\/\/i0.wp.com\/blogdoeloiltoncajuhy.com.br\/site\/wp-content\/uploads\/2023\/02\/Ministro-Flavio-Dino-Foto_Tom-Costa-MJSP.jpg?resize=768%2C398\" alt=\"\" class=\"wp-image-72325\" srcset=\"https:\/\/i0.wp.com\/blogdoeloiltoncajuhy.com.br\/site\/wp-content\/uploads\/2023\/02\/Ministro-Flavio-Dino-Foto_Tom-Costa-MJSP.jpg?w=768&amp;ssl=1 768w, https:\/\/i0.wp.com\/blogdoeloiltoncajuhy.com.br\/site\/wp-content\/uploads\/2023\/02\/Ministro-Flavio-Dino-Foto_Tom-Costa-MJSP.jpg?resize=300%2C155&amp;ssl=1 300w\" sizes=\"(max-width: 768px) 100vw, 768px\" \/><\/a><figcaption class=\"wp-element-caption\"><sub>Foto: Tom Costa\/MJSP<\/sub><\/figcaption><\/figure>\n\n\n\n<p>O ministro do Supremo Tribunal Federal (STF) Fl\u00e1vio Dino decidiu nesta segunda-feira (2) liberar o retorno do pagamento das emendas parlamentares.<\/p>\n\n\n\n<p>A decis\u00e3o, no entanto, define ressalvas para cada modalidade de emendas (veja abaixo) \u2013 e deixa claro que os repasses dever\u00e3o obedecer a regras de transpar\u00eancia e rastreabilidade, tanto da origem da indica\u00e7\u00e3o quanto do destino do recurso.<\/p>\n\n\n\n<ul class=\"wp-block-list\">\n<li><a href=\"https:\/\/whatsapp.com\/channel\/0029VaAT7tDLI8Yfj5y9Z50Z\"><strong><mark style=\"background-color:rgba(0, 0, 0, 0)\" class=\"has-inline-color has-vivid-red-color\">Siga nosso canal no WhatsApp e veja mais not\u00edcias<\/mark><\/strong><\/a><\/li>\n<\/ul>\n\n\n\n<p><\/p>\n\n\n\n<p><em>As emendas parlamentares s\u00e3o uma reserva dentro do Or\u00e7amento usadas conforme indica\u00e7\u00e3o de deputados e senadores. \u00c9 esse o dinheiro enviado pelos parlamentares \u00e0s suas bases eleitorais.<\/em><\/p>\n\n\n\n<p class=\"has-text-align-center\"><strong><mark style=\"background-color:rgba(0, 0, 0, 0)\" class=\"has-inline-color has-vivid-red-color\">_______________________<\/mark><\/strong><\/p>\n\n\n\n<blockquote class=\"wp-block-quote is-layout-flow wp-block-quote-is-layout-flow\">\n<p class=\"has-medium-font-size\"><strong><mark style=\"background-color:rgba(0, 0, 0, 0)\" class=\"has-inline-color has-black-color\">&#8220;\u00c9 precoce afirmar \u2013 e nem se constitui objeto espec\u00edfico destas a\u00e7\u00f5es (processos estruturais) \u2013 que houve ou h\u00e1 crimes em raz\u00e3o da esdr\u00faxula situa\u00e7\u00e3o constatada. Mas \u00e9 de clareza solar que jamais houve tamanho desarranjo institucional com tanto dinheiro p\u00fablico, em t\u00e3o poucos anos. Com efeito, somadas as emendas parlamentares entre 2019 e 2024, chegamos ao montante pago de R$ 186,3 bilh\u00f5es de reais&#8221;, diz Dino na decis\u00e3o.<\/mark><\/strong><\/p>\n<\/blockquote>\n\n\n\n<p class=\"has-text-align-center\"><strong><mark style=\"background-color:rgba(0, 0, 0, 0)\" class=\"has-inline-color has-vivid-red-color\">________________________<\/mark><\/strong><\/p>\n\n\n\n<p class=\"has-black-color has-text-color has-link-color wp-elements-19d1bf8a09f7873b98b9a97ee0b8748d\"><strong>No despacho, Fl\u00e1vio Dino tamb\u00e9m:<\/strong><\/p>\n\n\n\n<ul class=\"wp-block-list\">\n<li>determina que a Controladoria-Geral da Uni\u00e3o (CGU) siga monitorando o tema e produzindo relat\u00f3rios, nas pr\u00f3ximas semanas e ao longo de 2025, para garantir que as novas regras sejam cumpridas;<\/li>\n\n\n\n<li>envia a decis\u00e3o para an\u00e1lise do plen\u00e1rio do STF. Os ministros podem confirmar a determina\u00e7\u00e3o de Dino ou propor mudan\u00e7as \u2013 a data do julgamento ainda ser\u00e1 marcada.<\/li>\n<\/ul>\n\n\n\n<p><\/p>\n\n\n\n<p class=\"has-text-align-center\"><strong><mark style=\"background-color:rgba(0, 0, 0, 0)\" class=\"has-inline-color has-vivid-red-color\">______________________<\/mark><\/strong><\/p>\n\n\n\n<blockquote class=\"wp-block-quote is-layout-flow wp-block-quote-is-layout-flow\">\n<p class=\"has-medium-font-size\"><strong><mark style=\"background-color:rgba(0, 0, 0, 0)\" class=\"has-inline-color has-black-color\">&#8220;Esclare\u00e7o que as libera\u00e7\u00f5es de emendas \u2013 observados estritamente os termos desta decis\u00e3o \u2013 podem ocorrer caso a caso, mediante informa\u00e7\u00f5es e an\u00e1lises que competem aos \u00f3rg\u00e3os dos Poderes Legislativo e Executivo. Com a publica\u00e7\u00e3o da Lei Complementar n\u00ba. 210\/2024, n\u00e3o h\u00e1 bloqueio judicial generalizado \u00e0 execu\u00e7\u00e3o de emendas parlamentares, mas sim trilhos constitucionais e legais a serem observados, consoante a presente decis\u00e3o&#8221;, diz o ministro.<\/mark><\/strong><\/p>\n<\/blockquote>\n\n\n\n<p class=\"has-text-align-center\"><strong><mark style=\"background-color:rgba(0, 0, 0, 0)\" class=\"has-inline-color has-vivid-red-color\">_______________________<\/mark><\/strong><\/p>\n\n\n\n<p>A lei citada por Fl\u00e1vio Dino foi aprovada pelo Congresso e sancionada por Lula em novembro, justamente em uma tentativa de dar maior transpar\u00eancia \u00e0s emendas e convencer o STF a derrubar a proibi\u00e7\u00e3o.<\/p>\n\n\n\n<p>Os repasses tinham sido suspensos por Dino em agosto deste ano, ap\u00f3s entidades questionarem em a\u00e7\u00f5es no STF a baixa transpar\u00eancia na destina\u00e7\u00e3o e na aplica\u00e7\u00e3o desses recursos.<\/p>\n","protected":false},"excerpt":{"rendered":"<p>Repasses devem obedecer a regras de transpar\u00eancia e rastreabilidade. Na decis\u00e3o, ministro afirmou que &#8216;jamais houve tamanho desarranjo com tanto dinheiro p\u00fablico em poucos anos&#8217;. Por Camila Bomfim, Mateus Rodrigues, Gustavo Garcia, Mariana Laboissi\u00e8re, Ana Fl\u00e1via Castro, GloboNews e g1 \u2014 Bras\u00edlia O ministro do Supremo Tribunal Federal (STF) Fl\u00e1vio Dino decidiu nesta segunda-feira (2) [&hellip;]<\/p>\n","protected":false},"author":2,"featured_media":84177,"comment_status":"open","ping_status":"open","sticky":false,"template":"","format":"standard","meta":{"_acf_changed":false,"_monsterinsights_skip_tracking":false,"_monsterinsights_sitenote_active":false,"_monsterinsights_sitenote_note":"","_monsterinsights_sitenote_category":0,"_jetpack_memberships_contains_paid_content":false,"footnotes":"","jetpack_publicize_message":"","jetpack_publicize_feature_enabled":true,"jetpack_social_post_already_shared":true,"jetpack_social_options":{"image_generator_settings":{"template":"highway","default_image_id":0,"font":"","enabled":false},"version":2}},"categories":[3],"tags":[],"class_list":["post-84526","post","type-post","status-publish","format-standard","has-post-thumbnail","hentry","category-politica"],"acf":[],"jetpack_publicize_connections":[],"jetpack_featured_media_url":"https:\/\/i0.wp.com\/blogdoeloiltoncajuhy.com.br\/site\/wp-content\/uploads\/2024\/11\/Ministro-Flavio-Dino_Foto-Gustavo-Moreno-STF.jpeg?fit=760%2C455&ssl=1","jetpack_sharing_enabled":true,"publishpress_future_workflow_manual_trigger":{"enabledWorkflows":[]},"_links":{"self":[{"href":"https:\/\/blogdoeloiltoncajuhy.com.br\/site\/wp-json\/wp\/v2\/posts\/84526","targetHints":{"allow":["GET"]}}],"collection":[{"href":"https:\/\/blogdoeloiltoncajuhy.com.br\/site\/wp-json\/wp\/v2\/posts"}],"about":[{"href":"https:\/\/blogdoeloiltoncajuhy.com.br\/site\/wp-json\/wp\/v2\/types\/post"}],"author":[{"embeddable":true,"href":"https:\/\/blogdoeloiltoncajuhy.com.br\/site\/wp-json\/wp\/v2\/users\/2"}],"replies":[{"embeddable":true,"href":"https:\/\/blogdoeloiltoncajuhy.com.br\/site\/wp-json\/wp\/v2\/comments?post=84526"}],"version-history":[{"count":1,"href":"https:\/\/blogdoeloiltoncajuhy.com.br\/site\/wp-json\/wp\/v2\/posts\/84526\/revisions"}],"predecessor-version":[{"id":84527,"href":"https:\/\/blogdoeloiltoncajuhy.com.br\/site\/wp-json\/wp\/v2\/posts\/84526\/revisions\/84527"}],"wp:featuredmedia":[{"embeddable":true,"href":"https:\/\/blogdoeloiltoncajuhy.com.br\/site\/wp-json\/wp\/v2\/media\/84177"}],"wp:attachment":[{"href":"https:\/\/blogdoeloiltoncajuhy.com.br\/site\/wp-json\/wp\/v2\/media?parent=84526"}],"wp:term":[{"taxonomy":"category","embeddable":true,"href":"https:\/\/blogdoeloiltoncajuhy.com.br\/site\/wp-json\/wp\/v2\/categories?post=84526"},{"taxonomy":"post_tag","embeddable":true,"href":"https:\/\/blogdoeloiltoncajuhy.com.br\/site\/wp-json\/wp\/v2\/tags?post=84526"}],"curies":[{"name":"wp","href":"https:\/\/api.w.org\/{rel}","templated":true}]}}