{"id":84522,"date":"2024-12-02T16:13:46","date_gmt":"2024-12-02T19:13:46","guid":{"rendered":"https:\/\/blogdoeloiltoncajuhy.com.br\/site\/?p=84522"},"modified":"2024-12-02T16:14:17","modified_gmt":"2024-12-02T19:14:17","slug":"sao-joao-de-1994-um-encontro-memoravel-na-capital-baiana-do-forro","status":"publish","type":"post","link":"https:\/\/blogdoeloiltoncajuhy.com.br\/site\/sao-joao-de-1994-um-encontro-memoravel-na-capital-baiana-do-forro\/","title":{"rendered":"S\u00e3o Jo\u00e3o de 1994: Um encontro memor\u00e1vel na &#8216;Capital Baiana do Forr\u00f3&#8217;"},"content":{"rendered":"\n<p class=\"has-medium-font-size\"><strong>Uma noite de papo e amizade entre grandes figuras da nossa cultura<\/strong><\/p>\n\n\n\n<p><strong>Por Blog do Eloilton Cajuhy<\/strong><\/p>\n\n\n\n<figure class=\"wp-block-image aligncenter size-large is-resized\"><a href=\"https:\/\/i0.wp.com\/blogdoeloiltoncajuhy.com.br\/site\/wp-content\/uploads\/2024\/12\/Bonfim_Encontro-de-Celebridades_Foto-Mauro-Coelho.jpeg?ssl=1\"><img data-recalc-dims=\"1\" fetchpriority=\"high\" decoding=\"async\" width=\"800\" height=\"550\" src=\"https:\/\/i0.wp.com\/blogdoeloiltoncajuhy.com.br\/site\/wp-content\/uploads\/2024\/12\/Bonfim_Encontro-de-Celebridades_Foto-Mauro-Coelho-1024x704.jpeg?resize=800%2C550&#038;ssl=1\" alt=\"\" class=\"wp-image-84523\" style=\"width:721px;height:auto\" srcset=\"https:\/\/i0.wp.com\/blogdoeloiltoncajuhy.com.br\/site\/wp-content\/uploads\/2024\/12\/Bonfim_Encontro-de-Celebridades_Foto-Mauro-Coelho.jpeg?resize=1024%2C704&amp;ssl=1 1024w, https:\/\/i0.wp.com\/blogdoeloiltoncajuhy.com.br\/site\/wp-content\/uploads\/2024\/12\/Bonfim_Encontro-de-Celebridades_Foto-Mauro-Coelho.jpeg?resize=300%2C206&amp;ssl=1 300w, https:\/\/i0.wp.com\/blogdoeloiltoncajuhy.com.br\/site\/wp-content\/uploads\/2024\/12\/Bonfim_Encontro-de-Celebridades_Foto-Mauro-Coelho.jpeg?resize=768%2C528&amp;ssl=1 768w, https:\/\/i0.wp.com\/blogdoeloiltoncajuhy.com.br\/site\/wp-content\/uploads\/2024\/12\/Bonfim_Encontro-de-Celebridades_Foto-Mauro-Coelho.jpeg?w=1267&amp;ssl=1 1267w\" sizes=\"(max-width: 800px) 100vw, 800px\" \/><\/a><figcaption class=\"wp-element-caption\"><sub>S\u00e3o Jo\u00e3o de 1994: Um encontro memor\u00e1vel na &#8216;Capital Baiana do Forr\u00f3&#8217;<\/sub><\/figcaption><\/figure>\n\n\n\n<p>O S\u00e3o Jo\u00e3o de 1994 em Senhor do Bonfim-BA foi marcado por um momento marcante que ficou eternizado na mem\u00f3ria de v\u00e1rios bonfinenses. A cidade, j\u00e1 reconhecida como a <em>Capital Baiana do Forr\u00f3<\/em>, reuniu em encontro grandes nomes da m\u00fasica e da cultura, para um papo descontra\u00eddo.<\/p>\n\n\n\n<p>Entre os protagonistas desse encontro memor\u00e1vel, estava o ic\u00f4nico cantor <strong>Waldick Soriano<\/strong>, conhecido por suas m\u00fasicas que embalaram gera\u00e7\u00f5es no estilo brega, com letras que exaltavam sentimentos intensos e apaixonados. Ao seu lado, o talentoso cantor e compositor baiano <strong>Carlos Pitta<\/strong> que marcou presen\u00e7a em v\u00e1rias festas juninas na Pra\u00e7a Nova do Congresso.<\/p>\n\n\n\n<p>Representando o forr\u00f3 aut\u00eantico, <strong>Rabelo Gonzaga<\/strong>, cover de Luiz Gonzaga, que encantava o p\u00fablico com sua energia e presen\u00e7a de palco, revivendo a majestade do Rei do Bai\u00e3o. Da terra de Senhor do Bonfim, o sanfoneiro <strong>Zaca do Acordeon<\/strong>, l\u00edder do Trio Bahia, outra for\u00e7a da m\u00fasica regional.<\/p>\n\n\n\n<ul class=\"wp-block-list\">\n<li><a href=\"https:\/\/whatsapp.com\/channel\/0029VaAT7tDLI8Yfj5y9Z50Z\"><strong><mark style=\"background-color:rgba(0, 0, 0, 0)\" class=\"has-inline-color has-vivid-red-color\">Siga nosso canal no WhatsApp e veja mais not\u00edcias<\/mark><\/strong><\/a><\/li>\n<\/ul>\n\n\n\n<p><\/p>\n\n\n\n<p>Neste encontro amistoso, a irrever\u00eancia e o carisma de <strong>Pav\u00e3o<\/strong>, uma figura folcl\u00f3rica de Bonfim, que, com seu jeito \u00fanico, era sempre uma atra\u00e7\u00e3o \u00e0 parte nas festas da cidade. Registrando cada detalhe desse encontro, <strong>Mauro Coelho<\/strong>, renomado fot\u00f3grafo bonfinense, garantiu que as imagens desse momento especial permanecessem vivas na hist\u00f3ria.<\/p>\n\n\n\n<p>Esse S\u00e3o Jo\u00e3o foi mais do que uma festa; foi um encontro de gera\u00e7\u00f5es, estilos e talentos que simbolizavam a riqueza cultural da regi\u00e3o. As fogueiras ardiam, os bal\u00f5es coloriam o c\u00e9u, e o som da sanfona misturava-se \u00e0s vozes que cantavam e dan\u00e7avam at\u00e9 o amanhecer.<\/p>\n\n\n\n<p><em><strong>Que essa mem\u00f3ria inspire as novas gera\u00e7\u00f5es a preservar e valorizar a rica heran\u00e7a cultural que faz de Bonfim um marco no cora\u00e7\u00e3o da Bahia.<\/strong><\/em><\/p>\n","protected":false},"excerpt":{"rendered":"<p>Uma noite de papo e amizade entre grandes figuras da nossa cultura Por Blog do Eloilton Cajuhy O S\u00e3o Jo\u00e3o de 1994 em Senhor do Bonfim-BA foi marcado por um momento marcante que ficou eternizado na mem\u00f3ria de v\u00e1rios bonfinenses. A cidade, j\u00e1 reconhecida como a Capital Baiana do Forr\u00f3, reuniu em encontro grandes nomes [&hellip;]<\/p>\n","protected":false},"author":2,"featured_media":84523,"comment_status":"open","ping_status":"open","sticky":false,"template":"","format":"standard","meta":{"_acf_changed":false,"_monsterinsights_skip_tracking":false,"_monsterinsights_sitenote_active":false,"_monsterinsights_sitenote_note":"","_monsterinsights_sitenote_category":0,"_jetpack_memberships_contains_paid_content":false,"footnotes":"","jetpack_publicize_message":"","jetpack_publicize_feature_enabled":true,"jetpack_social_post_already_shared":true,"jetpack_social_options":{"image_generator_settings":{"template":"highway","default_image_id":0,"font":"","enabled":false},"version":2}},"categories":[4],"tags":[],"class_list":["post-84522","post","type-post","status-publish","format-standard","has-post-thumbnail","hentry","category-local"],"acf":[],"jetpack_publicize_connections":[],"jetpack_featured_media_url":"https:\/\/i0.wp.com\/blogdoeloiltoncajuhy.com.br\/site\/wp-content\/uploads\/2024\/12\/Bonfim_Encontro-de-Celebridades_Foto-Mauro-Coelho.jpeg?fit=1267%2C871&ssl=1","jetpack_sharing_enabled":true,"publishpress_future_workflow_manual_trigger":{"enabledWorkflows":[]},"_links":{"self":[{"href":"https:\/\/blogdoeloiltoncajuhy.com.br\/site\/wp-json\/wp\/v2\/posts\/84522","targetHints":{"allow":["GET"]}}],"collection":[{"href":"https:\/\/blogdoeloiltoncajuhy.com.br\/site\/wp-json\/wp\/v2\/posts"}],"about":[{"href":"https:\/\/blogdoeloiltoncajuhy.com.br\/site\/wp-json\/wp\/v2\/types\/post"}],"author":[{"embeddable":true,"href":"https:\/\/blogdoeloiltoncajuhy.com.br\/site\/wp-json\/wp\/v2\/users\/2"}],"replies":[{"embeddable":true,"href":"https:\/\/blogdoeloiltoncajuhy.com.br\/site\/wp-json\/wp\/v2\/comments?post=84522"}],"version-history":[{"count":2,"href":"https:\/\/blogdoeloiltoncajuhy.com.br\/site\/wp-json\/wp\/v2\/posts\/84522\/revisions"}],"predecessor-version":[{"id":84525,"href":"https:\/\/blogdoeloiltoncajuhy.com.br\/site\/wp-json\/wp\/v2\/posts\/84522\/revisions\/84525"}],"wp:featuredmedia":[{"embeddable":true,"href":"https:\/\/blogdoeloiltoncajuhy.com.br\/site\/wp-json\/wp\/v2\/media\/84523"}],"wp:attachment":[{"href":"https:\/\/blogdoeloiltoncajuhy.com.br\/site\/wp-json\/wp\/v2\/media?parent=84522"}],"wp:term":[{"taxonomy":"category","embeddable":true,"href":"https:\/\/blogdoeloiltoncajuhy.com.br\/site\/wp-json\/wp\/v2\/categories?post=84522"},{"taxonomy":"post_tag","embeddable":true,"href":"https:\/\/blogdoeloiltoncajuhy.com.br\/site\/wp-json\/wp\/v2\/tags?post=84522"}],"curies":[{"name":"wp","href":"https:\/\/api.w.org\/{rel}","templated":true}]}}