{"id":84513,"date":"2024-12-02T08:36:23","date_gmt":"2024-12-02T11:36:23","guid":{"rendered":"https:\/\/blogdoeloiltoncajuhy.com.br\/site\/?p=84513"},"modified":"2024-12-02T08:36:25","modified_gmt":"2024-12-02T11:36:25","slug":"reajuste-de-947-faz-preco-do-gas-de-cozinha-aumentar-na-bahia","status":"publish","type":"post","link":"https:\/\/blogdoeloiltoncajuhy.com.br\/site\/reajuste-de-947-faz-preco-do-gas-de-cozinha-aumentar-na-bahia\/","title":{"rendered":"Reajuste de 9,47% faz pre\u00e7o do g\u00e1s de cozinha aumentar na Bahia"},"content":{"rendered":"\n<p class=\"has-medium-font-size\"><strong>Esse \u00e9 o nono reajuste de pre\u00e7o do ano feito pela Refinaria Mataripe<\/strong><\/p>\n\n\n\n<p><strong>Por g1 BA e TV Bahia<\/strong><\/p>\n\n\n\n<figure class=\"wp-block-image aligncenter size-full is-resized\"><a href=\"https:\/\/i0.wp.com\/blogdoeloiltoncajuhy.com.br\/site\/wp-content\/uploads\/2022\/03\/Botijao-de-gas-02032022.jpg\"><img data-recalc-dims=\"1\" fetchpriority=\"high\" decoding=\"async\" width=\"800\" height=\"510\" src=\"https:\/\/i0.wp.com\/blogdoeloiltoncajuhy.com.br\/site\/wp-content\/uploads\/2022\/03\/Botijao-de-gas-02032022.jpg?resize=800%2C510\" alt=\"\" class=\"wp-image-63246\" style=\"width:698px;height:auto\" srcset=\"https:\/\/i0.wp.com\/blogdoeloiltoncajuhy.com.br\/site\/wp-content\/uploads\/2022\/03\/Botijao-de-gas-02032022.jpg?w=984&amp;ssl=1 984w, https:\/\/i0.wp.com\/blogdoeloiltoncajuhy.com.br\/site\/wp-content\/uploads\/2022\/03\/Botijao-de-gas-02032022.jpg?resize=300%2C191&amp;ssl=1 300w, https:\/\/i0.wp.com\/blogdoeloiltoncajuhy.com.br\/site\/wp-content\/uploads\/2022\/03\/Botijao-de-gas-02032022.jpg?resize=768%2C489&amp;ssl=1 768w\" sizes=\"(max-width: 800px) 100vw, 800px\" \/><\/a><figcaption class=\"wp-element-caption\"><sub>G\u00e1s de cozinha tem pre\u00e7o reajustado mais uma vez na Bahia &#8211; Reprodu\u00e7\u00e3o<\/sub><\/figcaption><\/figure>\n\n\n\n<p>O g\u00e1s de cozinha ficou cerca de R$ 4 mais caro para os baianos. O novo reajuste, que \u00e9 nono do ano, j\u00e1 est\u00e1 em vigor nesta segunda-feira (2), conforme foi confirmado pela Acelen, empresa de energia propriet\u00e1ria da Refinaria de Mataripe.<\/p>\n\n\n\n<p>O reajuste foi de 9,47% passou a valer no domingo (1\u00ba). Com isso, o valor m\u00e9dio do botij\u00e3o passou a ser de R$ 154 para o consumidor final. Em novembro, um reajuste de 10,5%, o maior do ano, j\u00e1 havia feito o pre\u00e7o do produto chegar a cerca de R$ 150.<\/p>\n\n\n\n<ul class=\"wp-block-list\">\n<li><a href=\"https:\/\/whatsapp.com\/channel\/0029VaAT7tDLI8Yfj5y9Z50Z\"><strong><mark style=\"background-color:rgba(0, 0, 0, 0)\" class=\"has-inline-color has-vivid-red-color\">Siga nosso canal no WhatsApp e veja mais not\u00edcias<\/mark><\/strong><\/a><\/li>\n<\/ul>\n\n\n\n<p><\/p>\n\n\n\n<p>De acordo com a Refinaria Mataripe, os pre\u00e7os seguem crit\u00e9rios de mercado que levam em considera\u00e7\u00e3o vari\u00e1veis como custo do petr\u00f3leo, que \u00e9 adquirido a pre\u00e7os internacionais, d\u00f3lar e frete, podendo variar para cima ou para baixo.<\/p>\n\n\n\n<p>Conforme o Sindg\u00e1s, esse \u00e9 o nono reajuste do ano. Os meses de abril e junho foram os \u00fanicos em que houve uma baixa no pre\u00e7o do produto. Entre junho e novembro, m\u00eas em que havia sido feito o \u00faltimo reajuste, o valor do g\u00e1s aumentou em cerca de R$ 19 para o consumidor final.<\/p>\n\n\n\n<p>Apesar disso, os valores do g\u00e1s de cozinha variam de acordo com a cidade, bairro e tamb\u00e9m a modalidade da compra.<\/p>\n","protected":false},"excerpt":{"rendered":"<p>Esse \u00e9 o nono reajuste de pre\u00e7o do ano feito pela Refinaria Mataripe Por g1 BA e TV Bahia O g\u00e1s de cozinha ficou cerca de R$ 4 mais caro para os baianos. O novo reajuste, que \u00e9 nono do ano, j\u00e1 est\u00e1 em vigor nesta segunda-feira (2), conforme foi confirmado pela Acelen, empresa de [&hellip;]<\/p>\n","protected":false},"author":2,"featured_media":71520,"comment_status":"open","ping_status":"open","sticky":false,"template":"","format":"standard","meta":{"_acf_changed":false,"_monsterinsights_skip_tracking":false,"_monsterinsights_sitenote_active":false,"_monsterinsights_sitenote_note":"","_monsterinsights_sitenote_category":0,"_jetpack_memberships_contains_paid_content":false,"footnotes":"","jetpack_publicize_message":"","jetpack_publicize_feature_enabled":true,"jetpack_social_post_already_shared":true,"jetpack_social_options":{"image_generator_settings":{"template":"highway","default_image_id":0,"font":"","enabled":false},"version":2}},"categories":[31],"tags":[],"class_list":["post-84513","post","type-post","status-publish","format-standard","has-post-thumbnail","hentry","category-economia"],"acf":[],"jetpack_publicize_connections":[],"jetpack_featured_media_url":"https:\/\/i0.wp.com\/blogdoeloiltoncajuhy.com.br\/site\/wp-content\/uploads\/2023\/01\/Gas-de-cozinha-botijao-Marcello-Casal-Jr-Agencia-Brasil.jpg?fit=500%2C320&ssl=1","jetpack_sharing_enabled":true,"publishpress_future_workflow_manual_trigger":{"enabledWorkflows":[]},"_links":{"self":[{"href":"https:\/\/blogdoeloiltoncajuhy.com.br\/site\/wp-json\/wp\/v2\/posts\/84513","targetHints":{"allow":["GET"]}}],"collection":[{"href":"https:\/\/blogdoeloiltoncajuhy.com.br\/site\/wp-json\/wp\/v2\/posts"}],"about":[{"href":"https:\/\/blogdoeloiltoncajuhy.com.br\/site\/wp-json\/wp\/v2\/types\/post"}],"author":[{"embeddable":true,"href":"https:\/\/blogdoeloiltoncajuhy.com.br\/site\/wp-json\/wp\/v2\/users\/2"}],"replies":[{"embeddable":true,"href":"https:\/\/blogdoeloiltoncajuhy.com.br\/site\/wp-json\/wp\/v2\/comments?post=84513"}],"version-history":[{"count":1,"href":"https:\/\/blogdoeloiltoncajuhy.com.br\/site\/wp-json\/wp\/v2\/posts\/84513\/revisions"}],"predecessor-version":[{"id":84514,"href":"https:\/\/blogdoeloiltoncajuhy.com.br\/site\/wp-json\/wp\/v2\/posts\/84513\/revisions\/84514"}],"wp:featuredmedia":[{"embeddable":true,"href":"https:\/\/blogdoeloiltoncajuhy.com.br\/site\/wp-json\/wp\/v2\/media\/71520"}],"wp:attachment":[{"href":"https:\/\/blogdoeloiltoncajuhy.com.br\/site\/wp-json\/wp\/v2\/media?parent=84513"}],"wp:term":[{"taxonomy":"category","embeddable":true,"href":"https:\/\/blogdoeloiltoncajuhy.com.br\/site\/wp-json\/wp\/v2\/categories?post=84513"},{"taxonomy":"post_tag","embeddable":true,"href":"https:\/\/blogdoeloiltoncajuhy.com.br\/site\/wp-json\/wp\/v2\/tags?post=84513"}],"curies":[{"name":"wp","href":"https:\/\/api.w.org\/{rel}","templated":true}]}}