{"id":84506,"date":"2024-12-01T22:23:37","date_gmt":"2024-12-02T01:23:37","guid":{"rendered":"https:\/\/blogdoeloiltoncajuhy.com.br\/site\/?p=84506"},"modified":"2024-12-01T22:23:39","modified_gmt":"2024-12-02T01:23:39","slug":"governo-do-estado-anuncia-concurso-para-oficiais-da-policia-militar-e-corpo-de-bombeiros","status":"publish","type":"post","link":"https:\/\/blogdoeloiltoncajuhy.com.br\/site\/governo-do-estado-anuncia-concurso-para-oficiais-da-policia-militar-e-corpo-de-bombeiros\/","title":{"rendered":"Governo do Estado anuncia concurso para Oficiais da Pol\u00edcia Militar e Corpo de Bombeiros"},"content":{"rendered":"\n<p><strong>Blog do Eloilton Cajuhy<\/strong><\/p>\n\n\n\n<figure class=\"wp-block-image aligncenter size-full\"><a href=\"https:\/\/i0.wp.com\/blogdoeloiltoncajuhy.com.br\/site\/wp-content\/uploads\/2024\/12\/GOVBA_Corpo-de-Bombeiros_011224_Foto-Alberto-Maraux-Ascom-SSP.jpeg?ssl=1\"><img data-recalc-dims=\"1\" fetchpriority=\"high\" decoding=\"async\" width=\"740\" height=\"493\" src=\"https:\/\/i0.wp.com\/blogdoeloiltoncajuhy.com.br\/site\/wp-content\/uploads\/2024\/12\/GOVBA_Corpo-de-Bombeiros_011224_Foto-Alberto-Maraux-Ascom-SSP.jpeg?resize=740%2C493&#038;ssl=1\" alt=\"\" class=\"wp-image-84507\" srcset=\"https:\/\/i0.wp.com\/blogdoeloiltoncajuhy.com.br\/site\/wp-content\/uploads\/2024\/12\/GOVBA_Corpo-de-Bombeiros_011224_Foto-Alberto-Maraux-Ascom-SSP.jpeg?w=740&amp;ssl=1 740w, https:\/\/i0.wp.com\/blogdoeloiltoncajuhy.com.br\/site\/wp-content\/uploads\/2024\/12\/GOVBA_Corpo-de-Bombeiros_011224_Foto-Alberto-Maraux-Ascom-SSP.jpeg?resize=300%2C200&amp;ssl=1 300w\" sizes=\"(max-width: 740px) 100vw, 740px\" \/><\/a><figcaption class=\"wp-element-caption\"><sub>Foto: Alberto Maraux\/Ascom-SSP<\/sub><\/figcaption><\/figure>\n\n\n\n<p>Com o objetivo de seguir refor\u00e7ando os efetivos das For\u00e7as Estaduais, o Governo do Estado publicou nesta sexta-feira (29), no Di\u00e1rio Oficial do Estado (DOE), os editais para os Cursos de Forma\u00e7\u00e3o de Oficiais para a Pol\u00edcia Militar e Corpo de Bombeiros.<\/p>\n\n\n\n<ul class=\"wp-block-list\">\n<li><a href=\"https:\/\/whatsapp.com\/channel\/0029VaAT7tDLI8Yfj5y9Z50Z\"><strong><mark style=\"background-color:rgba(0, 0, 0, 0)\" class=\"has-inline-color has-vivid-red-color\">Siga nosso canal no WhatsApp e veja mais not\u00edcias<\/mark><\/strong><\/a><\/li>\n<\/ul>\n\n\n\n<p><\/p>\n\n\n\n<p>O total de 130 vagas ser\u00e3o disponibilizadas para candidatos com idades entre 18 e 30 anos. A escolaridade m\u00ednima \u00e9 n\u00edvel m\u00e9dio. As inscri\u00e7\u00f5es poder\u00e3o ser realizadas no site <a href=\"http:\/\/www.cfopmbm2024.uneb.br\"><strong><mark style=\"background-color:rgba(0, 0, 0, 0)\" class=\"has-inline-color has-vivid-cyan-blue-color\">www.cfopmbm2024.uneb.br<\/mark><\/strong><\/a>, entre os dias 5 de dezembro de 2024 e 5 de janeiro de 2025. As provas acontecer\u00e3o no dia 16 de fevereiro de 2025.<\/p>\n\n\n\n<p>\u201cNos \u00faltimos 21 meses, o Governo do Estado contratou quatro mil novos policiais e bombeiros. Seguiremos investindo no nosso maior patrim\u00f4nio, o profissional da seguran\u00e7a p\u00fablica\u201d, destacou o secret\u00e1rio de Seguran\u00e7a P\u00fablica, Marcelo Werner.<\/p>\n\n\n\n<figure class=\"wp-block-image aligncenter size-full\"><a href=\"https:\/\/i0.wp.com\/blogdoeloiltoncajuhy.com.br\/site\/wp-content\/uploads\/2024\/12\/GOVBA_Oficiais-PM_011224_Foto-Alberto-Maraux-Ascom-SSP.jpeg?ssl=1\"><img data-recalc-dims=\"1\" decoding=\"async\" width=\"740\" height=\"493\" src=\"https:\/\/i0.wp.com\/blogdoeloiltoncajuhy.com.br\/site\/wp-content\/uploads\/2024\/12\/GOVBA_Oficiais-PM_011224_Foto-Alberto-Maraux-Ascom-SSP.jpeg?resize=740%2C493&#038;ssl=1\" alt=\"\" class=\"wp-image-84508\" srcset=\"https:\/\/i0.wp.com\/blogdoeloiltoncajuhy.com.br\/site\/wp-content\/uploads\/2024\/12\/GOVBA_Oficiais-PM_011224_Foto-Alberto-Maraux-Ascom-SSP.jpeg?w=740&amp;ssl=1 740w, https:\/\/i0.wp.com\/blogdoeloiltoncajuhy.com.br\/site\/wp-content\/uploads\/2024\/12\/GOVBA_Oficiais-PM_011224_Foto-Alberto-Maraux-Ascom-SSP.jpeg?resize=300%2C200&amp;ssl=1 300w\" sizes=\"(max-width: 740px) 100vw, 740px\" \/><\/a><figcaption class=\"wp-element-caption\"><sub>Foto: Alberto Maraux\/Ascom-SSP<\/sub><\/figcaption><\/figure>\n","protected":false},"excerpt":{"rendered":"<p>Blog do Eloilton Cajuhy Com o objetivo de seguir refor\u00e7ando os efetivos das For\u00e7as Estaduais, o Governo do Estado publicou nesta sexta-feira (29), no Di\u00e1rio Oficial do Estado (DOE), os editais para os Cursos de Forma\u00e7\u00e3o de Oficiais para a Pol\u00edcia Militar e Corpo de Bombeiros. O total de 130 vagas ser\u00e3o disponibilizadas para candidatos [&hellip;]<\/p>\n","protected":false},"author":2,"featured_media":84507,"comment_status":"open","ping_status":"open","sticky":false,"template":"","format":"standard","meta":{"_acf_changed":false,"_monsterinsights_skip_tracking":false,"_monsterinsights_sitenote_active":false,"_monsterinsights_sitenote_note":"","_monsterinsights_sitenote_category":0,"_jetpack_memberships_contains_paid_content":false,"footnotes":"","jetpack_publicize_message":"","jetpack_publicize_feature_enabled":true,"jetpack_social_post_already_shared":false,"jetpack_social_options":{"image_generator_settings":{"template":"highway","enabled":false},"version":2}},"categories":[32],"tags":[],"class_list":["post-84506","post","type-post","status-publish","format-standard","has-post-thumbnail","hentry","category-emprego"],"acf":[],"jetpack_publicize_connections":[],"jetpack_featured_media_url":"https:\/\/i0.wp.com\/blogdoeloiltoncajuhy.com.br\/site\/wp-content\/uploads\/2024\/12\/GOVBA_Corpo-de-Bombeiros_011224_Foto-Alberto-Maraux-Ascom-SSP.jpeg?fit=740%2C493&ssl=1","jetpack_sharing_enabled":true,"publishpress_future_workflow_manual_trigger":{"enabledWorkflows":[]},"_links":{"self":[{"href":"https:\/\/blogdoeloiltoncajuhy.com.br\/site\/wp-json\/wp\/v2\/posts\/84506","targetHints":{"allow":["GET"]}}],"collection":[{"href":"https:\/\/blogdoeloiltoncajuhy.com.br\/site\/wp-json\/wp\/v2\/posts"}],"about":[{"href":"https:\/\/blogdoeloiltoncajuhy.com.br\/site\/wp-json\/wp\/v2\/types\/post"}],"author":[{"embeddable":true,"href":"https:\/\/blogdoeloiltoncajuhy.com.br\/site\/wp-json\/wp\/v2\/users\/2"}],"replies":[{"embeddable":true,"href":"https:\/\/blogdoeloiltoncajuhy.com.br\/site\/wp-json\/wp\/v2\/comments?post=84506"}],"version-history":[{"count":1,"href":"https:\/\/blogdoeloiltoncajuhy.com.br\/site\/wp-json\/wp\/v2\/posts\/84506\/revisions"}],"predecessor-version":[{"id":84509,"href":"https:\/\/blogdoeloiltoncajuhy.com.br\/site\/wp-json\/wp\/v2\/posts\/84506\/revisions\/84509"}],"wp:featuredmedia":[{"embeddable":true,"href":"https:\/\/blogdoeloiltoncajuhy.com.br\/site\/wp-json\/wp\/v2\/media\/84507"}],"wp:attachment":[{"href":"https:\/\/blogdoeloiltoncajuhy.com.br\/site\/wp-json\/wp\/v2\/media?parent=84506"}],"wp:term":[{"taxonomy":"category","embeddable":true,"href":"https:\/\/blogdoeloiltoncajuhy.com.br\/site\/wp-json\/wp\/v2\/categories?post=84506"},{"taxonomy":"post_tag","embeddable":true,"href":"https:\/\/blogdoeloiltoncajuhy.com.br\/site\/wp-json\/wp\/v2\/tags?post=84506"}],"curies":[{"name":"wp","href":"https:\/\/api.w.org\/{rel}","templated":true}]}}