{"id":84503,"date":"2024-12-01T21:53:30","date_gmt":"2024-12-02T00:53:30","guid":{"rendered":"https:\/\/blogdoeloiltoncajuhy.com.br\/site\/?p=84503"},"modified":"2024-12-01T21:53:31","modified_gmt":"2024-12-02T00:53:31","slug":"oito-homens-sao-presos-pelo-reconhecimento-facial-em-menos-de-24h","status":"publish","type":"post","link":"https:\/\/blogdoeloiltoncajuhy.com.br\/site\/oito-homens-sao-presos-pelo-reconhecimento-facial-em-menos-de-24h\/","title":{"rendered":"Oito homens s\u00e3o presos pelo reconhecimento facial em menos de 24h"},"content":{"rendered":"\n<p class=\"has-medium-font-size\"><strong>Foragidos foram encontrados em Salvador e na Regi\u00e3o Metropolitana<\/strong><\/p>\n\n\n\n<p><strong>Por A Tarde<\/strong><\/p>\n\n\n\n<figure class=\"wp-block-image aligncenter size-full\"><a href=\"https:\/\/i0.wp.com\/blogdoeloiltoncajuhy.com.br\/site\/wp-content\/uploads\/2024\/12\/GOVBA_RF-auxiliou-na-captura-de-895-foragidos-em-2024-Foto-Vitor-Barreto-Ascom-SSP.jpeg?ssl=1\"><img data-recalc-dims=\"1\" fetchpriority=\"high\" decoding=\"async\" width=\"750\" height=\"500\" src=\"https:\/\/i0.wp.com\/blogdoeloiltoncajuhy.com.br\/site\/wp-content\/uploads\/2024\/12\/GOVBA_RF-auxiliou-na-captura-de-895-foragidos-em-2024-Foto-Vitor-Barreto-Ascom-SSP.jpeg?resize=750%2C500&#038;ssl=1\" alt=\"\" class=\"wp-image-84504\" srcset=\"https:\/\/i0.wp.com\/blogdoeloiltoncajuhy.com.br\/site\/wp-content\/uploads\/2024\/12\/GOVBA_RF-auxiliou-na-captura-de-895-foragidos-em-2024-Foto-Vitor-Barreto-Ascom-SSP.jpeg?w=750&amp;ssl=1 750w, https:\/\/i0.wp.com\/blogdoeloiltoncajuhy.com.br\/site\/wp-content\/uploads\/2024\/12\/GOVBA_RF-auxiliou-na-captura-de-895-foragidos-em-2024-Foto-Vitor-Barreto-Ascom-SSP.jpeg?resize=300%2C200&amp;ssl=1 300w\" sizes=\"(max-width: 750px) 100vw, 750px\" \/><\/a><figcaption class=\"wp-element-caption\"><sub>Ferramenta tecnol\u00f3gica auxiliou na captura de 895 foragidos em 2024 &#8211; Foto: Vitor Barreto | Ascom\/SSP<\/sub><\/figcaption><\/figure>\n\n\n\n<p>Oito homens que estavam foragidos da Justi\u00e7a foram recapturados a partir do aux\u00edlio do Sistema de Reconhecimento Facial da Secretaria da Seguran\u00e7a P\u00fablica (SSP) nas \u00faltimas 24h. As pris\u00f5es aconteceram em Salvador e nas cidades de Sim\u00f5es Filho, Lauro de Freitas e Candeias, na Regi\u00e3o Metropolitana.<\/p>\n\n\n\n<ul class=\"wp-block-list\">\n<li><a href=\"https:\/\/whatsapp.com\/channel\/0029VaAT7tDLI8Yfj5y9Z50Z\"><strong><mark style=\"background-color:rgba(0, 0, 0, 0)\" class=\"has-inline-color has-vivid-red-color\">Siga nosso canal no WhatsApp e veja mais not\u00edcias<\/mark><\/strong><\/a><\/li>\n<\/ul>\n\n\n\n<p><\/p>\n\n\n\n<p>Eles respondem pelos crimes de homic\u00eddio, roubo, tr\u00e1fico, falsidade ideol\u00f3gica e pela falta de pagamento de pens\u00e3o aliment\u00edcia. Ap\u00f3s alerta do Centro Integrado de Comunica\u00e7\u00f5es (Cicom) Salvador\/RMS, agentes da PM capturaram os criminosos que foram encaminhados \u00e0 Polinter, onde as ordens judiciais foram cumpridas.<\/p>\n\n\n\n<p>A ferramenta tecnol\u00f3gica auxiliou na captura de 895 foragidos em 2024, al\u00e9m de completar 2.148 fugitivos alcan\u00e7ados desde a implementa\u00e7\u00e3o.<\/p>\n","protected":false},"excerpt":{"rendered":"<p>Foragidos foram encontrados em Salvador e na Regi\u00e3o Metropolitana Por A Tarde Oito homens que estavam foragidos da Justi\u00e7a foram recapturados a partir do aux\u00edlio do Sistema de Reconhecimento Facial da Secretaria da Seguran\u00e7a P\u00fablica (SSP) nas \u00faltimas 24h. As pris\u00f5es aconteceram em Salvador e nas cidades de Sim\u00f5es Filho, Lauro de Freitas e Candeias, [&hellip;]<\/p>\n","protected":false},"author":2,"featured_media":84504,"comment_status":"open","ping_status":"open","sticky":false,"template":"","format":"standard","meta":{"_acf_changed":false,"_monsterinsights_skip_tracking":false,"_monsterinsights_sitenote_active":false,"_monsterinsights_sitenote_note":"","_monsterinsights_sitenote_category":0,"_jetpack_memberships_contains_paid_content":false,"footnotes":"","jetpack_publicize_message":"","jetpack_publicize_feature_enabled":true,"jetpack_social_post_already_shared":true,"jetpack_social_options":{"image_generator_settings":{"template":"highway","default_image_id":0,"font":"","enabled":false},"version":2}},"categories":[15],"tags":[],"class_list":["post-84503","post","type-post","status-publish","format-standard","has-post-thumbnail","hentry","category-policia"],"acf":[],"jetpack_publicize_connections":[],"jetpack_featured_media_url":"https:\/\/i0.wp.com\/blogdoeloiltoncajuhy.com.br\/site\/wp-content\/uploads\/2024\/12\/GOVBA_RF-auxiliou-na-captura-de-895-foragidos-em-2024-Foto-Vitor-Barreto-Ascom-SSP.jpeg?fit=750%2C500&ssl=1","jetpack_sharing_enabled":true,"publishpress_future_workflow_manual_trigger":{"enabledWorkflows":[]},"_links":{"self":[{"href":"https:\/\/blogdoeloiltoncajuhy.com.br\/site\/wp-json\/wp\/v2\/posts\/84503","targetHints":{"allow":["GET"]}}],"collection":[{"href":"https:\/\/blogdoeloiltoncajuhy.com.br\/site\/wp-json\/wp\/v2\/posts"}],"about":[{"href":"https:\/\/blogdoeloiltoncajuhy.com.br\/site\/wp-json\/wp\/v2\/types\/post"}],"author":[{"embeddable":true,"href":"https:\/\/blogdoeloiltoncajuhy.com.br\/site\/wp-json\/wp\/v2\/users\/2"}],"replies":[{"embeddable":true,"href":"https:\/\/blogdoeloiltoncajuhy.com.br\/site\/wp-json\/wp\/v2\/comments?post=84503"}],"version-history":[{"count":1,"href":"https:\/\/blogdoeloiltoncajuhy.com.br\/site\/wp-json\/wp\/v2\/posts\/84503\/revisions"}],"predecessor-version":[{"id":84505,"href":"https:\/\/blogdoeloiltoncajuhy.com.br\/site\/wp-json\/wp\/v2\/posts\/84503\/revisions\/84505"}],"wp:featuredmedia":[{"embeddable":true,"href":"https:\/\/blogdoeloiltoncajuhy.com.br\/site\/wp-json\/wp\/v2\/media\/84504"}],"wp:attachment":[{"href":"https:\/\/blogdoeloiltoncajuhy.com.br\/site\/wp-json\/wp\/v2\/media?parent=84503"}],"wp:term":[{"taxonomy":"category","embeddable":true,"href":"https:\/\/blogdoeloiltoncajuhy.com.br\/site\/wp-json\/wp\/v2\/categories?post=84503"},{"taxonomy":"post_tag","embeddable":true,"href":"https:\/\/blogdoeloiltoncajuhy.com.br\/site\/wp-json\/wp\/v2\/tags?post=84503"}],"curies":[{"name":"wp","href":"https:\/\/api.w.org\/{rel}","templated":true}]}}