{"id":84459,"date":"2024-11-28T16:28:51","date_gmt":"2024-11-28T19:28:51","guid":{"rendered":"https:\/\/blogdoeloiltoncajuhy.com.br\/site\/?p=84459"},"modified":"2024-11-28T16:29:45","modified_gmt":"2024-11-28T19:29:45","slug":"comunidade-de-estiva-celebra-novenario-em-honra-a-nossa-senhora-da-conceicao","status":"publish","type":"post","link":"https:\/\/blogdoeloiltoncajuhy.com.br\/site\/comunidade-de-estiva-celebra-novenario-em-honra-a-nossa-senhora-da-conceicao\/","title":{"rendered":"Comunidade de Estiva celebra Noven\u00e1rio em honra a Nossa Senhora da Concei\u00e7\u00e3o"},"content":{"rendered":"\n<p class=\"has-medium-font-size\"><strong>F\u00e9 e devo\u00e7\u00e3o marcam a Festa de Nossa Senhora da Concei\u00e7\u00e3o na Comunidade de Estiva<\/strong><\/p>\n\n\n\n<p><strong>Por Blog do Eloilton Cajuhy<\/strong><\/p>\n\n\n\n<figure class=\"wp-block-image aligncenter size-large is-resized\"><a href=\"https:\/\/i0.wp.com\/blogdoeloiltoncajuhy.com.br\/site\/wp-content\/uploads\/2018\/11\/nossa_senhora_conceicao_imagem.jpg\"><img data-recalc-dims=\"1\" fetchpriority=\"high\" decoding=\"async\" width=\"800\" height=\"800\" src=\"https:\/\/i0.wp.com\/blogdoeloiltoncajuhy.com.br\/site\/wp-content\/uploads\/2018\/11\/nossa_senhora_conceicao_imagem.jpg?resize=800%2C800\" alt=\"\" class=\"wp-image-29588\" style=\"width:520px;height:auto\" srcset=\"https:\/\/i0.wp.com\/blogdoeloiltoncajuhy.com.br\/site\/wp-content\/uploads\/2018\/11\/nossa_senhora_conceicao_imagem.jpg?resize=1024%2C1024&amp;ssl=1 1024w, https:\/\/i0.wp.com\/blogdoeloiltoncajuhy.com.br\/site\/wp-content\/uploads\/2018\/11\/nossa_senhora_conceicao_imagem.jpg?resize=150%2C150&amp;ssl=1 150w, https:\/\/i0.wp.com\/blogdoeloiltoncajuhy.com.br\/site\/wp-content\/uploads\/2018\/11\/nossa_senhora_conceicao_imagem.jpg?resize=300%2C300&amp;ssl=1 300w, https:\/\/i0.wp.com\/blogdoeloiltoncajuhy.com.br\/site\/wp-content\/uploads\/2018\/11\/nossa_senhora_conceicao_imagem.jpg?resize=768%2C768&amp;ssl=1 768w, https:\/\/i0.wp.com\/blogdoeloiltoncajuhy.com.br\/site\/wp-content\/uploads\/2018\/11\/nossa_senhora_conceicao_imagem.jpg?resize=250%2C250&amp;ssl=1 250w, https:\/\/i0.wp.com\/blogdoeloiltoncajuhy.com.br\/site\/wp-content\/uploads\/2018\/11\/nossa_senhora_conceicao_imagem.jpg?resize=48%2C48&amp;ssl=1 48w, https:\/\/i0.wp.com\/blogdoeloiltoncajuhy.com.br\/site\/wp-content\/uploads\/2018\/11\/nossa_senhora_conceicao_imagem.jpg?w=1200&amp;ssl=1 1200w\" sizes=\"(max-width: 800px) 100vw, 800px\" \/><\/a><figcaption class=\"wp-element-caption\"><sub>Comunidade de Estiva celebra Noven\u00e1rio em honra a Nossa Senhora da Concei\u00e7\u00e3o<\/sub><\/figcaption><\/figure>\n\n\n\n<p>A <strong>Comunidade de Estiva<\/strong>, pertencente \u00e0 Par\u00f3quia do Senhor do Bonfim, convida a todos para participar do <strong>Noven\u00e1rio e Festa em louvor a Nossa Senhora da Concei\u00e7\u00e3o<\/strong>, que acontecer\u00e1 de 29 de novembro a 8 de dezembro de 2024. Este ano, o tema central da celebra\u00e7\u00e3o ser\u00e1: <em>&#8220;O SIM DA VIRGEM MARIA, NOS ENSINA A CRER NA PROMESSA DE DEUS&#8221;<\/em>.<\/p>\n\n\n\n<ul class=\"wp-block-list\">\n<li><a href=\"https:\/\/whatsapp.com\/channel\/0029VaAT7tDLI8Yfj5y9Z50Z\"><strong><mark style=\"background-color:rgba(0, 0, 0, 0)\" class=\"has-inline-color has-vivid-red-color\">Siga nosso canal no WhatsApp e veja mais not\u00edcias<\/mark><\/strong><\/a><\/li>\n<\/ul>\n\n\n\n<p><\/p>\n\n\n\n<p>A programa\u00e7\u00e3o contar\u00e1 com missas, celebra\u00e7\u00f5es da Palavra, queima de fogos, prociss\u00e3o e quermesse todos os dias. O evento \u00e9 uma oportunidade de vivenciar momentos de espiritualidade, reflex\u00e3o e confraterniza\u00e7\u00e3o em comunidade, fortalecendo a f\u00e9 e a uni\u00e3o entre os participantes.<\/p>\n\n\n\n<p>O ponto alto ser\u00e1 no dia 8 de dezembro, com a celebra\u00e7\u00e3o em honra \u00e0 padroeira e uma prociss\u00e3o pelas ruas da comunidade, seguida pela tradicional quermesse, que re\u00fane fi\u00e9is em um clima de alegria e devo\u00e7\u00e3o.<\/p>\n\n\n\n<p>A Par\u00f3quia do Senhor do Bonfim convida todos os paroquianos e devotos de Nossa Senhora da Concei\u00e7\u00e3o para se unirem a esta importante celebra\u00e7\u00e3o religiosa. Venha vivenciar este momento de f\u00e9 e renovar sua espiritualidade com a intercess\u00e3o da M\u00e3e de Deus.<\/p>\n\n\n\n<p class=\"has-black-color has-text-color has-link-color has-medium-font-size wp-elements-4d3a97888338f4a435f4deee68523f0d\"><strong>Veja a programa\u00e7\u00e3o de abertura do noven\u00e1rio:<\/strong><\/p>\n\n\n\n<p><strong>Dia 29\/11\/24: SEXTA-FEIRA \u2013 ABERTURA<\/strong><\/p>\n\n\n\n<ul class=\"wp-block-list\">\n<li>10h.: Hasteamento da Bandeira da Excelsa Padroeira Nossa<br>Senhora da Concei\u00e7\u00e3o<\/li>\n\n\n\n<li>19h.: Celebra\u00e7\u00e3o da Santa Missa<\/li>\n\n\n\n<li>Coral Juventude de Estiva<\/li>\n\n\n\n<li>Noiteiros: Fam\u00edlias e Comerciantes<\/li>\n\n\n\n<li>Convidados: Comunidade Cat\u00f3lica Crist\u00e3<\/li>\n<\/ul>\n\n\n\n<p><\/p>\n\n\n\n<h5 class=\"wp-block-heading\"><strong><mark style=\"background-color:rgba(0, 0, 0, 0)\" class=\"has-inline-color has-vivid-purple-color\">Servi\u00e7o:<\/mark><\/strong><\/h5>\n\n\n\n<ul class=\"wp-block-list\">\n<li><strong><mark style=\"background-color:rgba(0, 0, 0, 0)\" class=\"has-inline-color has-black-color\">Evento:<\/mark><\/strong> Noven\u00e1rio e Festa em Louvor a Nossa Senhora da Concei\u00e7\u00e3o<\/li>\n\n\n\n<li><strong><mark style=\"background-color:rgba(0, 0, 0, 0)\" class=\"has-inline-color has-black-color\">Data:<\/mark><\/strong> 29 de novembro a 8 de dezembro de 2024<\/li>\n\n\n\n<li><strong><mark style=\"background-color:rgba(0, 0, 0, 0)\" class=\"has-inline-color has-black-color\">Local:<\/mark><\/strong> Comunidade de Estiva \u2013 Par\u00f3quia do Senhor do Bonfim<\/li>\n<\/ul>\n\n\n\n<p><\/p>\n\n\n\n<p>A comunidade espera por voc\u00ea!<\/p>\n","protected":false},"excerpt":{"rendered":"<p>F\u00e9 e devo\u00e7\u00e3o marcam a Festa de Nossa Senhora da Concei\u00e7\u00e3o na Comunidade de Estiva Por Blog do Eloilton Cajuhy A Comunidade de Estiva, pertencente \u00e0 Par\u00f3quia do Senhor do Bonfim, convida a todos para participar do Noven\u00e1rio e Festa em louvor a Nossa Senhora da Concei\u00e7\u00e3o, que acontecer\u00e1 de 29 de novembro a 8 [&hellip;]<\/p>\n","protected":false},"author":2,"featured_media":29588,"comment_status":"open","ping_status":"open","sticky":false,"template":"","format":"standard","meta":{"_acf_changed":false,"_monsterinsights_skip_tracking":false,"_monsterinsights_sitenote_active":false,"_monsterinsights_sitenote_note":"","_monsterinsights_sitenote_category":0,"_jetpack_memberships_contains_paid_content":false,"footnotes":"","jetpack_publicize_message":"","jetpack_publicize_feature_enabled":true,"jetpack_social_post_already_shared":true,"jetpack_social_options":{"image_generator_settings":{"template":"highway","default_image_id":0,"font":"","enabled":false},"version":2}},"categories":[4],"tags":[],"class_list":["post-84459","post","type-post","status-publish","format-standard","has-post-thumbnail","hentry","category-local"],"acf":[],"jetpack_publicize_connections":[],"jetpack_featured_media_url":"https:\/\/i0.wp.com\/blogdoeloiltoncajuhy.com.br\/site\/wp-content\/uploads\/2018\/11\/nossa_senhora_conceicao_imagem.jpg?fit=1200%2C1200&ssl=1","jetpack_sharing_enabled":true,"publishpress_future_workflow_manual_trigger":{"enabledWorkflows":[]},"_links":{"self":[{"href":"https:\/\/blogdoeloiltoncajuhy.com.br\/site\/wp-json\/wp\/v2\/posts\/84459","targetHints":{"allow":["GET"]}}],"collection":[{"href":"https:\/\/blogdoeloiltoncajuhy.com.br\/site\/wp-json\/wp\/v2\/posts"}],"about":[{"href":"https:\/\/blogdoeloiltoncajuhy.com.br\/site\/wp-json\/wp\/v2\/types\/post"}],"author":[{"embeddable":true,"href":"https:\/\/blogdoeloiltoncajuhy.com.br\/site\/wp-json\/wp\/v2\/users\/2"}],"replies":[{"embeddable":true,"href":"https:\/\/blogdoeloiltoncajuhy.com.br\/site\/wp-json\/wp\/v2\/comments?post=84459"}],"version-history":[{"count":2,"href":"https:\/\/blogdoeloiltoncajuhy.com.br\/site\/wp-json\/wp\/v2\/posts\/84459\/revisions"}],"predecessor-version":[{"id":84461,"href":"https:\/\/blogdoeloiltoncajuhy.com.br\/site\/wp-json\/wp\/v2\/posts\/84459\/revisions\/84461"}],"wp:featuredmedia":[{"embeddable":true,"href":"https:\/\/blogdoeloiltoncajuhy.com.br\/site\/wp-json\/wp\/v2\/media\/29588"}],"wp:attachment":[{"href":"https:\/\/blogdoeloiltoncajuhy.com.br\/site\/wp-json\/wp\/v2\/media?parent=84459"}],"wp:term":[{"taxonomy":"category","embeddable":true,"href":"https:\/\/blogdoeloiltoncajuhy.com.br\/site\/wp-json\/wp\/v2\/categories?post=84459"},{"taxonomy":"post_tag","embeddable":true,"href":"https:\/\/blogdoeloiltoncajuhy.com.br\/site\/wp-json\/wp\/v2\/tags?post=84459"}],"curies":[{"name":"wp","href":"https:\/\/api.w.org\/{rel}","templated":true}]}}