{"id":84229,"date":"2024-11-14T16:33:17","date_gmt":"2024-11-14T19:33:17","guid":{"rendered":"https:\/\/blogdoeloiltoncajuhy.com.br\/site\/?p=84229"},"modified":"2024-11-14T16:33:19","modified_gmt":"2024-11-14T19:33:19","slug":"explosoes-em-brasilia-pf-cita-grupos-extremistas-ativos-e-ve-indicios-de-que-homem-teve-ajuda-para-planejar-atentado","status":"publish","type":"post","link":"https:\/\/blogdoeloiltoncajuhy.com.br\/site\/explosoes-em-brasilia-pf-cita-grupos-extremistas-ativos-e-ve-indicios-de-que-homem-teve-ajuda-para-planejar-atentado\/","title":{"rendered":"Explos\u00f5es em Bras\u00edlia: PF cita &#8216;grupos extremistas ativos&#8217; e v\u00ea ind\u00edcios de que homem teve ajuda para planejar atentado"},"content":{"rendered":"\n<p class=\"has-medium-font-size\"><strong>Francisco Wanderley, de 59 anos, morreu na Pra\u00e7a dos Tr\u00eas Poderes ap\u00f3s uma sequ\u00eancia de explos\u00f5es. Corpo s\u00f3 foi retirado na manh\u00e3 desta quinta<\/strong><\/p>\n\n\n\n<p><strong>Por Raquel Porto Alegre, F\u00e1bio Amato, Vladimir Netto, Gustavo Garcia, Mateus Rodrigues, TV Globo, GloboNews e g1<\/strong> \u2014 Bras\u00edlia<\/p>\n\n\n\n<figure class=\"wp-block-image aligncenter size-full\"><a href=\"https:\/\/i0.wp.com\/blogdoeloiltoncajuhy.com.br\/site\/wp-content\/uploads\/2024\/11\/Explosoes-em-Brasilia-Foto-Reproducao-Globo-News.png?ssl=1\"><img data-recalc-dims=\"1\" fetchpriority=\"high\" decoding=\"async\" width=\"760\" height=\"431\" src=\"https:\/\/i0.wp.com\/blogdoeloiltoncajuhy.com.br\/site\/wp-content\/uploads\/2024\/11\/Explosoes-em-Brasilia-Foto-Reproducao-Globo-News.png?resize=760%2C431&#038;ssl=1\" alt=\"\" class=\"wp-image-84230\" srcset=\"https:\/\/i0.wp.com\/blogdoeloiltoncajuhy.com.br\/site\/wp-content\/uploads\/2024\/11\/Explosoes-em-Brasilia-Foto-Reproducao-Globo-News.png?w=760&amp;ssl=1 760w, https:\/\/i0.wp.com\/blogdoeloiltoncajuhy.com.br\/site\/wp-content\/uploads\/2024\/11\/Explosoes-em-Brasilia-Foto-Reproducao-Globo-News.png?resize=300%2C170&amp;ssl=1 300w\" sizes=\"(max-width: 760px) 100vw, 760px\" \/><\/a><figcaption class=\"wp-element-caption\"><sub>Explos\u00f5es em Bras\u00edlia: caso \u00e9 tratado como terrorismo e ato antidemocr\u00e1tico, diz PF &#8211; Foto: Reprodu\u00e7\u00e3o\/Globo News<\/sub><\/figcaption><\/figure>\n\n\n\n<p>O diretor-geral da Pol\u00edcia Federal, Andrei Rodrigues, afirmou nesta quinta-feira (14) que as explos\u00f5es registradas na \u00e1rea central da capital na noite de quarta (13) apontam que os grupos extremistas respons\u00e1veis por atos similares em anos anteriores seguem ativos.<\/p>\n\n\n\n<p>Rodrigues afirmou, tamb\u00e9m, que h\u00e1 ind\u00edcios de que Francisco Wanderley Luiz, de 59 anos, teve alguma colabora\u00e7\u00e3o para planejar os atos e premeditou o ataque por meses.<\/p>\n\n\n\n<p class=\"has-text-align-center\">____________________<\/p>\n\n\n\n<blockquote class=\"wp-block-quote is-layout-flow wp-block-quote-is-layout-flow\">\n<p class=\"has-medium-font-size\"><strong><mark style=\"background-color:rgba(0, 0, 0, 0)\" class=\"has-inline-color has-black-color\">&#8220;Quero fazer um registro da gravidade dessa situa\u00e7\u00e3o que n\u00f3s enfrentamos ontem. Que apontam que esses grupos extremistas est\u00e3o ativos e precisam que n\u00f3s atuemos de maneira en\u00e9rgica. N\u00e3o s\u00f3 a Pol\u00edcia Federal, mas todo o sistema da Justi\u00e7a Federal. Entendemos que o epis\u00f3dio de ontem n\u00e3o \u00e9 um fato isolado, mas conectado com v\u00e1rias outras a\u00e7\u00f5es&#8221;, disse.<\/mark><\/strong><\/p>\n<\/blockquote>\n\n\n\n<p class=\"has-text-align-center\">____________________<\/p>\n\n\n\n<blockquote class=\"wp-block-quote is-layout-flow wp-block-quote-is-layout-flow\">\n<p class=\"has-medium-font-size\"><strong><mark style=\"background-color:rgba(0, 0, 0, 0)\" class=\"has-inline-color has-black-color\">&#8220;Eu tenho ressalvas com essa express\u00e3o &#8216;lobo solit\u00e1rio&#8217;, porque, ainda que a a\u00e7\u00e3o vis\u00edvel seja individual, por tr\u00e1s dessa a\u00e7\u00e3o nunca h\u00e1 s\u00f3 uma pessoa, h\u00e1 sempre um grupo, ou ideia de um grupo, com extremismos e radicalismos que levam ao cometimento dos crimes. A a\u00e7\u00e3o, de fato, foi individual, mas a investiga\u00e7\u00e3o dir\u00e1 se h\u00e1 outras conex\u00f5es, redes, o que est\u00e1 por tr\u00e1s e impulsionou essa a\u00e7\u00e3o. Equipes est\u00e3o em Bras\u00edlia e em Santa Catarina&#8221;, declarou Andrei.<\/mark><\/strong><\/p>\n<\/blockquote>\n\n\n\n<p class=\"has-text-align-center\">____________________<\/p>\n\n\n\n<p>A Pol\u00edcia Federal e o Supremo Tribunal Federal (STF) devem assumir as investiga\u00e7\u00f5es \u2013 a cargo, inicialmente, da Pol\u00edcia Civil do Distrito Federal.<\/p>\n\n\n\n<p class=\"has-text-align-center\">____________________<\/p>\n\n\n\n<blockquote class=\"wp-block-quote is-layout-flow wp-block-quote-is-layout-flow\">\n<p class=\"has-medium-font-size\"><strong><mark style=\"background-color:rgba(0, 0, 0, 0)\" class=\"has-inline-color has-black-color\">&#8220;Determinei a instaura\u00e7\u00e3o do inqu\u00e9rito policial e o encaminhamento para a Suprema Corte em raz\u00e3o das hip\u00f3teses iniciais de atos que atentam contra o Estado Democr\u00e1tico de Direito. E tamb\u00e9m, de atos terroristas. Estamos tratando o caso sob essas duas vertentes&#8221;, informou Andrei.<\/mark><\/strong><\/p>\n\n\n\n<p class=\"has-text-align-center\">____________________<\/p>\n\n\n\n<ul class=\"wp-block-list\">\n<li><a href=\"https:\/\/whatsapp.com\/channel\/0029VaAT7tDLI8Yfj5y9Z50Z\"><strong><mark style=\"background-color:rgba(0, 0, 0, 0)\" class=\"has-inline-color has-vivid-red-color\">Siga nosso canal no WhatsApp e veja mais not\u00edcias<\/mark><\/strong><\/a><\/li>\n<\/ul>\n<\/blockquote>\n","protected":false},"excerpt":{"rendered":"<p>Francisco Wanderley, de 59 anos, morreu na Pra\u00e7a dos Tr\u00eas Poderes ap\u00f3s uma sequ\u00eancia de explos\u00f5es. Corpo s\u00f3 foi retirado na manh\u00e3 desta quinta Por Raquel Porto Alegre, F\u00e1bio Amato, Vladimir Netto, Gustavo Garcia, Mateus Rodrigues, TV Globo, GloboNews e g1 \u2014 Bras\u00edlia O diretor-geral da Pol\u00edcia Federal, Andrei Rodrigues, afirmou nesta quinta-feira (14) que [&hellip;]<\/p>\n","protected":false},"author":2,"featured_media":84230,"comment_status":"open","ping_status":"open","sticky":false,"template":"","format":"standard","meta":{"_acf_changed":false,"_monsterinsights_skip_tracking":false,"_monsterinsights_sitenote_active":false,"_monsterinsights_sitenote_note":"","_monsterinsights_sitenote_category":0,"_jetpack_memberships_contains_paid_content":false,"footnotes":"","jetpack_publicize_message":"","jetpack_publicize_feature_enabled":true,"jetpack_social_post_already_shared":true,"jetpack_social_options":{"image_generator_settings":{"template":"highway","default_image_id":0,"font":"","enabled":false},"version":2}},"categories":[15],"tags":[],"class_list":["post-84229","post","type-post","status-publish","format-standard","has-post-thumbnail","hentry","category-policia"],"acf":[],"jetpack_publicize_connections":[],"jetpack_featured_media_url":"https:\/\/i0.wp.com\/blogdoeloiltoncajuhy.com.br\/site\/wp-content\/uploads\/2024\/11\/Explosoes-em-Brasilia-Foto-Reproducao-Globo-News.png?fit=760%2C431&ssl=1","jetpack_sharing_enabled":true,"publishpress_future_workflow_manual_trigger":{"enabledWorkflows":[]},"_links":{"self":[{"href":"https:\/\/blogdoeloiltoncajuhy.com.br\/site\/wp-json\/wp\/v2\/posts\/84229","targetHints":{"allow":["GET"]}}],"collection":[{"href":"https:\/\/blogdoeloiltoncajuhy.com.br\/site\/wp-json\/wp\/v2\/posts"}],"about":[{"href":"https:\/\/blogdoeloiltoncajuhy.com.br\/site\/wp-json\/wp\/v2\/types\/post"}],"author":[{"embeddable":true,"href":"https:\/\/blogdoeloiltoncajuhy.com.br\/site\/wp-json\/wp\/v2\/users\/2"}],"replies":[{"embeddable":true,"href":"https:\/\/blogdoeloiltoncajuhy.com.br\/site\/wp-json\/wp\/v2\/comments?post=84229"}],"version-history":[{"count":1,"href":"https:\/\/blogdoeloiltoncajuhy.com.br\/site\/wp-json\/wp\/v2\/posts\/84229\/revisions"}],"predecessor-version":[{"id":84231,"href":"https:\/\/blogdoeloiltoncajuhy.com.br\/site\/wp-json\/wp\/v2\/posts\/84229\/revisions\/84231"}],"wp:featuredmedia":[{"embeddable":true,"href":"https:\/\/blogdoeloiltoncajuhy.com.br\/site\/wp-json\/wp\/v2\/media\/84230"}],"wp:attachment":[{"href":"https:\/\/blogdoeloiltoncajuhy.com.br\/site\/wp-json\/wp\/v2\/media?parent=84229"}],"wp:term":[{"taxonomy":"category","embeddable":true,"href":"https:\/\/blogdoeloiltoncajuhy.com.br\/site\/wp-json\/wp\/v2\/categories?post=84229"},{"taxonomy":"post_tag","embeddable":true,"href":"https:\/\/blogdoeloiltoncajuhy.com.br\/site\/wp-json\/wp\/v2\/tags?post=84229"}],"curies":[{"name":"wp","href":"https:\/\/api.w.org\/{rel}","templated":true}]}}