{"id":84214,"date":"2024-11-14T09:35:07","date_gmt":"2024-11-14T12:35:07","guid":{"rendered":"https:\/\/blogdoeloiltoncajuhy.com.br\/site\/?p=84214"},"modified":"2024-11-14T09:35:09","modified_gmt":"2024-11-14T12:35:09","slug":"homem-preso-em-flagrante-por-atropelar-e-matar-filhos-gemeos-em-casa-nova-e-solto-apos-audiencia-de-custodia","status":"publish","type":"post","link":"https:\/\/blogdoeloiltoncajuhy.com.br\/site\/homem-preso-em-flagrante-por-atropelar-e-matar-filhos-gemeos-em-casa-nova-e-solto-apos-audiencia-de-custodia\/","title":{"rendered":"Homem preso em flagrante por atropelar e matar filhos g\u00eameos em Casa Nova \u00e9 solto ap\u00f3s audi\u00eancia de cust\u00f3dia"},"content":{"rendered":"\n<p class=\"has-medium-font-size\"><strong>Pai das crian\u00e7as de dois anos havia sido preso por homic\u00eddio culposo, quando n\u00e3o h\u00e1 inten\u00e7\u00e3o de matar<\/strong><\/p>\n\n\n\n<p><strong>Por g1 BA e TV S\u00e3o Francisco<\/strong><\/p>\n\n\n\n<figure class=\"wp-block-image aligncenter size-full\"><a href=\"https:\/\/i0.wp.com\/blogdoeloiltoncajuhy.com.br\/site\/wp-content\/uploads\/2024\/11\/Irmaos-gemeos-morrem-apos-pai-perder-controle-de-carro-na-BA-%E2%80%94-Foto-Redes-Sociais.png?ssl=1\"><img data-recalc-dims=\"1\" fetchpriority=\"high\" decoding=\"async\" width=\"483\" height=\"498\" src=\"https:\/\/i0.wp.com\/blogdoeloiltoncajuhy.com.br\/site\/wp-content\/uploads\/2024\/11\/Irmaos-gemeos-morrem-apos-pai-perder-controle-de-carro-na-BA-%E2%80%94-Foto-Redes-Sociais.png?resize=483%2C498&#038;ssl=1\" alt=\"\" class=\"wp-image-84215\" srcset=\"https:\/\/i0.wp.com\/blogdoeloiltoncajuhy.com.br\/site\/wp-content\/uploads\/2024\/11\/Irmaos-gemeos-morrem-apos-pai-perder-controle-de-carro-na-BA-%E2%80%94-Foto-Redes-Sociais.png?w=483&amp;ssl=1 483w, https:\/\/i0.wp.com\/blogdoeloiltoncajuhy.com.br\/site\/wp-content\/uploads\/2024\/11\/Irmaos-gemeos-morrem-apos-pai-perder-controle-de-carro-na-BA-%E2%80%94-Foto-Redes-Sociais.png?resize=291%2C300&amp;ssl=1 291w\" sizes=\"(max-width: 483px) 100vw, 483px\" \/><\/a><figcaption class=\"wp-element-caption\"><sub>Irm\u00e3os g\u00eameos de 2 anos s\u00e3o atropelados e morrem ap\u00f3s pai perder controle de carro na BA \u2014 Foto: Redes Sociais<\/sub><\/figcaption><\/figure>\n\n\n\n<p>O homem que foi preso em flagrante por atropelar e matar os filhos g\u00eameos de dois anos foi liberado ap\u00f3s passar por audi\u00eancia de cust\u00f3dia, na ter\u00e7a-feira (12). A informa\u00e7\u00e3o foi divulgada pelo Tribunal de Justi\u00e7a da Bahia (TJ-BA) nesta quarta (13), dois dias ap\u00f3s a trag\u00e9dia que ocorreu em Casa Nova, no norte do estado.<\/p>\n\n\n\n<p>De acordo com a Pol\u00edcia Civil, ele n\u00e3o tinha Carteira Nacional de Habilita\u00e7\u00e3o e foi preso por homic\u00eddio culposo, quando n\u00e3o h\u00e1 inten\u00e7\u00e3o de matar.<\/p>\n\n\n\n<p>No dia do acidente, os irm\u00e3os Gael Ravi Alves dos Santos e Cael Levi Alves dos Santos estavam acompanhados da m\u00e3e, na frente da casa da fam\u00edlia. Eles esperavam o pai chegar de carro.<\/p>\n\n\n\n<figure class=\"wp-block-image aligncenter size-full is-resized\"><a href=\"https:\/\/i0.wp.com\/blogdoeloiltoncajuhy.com.br\/site\/wp-content\/uploads\/2024\/11\/Casa-ficou-destruida-apos-acidente-%E2%80%94-Foto-Redes-sociais.jpeg?ssl=1\"><img data-recalc-dims=\"1\" decoding=\"async\" width=\"760\" height=\"514\" src=\"https:\/\/i0.wp.com\/blogdoeloiltoncajuhy.com.br\/site\/wp-content\/uploads\/2024\/11\/Casa-ficou-destruida-apos-acidente-%E2%80%94-Foto-Redes-sociais.jpeg?resize=760%2C514&#038;ssl=1\" alt=\"\" class=\"wp-image-84216\" style=\"width:594px;height:auto\" srcset=\"https:\/\/i0.wp.com\/blogdoeloiltoncajuhy.com.br\/site\/wp-content\/uploads\/2024\/11\/Casa-ficou-destruida-apos-acidente-%E2%80%94-Foto-Redes-sociais.jpeg?w=760&amp;ssl=1 760w, https:\/\/i0.wp.com\/blogdoeloiltoncajuhy.com.br\/site\/wp-content\/uploads\/2024\/11\/Casa-ficou-destruida-apos-acidente-%E2%80%94-Foto-Redes-sociais.jpeg?resize=300%2C203&amp;ssl=1 300w\" sizes=\"(max-width: 760px) 100vw, 760px\" \/><\/a><figcaption class=\"wp-element-caption\"><sub>Casa ficou destru\u00edda ap\u00f3s acidente \u2014 Foto: Redes sociais<\/sub><\/figcaption><\/figure>\n\n\n\n<p>Pr\u00f3ximo ao im\u00f3vel, o condutor n\u00e3o conseguiu frear nem desviar, e o ve\u00edculo atingiu os meninos, que ficaram imprensados na parede do im\u00f3vel. A m\u00e3e das crian\u00e7as tamb\u00e9m ficou ferida. Ela foi encaminhada para um hospital da regi\u00e3o.<\/p>\n\n\n\n<ul class=\"wp-block-list\">\n<li><a href=\"https:\/\/whatsapp.com\/channel\/0029VaAT7tDLI8Yfj5y9Z50Z\"><strong><mark style=\"background-color:rgba(0, 0, 0, 0)\" class=\"has-inline-color has-vivid-red-color\">Siga nosso canal no WhatsApp e veja mais not\u00edcias<\/mark><\/strong><\/a><\/li>\n<\/ul>\n\n\n\n<p><\/p>\n\n\n\n<p>A fachada da moradia ficou destru\u00edda com o impacto da batida. <strong><em><mark style=\"background-color:rgba(0, 0, 0, 0)\" class=\"has-inline-color has-black-color\">[Veja foto acima]<\/mark><\/em><\/strong> \u00c0 pol\u00edcia, o homem relatou que houve uma pane mec\u00e2nica no ve\u00edculo. O autom\u00f3vel dever\u00e1 passar por per\u00edcia.<\/p>\n\n\n\n<p>Os pais n\u00e3o tiveram nomes divulgados. Os corpos dos garotos foram sepultados na ter\u00e7a-feira, em um cemit\u00e9rio local.<\/p>\n\n\n\n<p>A m\u00e3e dos meninos segue hospitalizada, pois precisar\u00e1 passar por uma cirurgia na perna. Apesar disso, ela foi liberada pela equipe m\u00e9dica para se despedir dos filhos. N\u00e3o foi detalhado se o pai p\u00f4de comparecer ao enterro.<\/p>\n","protected":false},"excerpt":{"rendered":"<p>Pai das crian\u00e7as de dois anos havia sido preso por homic\u00eddio culposo, quando n\u00e3o h\u00e1 inten\u00e7\u00e3o de matar Por g1 BA e TV S\u00e3o Francisco O homem que foi preso em flagrante por atropelar e matar os filhos g\u00eameos de dois anos foi liberado ap\u00f3s passar por audi\u00eancia de cust\u00f3dia, na ter\u00e7a-feira (12). A informa\u00e7\u00e3o [&hellip;]<\/p>\n","protected":false},"author":2,"featured_media":84215,"comment_status":"open","ping_status":"open","sticky":false,"template":"","format":"standard","meta":{"_acf_changed":false,"_monsterinsights_skip_tracking":false,"_monsterinsights_sitenote_active":false,"_monsterinsights_sitenote_note":"","_monsterinsights_sitenote_category":0,"_jetpack_memberships_contains_paid_content":false,"footnotes":"","jetpack_publicize_message":"","jetpack_publicize_feature_enabled":true,"jetpack_social_post_already_shared":true,"jetpack_social_options":{"image_generator_settings":{"template":"highway","default_image_id":0,"font":"","enabled":false},"version":2}},"categories":[11],"tags":[],"class_list":["post-84214","post","type-post","status-publish","format-standard","has-post-thumbnail","hentry","category-regional"],"acf":[],"jetpack_publicize_connections":[],"jetpack_featured_media_url":"https:\/\/i0.wp.com\/blogdoeloiltoncajuhy.com.br\/site\/wp-content\/uploads\/2024\/11\/Irmaos-gemeos-morrem-apos-pai-perder-controle-de-carro-na-BA-%E2%80%94-Foto-Redes-Sociais.png?fit=483%2C498&ssl=1","jetpack_sharing_enabled":true,"publishpress_future_workflow_manual_trigger":{"enabledWorkflows":[]},"_links":{"self":[{"href":"https:\/\/blogdoeloiltoncajuhy.com.br\/site\/wp-json\/wp\/v2\/posts\/84214","targetHints":{"allow":["GET"]}}],"collection":[{"href":"https:\/\/blogdoeloiltoncajuhy.com.br\/site\/wp-json\/wp\/v2\/posts"}],"about":[{"href":"https:\/\/blogdoeloiltoncajuhy.com.br\/site\/wp-json\/wp\/v2\/types\/post"}],"author":[{"embeddable":true,"href":"https:\/\/blogdoeloiltoncajuhy.com.br\/site\/wp-json\/wp\/v2\/users\/2"}],"replies":[{"embeddable":true,"href":"https:\/\/blogdoeloiltoncajuhy.com.br\/site\/wp-json\/wp\/v2\/comments?post=84214"}],"version-history":[{"count":1,"href":"https:\/\/blogdoeloiltoncajuhy.com.br\/site\/wp-json\/wp\/v2\/posts\/84214\/revisions"}],"predecessor-version":[{"id":84217,"href":"https:\/\/blogdoeloiltoncajuhy.com.br\/site\/wp-json\/wp\/v2\/posts\/84214\/revisions\/84217"}],"wp:featuredmedia":[{"embeddable":true,"href":"https:\/\/blogdoeloiltoncajuhy.com.br\/site\/wp-json\/wp\/v2\/media\/84215"}],"wp:attachment":[{"href":"https:\/\/blogdoeloiltoncajuhy.com.br\/site\/wp-json\/wp\/v2\/media?parent=84214"}],"wp:term":[{"taxonomy":"category","embeddable":true,"href":"https:\/\/blogdoeloiltoncajuhy.com.br\/site\/wp-json\/wp\/v2\/categories?post=84214"},{"taxonomy":"post_tag","embeddable":true,"href":"https:\/\/blogdoeloiltoncajuhy.com.br\/site\/wp-json\/wp\/v2\/tags?post=84214"}],"curies":[{"name":"wp","href":"https:\/\/api.w.org\/{rel}","templated":true}]}}