{"id":84170,"date":"2024-11-12T16:30:57","date_gmt":"2024-11-12T19:30:57","guid":{"rendered":"https:\/\/blogdoeloiltoncajuhy.com.br\/site\/?p=84170"},"modified":"2024-11-12T16:30:59","modified_gmt":"2024-11-12T19:30:59","slug":"apos-cinco-anos-brasil-recupera-certificado-de-pais-livre-do-sarampo","status":"publish","type":"post","link":"https:\/\/blogdoeloiltoncajuhy.com.br\/site\/apos-cinco-anos-brasil-recupera-certificado-de-pais-livre-do-sarampo\/","title":{"rendered":"Ap\u00f3s cinco anos, Brasil recupera certificado de pa\u00eds livre do sarampo"},"content":{"rendered":"\n<p class=\"has-medium-font-size\"><strong>Recertifica\u00e7\u00e3o foi entregue pela Organiza\u00e7\u00e3o Pan-Americana da Sa\u00fade (OPAS). Pa\u00eds n\u00e3o registra caso de sarampo desde 2022<\/strong><\/p>\n\n\n\n<p><strong>Por Mariana Garcia, g1<\/strong><\/p>\n\n\n\n<figure class=\"wp-block-image aligncenter size-full\"><a href=\"https:\/\/i0.wp.com\/blogdoeloiltoncajuhy.com.br\/site\/wp-content\/uploads\/2024\/11\/Sarampo-e-altamente-contagioso-mas-tem-vacina-%E2%80%94-Foto-Carlos-Poly.jpeg?ssl=1\"><img data-recalc-dims=\"1\" fetchpriority=\"high\" decoding=\"async\" width=\"760\" height=\"507\" src=\"https:\/\/i0.wp.com\/blogdoeloiltoncajuhy.com.br\/site\/wp-content\/uploads\/2024\/11\/Sarampo-e-altamente-contagioso-mas-tem-vacina-%E2%80%94-Foto-Carlos-Poly.jpeg?resize=760%2C507&#038;ssl=1\" alt=\"\" class=\"wp-image-84171\" srcset=\"https:\/\/i0.wp.com\/blogdoeloiltoncajuhy.com.br\/site\/wp-content\/uploads\/2024\/11\/Sarampo-e-altamente-contagioso-mas-tem-vacina-%E2%80%94-Foto-Carlos-Poly.jpeg?w=760&amp;ssl=1 760w, https:\/\/i0.wp.com\/blogdoeloiltoncajuhy.com.br\/site\/wp-content\/uploads\/2024\/11\/Sarampo-e-altamente-contagioso-mas-tem-vacina-%E2%80%94-Foto-Carlos-Poly.jpeg?resize=300%2C200&amp;ssl=1 300w\" sizes=\"(max-width: 760px) 100vw, 760px\" \/><\/a><figcaption class=\"wp-element-caption\"><sub>Sarampo \u00e9 altamente contagioso, mas tem vacina \u2014 Foto: Carlos Poly<\/sub><\/figcaption><\/figure>\n\n\n\n<p>O Brasil est\u00e1, novamente, livre do sarampo. Nesta ter\u00e7a-feira (12), a Organiza\u00e7\u00e3o Pan-Americana da Sa\u00fade (OPAS) entregou ao Minist\u00e9rio da Sa\u00fade a recertifica\u00e7\u00e3o de elimina\u00e7\u00e3o do sarampo, rub\u00e9ola e S\u00edndrome da Rub\u00e9ola Cong\u00eanita (SRC).<\/p>\n\n\n\n<p>O pa\u00eds j\u00e1 havia sido classificado como zona livre do sarampo em 2016. No entanto, acabou perdendo o certificado em 2019 ap\u00f3s surtos da doen\u00e7a. Entre fevereiro de 2018 e fevereiro de 2019, o Brasil registrou 10.374 casos. O pico foi atingido em julho de 2018, com 3.950 casos.<\/p>\n\n\n\n<p>Em junho, o Brasil completou dois anos sem casos aut\u00f3ctones (com transmiss\u00e3o em territ\u00f3rio nacional) de sarampo \u2014 o \u00faltimo foi confirmado em 5 de junho de 2022, no Amap\u00e1. Todos os registros da doen\u00e7a foram de indiv\u00edduos que vieram do exterior.<\/p>\n\n\n\n<ul class=\"wp-block-list\">\n<li><a href=\"https:\/\/whatsapp.com\/channel\/0029VaAT7tDLI8Yfj5y9Z50Z\"><strong><mark style=\"background-color:rgba(0, 0, 0, 0)\" class=\"has-inline-color has-vivid-red-color\">Siga nosso canal no WhatsApp e veja mais not\u00edcias<\/mark><\/strong><\/a><\/li>\n<\/ul>\n\n\n\n<p><\/p>\n\n\n\n<p><strong><em><mark style=\"background-color:rgba(0, 0, 0, 0)\" class=\"has-inline-color has-vivid-purple-color\">Para cumprir os crit\u00e9rios de recertifica\u00e7\u00e3o, o Brasil precisou demonstrar que n\u00e3o houve transmiss\u00e3o do v\u00edrus do sarampo durante pelo menos um ano, al\u00e9m de ter fortalecido o seu programa de vacina\u00e7\u00e3o de rotina, a vigil\u00e2ncia epidemiol\u00f3gica e a resposta r\u00e1pida a casos importados.<\/mark><\/em><\/strong><\/p>\n\n\n\n<blockquote class=\"wp-block-quote is-layout-flow wp-block-quote-is-layout-flow\">\n<p><strong><mark style=\"background-color:rgba(0, 0, 0, 0)\" class=\"has-inline-color has-black-color\">&#8220;Desde l\u00e1 a vigil\u00e2ncia se intensificou, a cobertura vacinal aumentou e conseguimos a recertifica\u00e7\u00e3o. Avan\u00e7amos em todos os processos, principalmente nas coberturas vacinais&#8221;, explica o infectologista Renato Kfouri, presidente da C\u00e2mara T\u00e9cnica do Brasil de Verifica\u00e7\u00e3o da Elimina\u00e7\u00e3o do Sarampo.<\/mark><\/strong><\/p>\n<\/blockquote>\n\n\n\n<p>O sarampo \u00e9 uma doen\u00e7a extremamente contagiosa e grave, que pode ser evitada por vacina. Estima-se que uma pessoa infectada pode contaminar outras 12 ou 18 pessoas. A transmiss\u00e3o ocorre por meio das secre\u00e7\u00f5es do nariz e da boca expelidas ao tossir, respirar ou falar.<\/p>\n\n\n\n<p>Os principais sintomas s\u00e3o manchas vermelhas no corpo e febre alta, acompanhados de tosse seca, conjuntivite, nariz escorrendo ou entupido e mal-estar intenso. A doen\u00e7a pode deixar sequelas e at\u00e9 causar a morte. Entre as complica\u00e7\u00f5es est\u00e3o: pneumonia, infec\u00e7\u00e3o no ouvido, encefalite aguda e morte.<\/p>\n","protected":false},"excerpt":{"rendered":"<p>Recertifica\u00e7\u00e3o foi entregue pela Organiza\u00e7\u00e3o Pan-Americana da Sa\u00fade (OPAS). Pa\u00eds n\u00e3o registra caso de sarampo desde 2022 Por Mariana Garcia, g1 O Brasil est\u00e1, novamente, livre do sarampo. Nesta ter\u00e7a-feira (12), a Organiza\u00e7\u00e3o Pan-Americana da Sa\u00fade (OPAS) entregou ao Minist\u00e9rio da Sa\u00fade a recertifica\u00e7\u00e3o de elimina\u00e7\u00e3o do sarampo, rub\u00e9ola e S\u00edndrome da Rub\u00e9ola Cong\u00eanita (SRC). [&hellip;]<\/p>\n","protected":false},"author":2,"featured_media":84171,"comment_status":"open","ping_status":"open","sticky":false,"template":"","format":"standard","meta":{"_acf_changed":false,"_monsterinsights_skip_tracking":false,"_monsterinsights_sitenote_active":false,"_monsterinsights_sitenote_note":"","_monsterinsights_sitenote_category":0,"_jetpack_memberships_contains_paid_content":false,"footnotes":"","jetpack_publicize_message":"","jetpack_publicize_feature_enabled":true,"jetpack_social_post_already_shared":true,"jetpack_social_options":{"image_generator_settings":{"template":"highway","default_image_id":0,"font":"","enabled":false},"version":2}},"categories":[7],"tags":[],"class_list":["post-84170","post","type-post","status-publish","format-standard","has-post-thumbnail","hentry","category-saude"],"acf":[],"jetpack_publicize_connections":[],"jetpack_featured_media_url":"https:\/\/i0.wp.com\/blogdoeloiltoncajuhy.com.br\/site\/wp-content\/uploads\/2024\/11\/Sarampo-e-altamente-contagioso-mas-tem-vacina-%E2%80%94-Foto-Carlos-Poly.jpeg?fit=760%2C507&ssl=1","jetpack_sharing_enabled":true,"publishpress_future_workflow_manual_trigger":{"enabledWorkflows":[]},"_links":{"self":[{"href":"https:\/\/blogdoeloiltoncajuhy.com.br\/site\/wp-json\/wp\/v2\/posts\/84170","targetHints":{"allow":["GET"]}}],"collection":[{"href":"https:\/\/blogdoeloiltoncajuhy.com.br\/site\/wp-json\/wp\/v2\/posts"}],"about":[{"href":"https:\/\/blogdoeloiltoncajuhy.com.br\/site\/wp-json\/wp\/v2\/types\/post"}],"author":[{"embeddable":true,"href":"https:\/\/blogdoeloiltoncajuhy.com.br\/site\/wp-json\/wp\/v2\/users\/2"}],"replies":[{"embeddable":true,"href":"https:\/\/blogdoeloiltoncajuhy.com.br\/site\/wp-json\/wp\/v2\/comments?post=84170"}],"version-history":[{"count":1,"href":"https:\/\/blogdoeloiltoncajuhy.com.br\/site\/wp-json\/wp\/v2\/posts\/84170\/revisions"}],"predecessor-version":[{"id":84172,"href":"https:\/\/blogdoeloiltoncajuhy.com.br\/site\/wp-json\/wp\/v2\/posts\/84170\/revisions\/84172"}],"wp:featuredmedia":[{"embeddable":true,"href":"https:\/\/blogdoeloiltoncajuhy.com.br\/site\/wp-json\/wp\/v2\/media\/84171"}],"wp:attachment":[{"href":"https:\/\/blogdoeloiltoncajuhy.com.br\/site\/wp-json\/wp\/v2\/media?parent=84170"}],"wp:term":[{"taxonomy":"category","embeddable":true,"href":"https:\/\/blogdoeloiltoncajuhy.com.br\/site\/wp-json\/wp\/v2\/categories?post=84170"},{"taxonomy":"post_tag","embeddable":true,"href":"https:\/\/blogdoeloiltoncajuhy.com.br\/site\/wp-json\/wp\/v2\/tags?post=84170"}],"curies":[{"name":"wp","href":"https:\/\/api.w.org\/{rel}","templated":true}]}}