{"id":84160,"date":"2024-11-12T09:16:50","date_gmt":"2024-11-12T12:16:50","guid":{"rendered":"https:\/\/blogdoeloiltoncajuhy.com.br\/site\/?p=84160"},"modified":"2024-11-12T09:16:52","modified_gmt":"2024-11-12T12:16:52","slug":"irmaos-gemeos-morrem-atropelados-apos-pai-perder-controle-de-carro-no-interior-da-ba-mae-ficou-ferida","status":"publish","type":"post","link":"https:\/\/blogdoeloiltoncajuhy.com.br\/site\/irmaos-gemeos-morrem-atropelados-apos-pai-perder-controle-de-carro-no-interior-da-ba-mae-ficou-ferida\/","title":{"rendered":"Irm\u00e3os g\u00eameos morrem atropelados ap\u00f3s pai perder controle de carro no interior da BA; m\u00e3e ficou ferida"},"content":{"rendered":"\n<p class=\"has-medium-font-size\"><strong>Crian\u00e7as esperavam pai junto com a m\u00e3e em frente a resid\u00eancia da fam\u00edlia, em Casa Nova. Pai dos meninos relatou que carro teve pane mec\u00e2nica<\/strong><\/p>\n\n\n\n<p><strong>Por g1 BA e TV S\u00e3o Francisco<\/strong><\/p>\n\n\n\n<figure class=\"wp-block-image aligncenter size-full\"><a href=\"https:\/\/i0.wp.com\/blogdoeloiltoncajuhy.com.br\/site\/wp-content\/uploads\/2024\/11\/Acidente-em-Casa-Nova_12-11-2024_Reproducao-TV-Bahia.jpeg?ssl=1\"><img data-recalc-dims=\"1\" fetchpriority=\"high\" decoding=\"async\" width=\"742\" height=\"350\" src=\"https:\/\/i0.wp.com\/blogdoeloiltoncajuhy.com.br\/site\/wp-content\/uploads\/2024\/11\/Acidente-em-Casa-Nova_12-11-2024_Reproducao-TV-Bahia.jpeg?resize=742%2C350&#038;ssl=1\" alt=\"\" class=\"wp-image-84161\" srcset=\"https:\/\/i0.wp.com\/blogdoeloiltoncajuhy.com.br\/site\/wp-content\/uploads\/2024\/11\/Acidente-em-Casa-Nova_12-11-2024_Reproducao-TV-Bahia.jpeg?w=742&amp;ssl=1 742w, https:\/\/i0.wp.com\/blogdoeloiltoncajuhy.com.br\/site\/wp-content\/uploads\/2024\/11\/Acidente-em-Casa-Nova_12-11-2024_Reproducao-TV-Bahia.jpeg?resize=300%2C142&amp;ssl=1 300w\" sizes=\"(max-width: 742px) 100vw, 742px\" \/><\/a><figcaption class=\"wp-element-caption\"><sub>Irm\u00e3os g\u00eameos morrem atropelados ap\u00f3s pai perder controle de carro no interior da BA &#8211; Foto: Reprodu\u00e7\u00e3o \/ TV Bahia<\/sub><\/figcaption><\/figure>\n\n\n\n<ul class=\"wp-block-list\">\n<li><a href=\"https:\/\/whatsapp.com\/channel\/0029VaAT7tDLI8Yfj5y9Z50Z\"><strong><mark style=\"background-color:rgba(0, 0, 0, 0)\" class=\"has-inline-color has-vivid-red-color\">Siga nosso canal no WhatsApp e veja mais not\u00edcias<\/mark><\/strong><\/a><\/li>\n<\/ul>\n\n\n\n<p><\/p>\n\n\n\n<p>Irm\u00e3os g\u00eameos de dois anos morreram ap\u00f3s serem atropelados pelo pr\u00f3prio pai na zona rural de Casa Nova, no norte da Bahia. Deacordo com a Pol\u00edcia Civil, o acidente aconteceu na segunda-feira (11) e o pai das crian\u00e7as relatou que houve uma pane mec\u00e2nica no ve\u00edculo que dirigia.<\/p>\n\n\n\n<p>Os g\u00eameos <strong>Gael Ravi Alves dos Santos<\/strong> e <strong>Cael Levi Alves dos Santos<\/strong> estavam acompanhados da m\u00e3e, pr\u00f3ximo a casa da fam\u00edlia. Eles esperavam o pai, que chegaria de carro.<\/p>\n\n\n\n<p>Segundo a pol\u00edcia, ao chegar perto da casa, o pai dos meninos n\u00e3o conseguiu frear ou desviar e o ve\u00edculo atingiu os g\u00eameos, que ficaram impensados na parede do im\u00f3vel. A m\u00e3e das crian\u00e7as tamb\u00e9m foi atingida.<\/p>\n\n\n\n<p>Todos foram socorridos para o Hospital Municipal , mas as crian\u00e7as n\u00e3o resistiram \u00e0 gravidade dos ferimentos. A m\u00e3e sofreu fraturas em uma das pernas e vai precisar passar por cirurgia, mas n\u00e3o corre risco de morte.<\/p>\n\n\n\n<p>O pai das crian\u00e7as foi preso em flagrante por homic\u00eddio culposo na dire\u00e7\u00e3o de ve\u00edculo automotor. Ele n\u00e3o tinha carteira de habilita\u00e7\u00e3o.<\/p>\n","protected":false},"excerpt":{"rendered":"<p>Crian\u00e7as esperavam pai junto com a m\u00e3e em frente a resid\u00eancia da fam\u00edlia, em Casa Nova. Pai dos meninos relatou que carro teve pane mec\u00e2nica Por g1 BA e TV S\u00e3o Francisco Irm\u00e3os g\u00eameos de dois anos morreram ap\u00f3s serem atropelados pelo pr\u00f3prio pai na zona rural de Casa Nova, no norte da Bahia. Deacordo [&hellip;]<\/p>\n","protected":false},"author":2,"featured_media":84161,"comment_status":"open","ping_status":"open","sticky":false,"template":"","format":"standard","meta":{"_acf_changed":false,"_monsterinsights_skip_tracking":false,"_monsterinsights_sitenote_active":false,"_monsterinsights_sitenote_note":"","_monsterinsights_sitenote_category":0,"_jetpack_memberships_contains_paid_content":false,"footnotes":"","jetpack_publicize_message":"","jetpack_publicize_feature_enabled":true,"jetpack_social_post_already_shared":true,"jetpack_social_options":{"image_generator_settings":{"template":"highway","default_image_id":0,"font":"","enabled":false},"version":2}},"categories":[11],"tags":[],"class_list":["post-84160","post","type-post","status-publish","format-standard","has-post-thumbnail","hentry","category-regional"],"acf":[],"jetpack_publicize_connections":[],"jetpack_featured_media_url":"https:\/\/i0.wp.com\/blogdoeloiltoncajuhy.com.br\/site\/wp-content\/uploads\/2024\/11\/Acidente-em-Casa-Nova_12-11-2024_Reproducao-TV-Bahia.jpeg?fit=742%2C350&ssl=1","jetpack_sharing_enabled":true,"publishpress_future_workflow_manual_trigger":{"enabledWorkflows":[]},"_links":{"self":[{"href":"https:\/\/blogdoeloiltoncajuhy.com.br\/site\/wp-json\/wp\/v2\/posts\/84160","targetHints":{"allow":["GET"]}}],"collection":[{"href":"https:\/\/blogdoeloiltoncajuhy.com.br\/site\/wp-json\/wp\/v2\/posts"}],"about":[{"href":"https:\/\/blogdoeloiltoncajuhy.com.br\/site\/wp-json\/wp\/v2\/types\/post"}],"author":[{"embeddable":true,"href":"https:\/\/blogdoeloiltoncajuhy.com.br\/site\/wp-json\/wp\/v2\/users\/2"}],"replies":[{"embeddable":true,"href":"https:\/\/blogdoeloiltoncajuhy.com.br\/site\/wp-json\/wp\/v2\/comments?post=84160"}],"version-history":[{"count":1,"href":"https:\/\/blogdoeloiltoncajuhy.com.br\/site\/wp-json\/wp\/v2\/posts\/84160\/revisions"}],"predecessor-version":[{"id":84162,"href":"https:\/\/blogdoeloiltoncajuhy.com.br\/site\/wp-json\/wp\/v2\/posts\/84160\/revisions\/84162"}],"wp:featuredmedia":[{"embeddable":true,"href":"https:\/\/blogdoeloiltoncajuhy.com.br\/site\/wp-json\/wp\/v2\/media\/84161"}],"wp:attachment":[{"href":"https:\/\/blogdoeloiltoncajuhy.com.br\/site\/wp-json\/wp\/v2\/media?parent=84160"}],"wp:term":[{"taxonomy":"category","embeddable":true,"href":"https:\/\/blogdoeloiltoncajuhy.com.br\/site\/wp-json\/wp\/v2\/categories?post=84160"},{"taxonomy":"post_tag","embeddable":true,"href":"https:\/\/blogdoeloiltoncajuhy.com.br\/site\/wp-json\/wp\/v2\/tags?post=84160"}],"curies":[{"name":"wp","href":"https:\/\/api.w.org\/{rel}","templated":true}]}}