{"id":84155,"date":"2024-11-12T08:29:39","date_gmt":"2024-11-12T11:29:39","guid":{"rendered":"https:\/\/blogdoeloiltoncajuhy.com.br\/site\/?p=84155"},"modified":"2024-11-12T08:31:26","modified_gmt":"2024-11-12T11:31:26","slug":"artista-de-itiuba-lanca-videoclipe-de-piseiro-essa-menina","status":"publish","type":"post","link":"https:\/\/blogdoeloiltoncajuhy.com.br\/site\/artista-de-itiuba-lanca-videoclipe-de-piseiro-essa-menina\/","title":{"rendered":"Artista de Iti\u00faba lan\u00e7a videoclipe de piseiro: &#8216;Essa Menina&#8217;"},"content":{"rendered":"\n<p class=\"has-medium-font-size\"><strong>Novo trabalho do cantor, com apoio da Lei Paulo Gustavo, destaca a for\u00e7a do piseiro no cen\u00e1rio cultural nordestino<\/strong><\/p>\n\n\n\n<p><strong>Por Blog do Eloilton Cajuhy<\/strong><\/p>\n\n\n\n<figure class=\"wp-block-image aligncenter size-full\"><a href=\"https:\/\/i0.wp.com\/blogdoeloiltoncajuhy.com.br\/site\/wp-content\/uploads\/2024\/11\/Adailton-Safadao_12-11-2024_Divulgacao.jpg?ssl=1\"><img data-recalc-dims=\"1\" fetchpriority=\"high\" decoding=\"async\" width=\"760\" height=\"484\" src=\"https:\/\/i0.wp.com\/blogdoeloiltoncajuhy.com.br\/site\/wp-content\/uploads\/2024\/11\/Adailton-Safadao_12-11-2024_Divulgacao.jpg?resize=760%2C484&#038;ssl=1\" alt=\"\" class=\"wp-image-84156\" srcset=\"https:\/\/i0.wp.com\/blogdoeloiltoncajuhy.com.br\/site\/wp-content\/uploads\/2024\/11\/Adailton-Safadao_12-11-2024_Divulgacao.jpg?w=760&amp;ssl=1 760w, https:\/\/i0.wp.com\/blogdoeloiltoncajuhy.com.br\/site\/wp-content\/uploads\/2024\/11\/Adailton-Safadao_12-11-2024_Divulgacao.jpg?resize=300%2C191&amp;ssl=1 300w\" sizes=\"(max-width: 760px) 100vw, 760px\" \/><\/a><figcaption class=\"wp-element-caption\"><sub>Artista de Iti\u00faba lan\u00e7a videoclipe de piseiro: &#8216;Essa Menina&#8217; &#8211; Foto: Arquivo Pessoal<\/sub><\/figcaption><\/figure>\n\n\n\n<p>O ritmo contagiante do piseiro, que conquistou o Nordeste e se tornou uma marca cultural, acaba de ganhar mais um destaque com o lan\u00e7amento do videoclipe <strong><em>Essa Menina<\/em><\/strong>, do artista itiubense <strong>Adailton Safad\u00e3o<\/strong>. Conhecido pela dedica\u00e7\u00e3o e esfor\u00e7o na cena musical, Adailton traz toda a energia do g\u00eanero que ningu\u00e9m consegue ouvir parado.<\/p>\n\n\n\n<p>O videoclipe j\u00e1 est\u00e1 dispon\u00edvel no canal oficial do artista no Youtube e promete fazer sucesso entre os f\u00e3s da m\u00fasica nordestina. A produ\u00e7\u00e3o destaca a import\u00e2ncia de apoiar a cultura local e \u00e9 resultado de um trabalho \u00e1rduo, refletindo o talento e carisma que Adailton Safad\u00e3o carrega.<\/p>\n\n\n\n<ul class=\"wp-block-list\">\n<li><a href=\"https:\/\/whatsapp.com\/channel\/0029VaAT7tDLI8Yfj5y9Z50Z\"><strong><mark style=\"background-color:rgba(0, 0, 0, 0)\" class=\"has-inline-color has-vivid-red-color\">Siga nosso canal no WhatsApp e veja mais not\u00edcias<\/mark><\/strong><\/a><\/li>\n<\/ul>\n\n\n\n<p><\/p>\n\n\n\n<p>Este projeto cultural conta com o apoio do Governo Federal, por meio da Lei Paulo Gustavo, e com o incentivo da Prefeitura Municipal de Iti\u00faba e da Secretaria de Cultura, Esporte e Lazer. A uni\u00e3o dessas for\u00e7as possibilitou que o trabalho do artista ganhasse ainda mais visibilidade, valorizando a m\u00fasica e o piseiro como s\u00edmbolos da identidade cultural nordestina.<\/p>\n\n\n\n<p>N\u00e3o perca a oportunidade de conferir <strong><em>Essa Menina<\/em><\/strong> e apoiar o trabalho dessa estrela em ascens\u00e3o. Assista ao videoclipe, siga o canal, e ative as notifica\u00e7\u00f5es para n\u00e3o perder nenhuma novidade.<\/p>\n\n\n\n<figure class=\"wp-block-embed is-type-video is-provider-youtube wp-block-embed-youtube wp-embed-aspect-16-9 wp-has-aspect-ratio\"><div class=\"wp-block-embed__wrapper\">\n<iframe title=\"Essa Menina \u2013 ADAILTON SAFAD\u00c3O\" width=\"800\" height=\"450\" src=\"https:\/\/www.youtube.com\/embed\/06HWjQBS4BM?feature=oembed\" frameborder=\"0\" allow=\"accelerometer; autoplay; clipboard-write; encrypted-media; gyroscope; picture-in-picture; web-share\" referrerpolicy=\"strict-origin-when-cross-origin\" allowfullscreen><\/iframe>\n<\/div><\/figure>\n","protected":false},"excerpt":{"rendered":"<p>Novo trabalho do cantor, com apoio da Lei Paulo Gustavo, destaca a for\u00e7a do piseiro no cen\u00e1rio cultural nordestino Por Blog do Eloilton Cajuhy O ritmo contagiante do piseiro, que conquistou o Nordeste e se tornou uma marca cultural, acaba de ganhar mais um destaque com o lan\u00e7amento do videoclipe Essa Menina, do artista itiubense [&hellip;]<\/p>\n","protected":false},"author":2,"featured_media":84156,"comment_status":"open","ping_status":"open","sticky":false,"template":"","format":"standard","meta":{"_acf_changed":false,"_monsterinsights_skip_tracking":false,"_monsterinsights_sitenote_active":false,"_monsterinsights_sitenote_note":"","_monsterinsights_sitenote_category":0,"_jetpack_memberships_contains_paid_content":false,"footnotes":"","jetpack_publicize_message":"","jetpack_publicize_feature_enabled":true,"jetpack_social_post_already_shared":true,"jetpack_social_options":{"image_generator_settings":{"template":"highway","default_image_id":0,"font":"","enabled":false},"version":2}},"categories":[11],"tags":[],"class_list":["post-84155","post","type-post","status-publish","format-standard","has-post-thumbnail","hentry","category-regional"],"acf":[],"jetpack_publicize_connections":[],"jetpack_featured_media_url":"https:\/\/i0.wp.com\/blogdoeloiltoncajuhy.com.br\/site\/wp-content\/uploads\/2024\/11\/Adailton-Safadao_12-11-2024_Divulgacao.jpg?fit=760%2C484&ssl=1","jetpack_sharing_enabled":true,"publishpress_future_workflow_manual_trigger":{"enabledWorkflows":[]},"_links":{"self":[{"href":"https:\/\/blogdoeloiltoncajuhy.com.br\/site\/wp-json\/wp\/v2\/posts\/84155","targetHints":{"allow":["GET"]}}],"collection":[{"href":"https:\/\/blogdoeloiltoncajuhy.com.br\/site\/wp-json\/wp\/v2\/posts"}],"about":[{"href":"https:\/\/blogdoeloiltoncajuhy.com.br\/site\/wp-json\/wp\/v2\/types\/post"}],"author":[{"embeddable":true,"href":"https:\/\/blogdoeloiltoncajuhy.com.br\/site\/wp-json\/wp\/v2\/users\/2"}],"replies":[{"embeddable":true,"href":"https:\/\/blogdoeloiltoncajuhy.com.br\/site\/wp-json\/wp\/v2\/comments?post=84155"}],"version-history":[{"count":2,"href":"https:\/\/blogdoeloiltoncajuhy.com.br\/site\/wp-json\/wp\/v2\/posts\/84155\/revisions"}],"predecessor-version":[{"id":84159,"href":"https:\/\/blogdoeloiltoncajuhy.com.br\/site\/wp-json\/wp\/v2\/posts\/84155\/revisions\/84159"}],"wp:featuredmedia":[{"embeddable":true,"href":"https:\/\/blogdoeloiltoncajuhy.com.br\/site\/wp-json\/wp\/v2\/media\/84156"}],"wp:attachment":[{"href":"https:\/\/blogdoeloiltoncajuhy.com.br\/site\/wp-json\/wp\/v2\/media?parent=84155"}],"wp:term":[{"taxonomy":"category","embeddable":true,"href":"https:\/\/blogdoeloiltoncajuhy.com.br\/site\/wp-json\/wp\/v2\/categories?post=84155"},{"taxonomy":"post_tag","embeddable":true,"href":"https:\/\/blogdoeloiltoncajuhy.com.br\/site\/wp-json\/wp\/v2\/tags?post=84155"}],"curies":[{"name":"wp","href":"https:\/\/api.w.org\/{rel}","templated":true}]}}