{"id":83969,"date":"2024-10-31T15:03:58","date_gmt":"2024-10-31T18:03:58","guid":{"rendered":"https:\/\/blogdoeloiltoncajuhy.com.br\/site\/?p=83969"},"modified":"2024-10-31T15:05:07","modified_gmt":"2024-10-31T18:05:07","slug":"novembro-deve-registrar-retorno-de-chuvas-acima-da-media-na-bahia-aponta-climatempo","status":"publish","type":"post","link":"https:\/\/blogdoeloiltoncajuhy.com.br\/site\/novembro-deve-registrar-retorno-de-chuvas-acima-da-media-na-bahia-aponta-climatempo\/","title":{"rendered":"Novembro deve registrar retorno de chuvas acima da m\u00e9dia na Bahia, aponta Climatempo"},"content":{"rendered":"\n<p class=\"has-medium-font-size\"><strong>Proje\u00e7\u00e3o foi realizada durante a terceira edi\u00e7\u00e3o do F\u00f3rum Desafios Clim\u00e1ticos na Bahia, realizado em Vit\u00f3ria da Conquista<\/strong><\/p>\n\n\n\n<p><strong>Blog do Eloilton Cajuhy<\/strong><\/p>\n\n\n\n<figure class=\"wp-block-image aligncenter size-full is-resized\"><a href=\"https:\/\/i0.wp.com\/blogdoeloiltoncajuhy.com.br\/site\/wp-content\/uploads\/2024\/10\/Encontro-Coelba.jpg?ssl=1\"><img data-recalc-dims=\"1\" fetchpriority=\"high\" decoding=\"async\" width=\"800\" height=\"600\" src=\"https:\/\/i0.wp.com\/blogdoeloiltoncajuhy.com.br\/site\/wp-content\/uploads\/2024\/10\/Encontro-Coelba.jpg?resize=800%2C600&#038;ssl=1\" alt=\"\" class=\"wp-image-83970\" style=\"width:587px;height:auto\" srcset=\"https:\/\/i0.wp.com\/blogdoeloiltoncajuhy.com.br\/site\/wp-content\/uploads\/2024\/10\/Encontro-Coelba.jpg?w=800&amp;ssl=1 800w, https:\/\/i0.wp.com\/blogdoeloiltoncajuhy.com.br\/site\/wp-content\/uploads\/2024\/10\/Encontro-Coelba.jpg?resize=300%2C225&amp;ssl=1 300w, https:\/\/i0.wp.com\/blogdoeloiltoncajuhy.com.br\/site\/wp-content\/uploads\/2024\/10\/Encontro-Coelba.jpg?resize=768%2C576&amp;ssl=1 768w\" sizes=\"(max-width: 800px) 100vw, 800px\" \/><\/a><figcaption class=\"wp-element-caption\"><sub>Novembro deve registrar retorno de chuvas acima da m\u00e9dia na Bahia, aponta Climatempo &#8211; Foto: Neoenergia Coelba \/ Divulga\u00e7\u00e3o<\/sub><\/figcaption><\/figure>\n\n\n\n<p>O munic\u00edpio de Vit\u00f3ria da Conquista foi o escolhido para receber a terceira edi\u00e7\u00e3o do F\u00f3rum Desafios Clim\u00e1ticos na Bahia. Promovido pela Neoenergia Coelba, o evento teve como objetivo ampliar o debate sobre os impactos do clima na sociedade e explicar como as institui\u00e7\u00f5es p\u00fablicas e privadas est\u00e3o se preparando para as poss\u00edveis adversidades. O f\u00f3rum aconteceu na manh\u00e3 de ter\u00e7a-feira (29), na sede da distribuidora localizada, e contou com a participa\u00e7\u00e3o de especialistas do Climatempo, al\u00e9m de representantes da Defesa Civil e do Corpo de Bombeiros de Vit\u00f3ria da Conquista.<\/p>\n\n\n\n<p>Durante o f\u00f3rum, o Climatempo apresentou previs\u00f5es sobre as condi\u00e7\u00f5es clim\u00e1ticas, destacando a influ\u00eancia do fen\u00f4meno La Ni\u00f1a, que dever\u00e1 impactar diretamente o estado da Bahia nos pr\u00f3ximos meses. Segundo o instituto, em novembro deve haver o retorno das chuvas de forma mais abrangente e acima da m\u00e9dia, com poss\u00edveis zonas de converg\u00eancia atuando sobre a Bahia. Dezembro, por sua vez, apresenta uma varia\u00e7\u00e3o espacial significativa das chuvas, com semanas alternadas entre mais chuvosas e mais secas.<\/p>\n\n\n\n<p>&#8220;Extremos clim\u00e1ticos est\u00e3o cada vez mais comuns e a adapta\u00e7\u00e3o das institui\u00e7\u00f5es a este novo normal \u00e9 fundamental para que o impacto \u00e0 popula\u00e7\u00e3o seja minimizado. Todo o processo de mitiga\u00e7\u00e3o desses impactos deve ter como pilar a proje\u00e7\u00e3o do clima, pois com este estudo \u00e9 poss\u00edvel se antecipar \u00e0 situa\u00e7\u00e3o de calamidade\u201d, destaca Marcely Sondermann, meteorologista da Climatempo.<\/p>\n\n\n\n<ul class=\"wp-block-list\">\n<li><a href=\"https:\/\/whatsapp.com\/channel\/0029VaAT7tDLI8Yfj5y9Z50Z\"><strong><mark style=\"background-color:rgba(0, 0, 0, 0)\" class=\"has-inline-color has-vivid-red-color\">Siga nosso canal no WhatsApp e veja mais not\u00edcias<\/mark><\/strong><\/a><\/li>\n<\/ul>\n\n\n\n<p><\/p>\n\n\n\n<p>Diante das proje\u00e7\u00f5es realizadas pela empresa de meteorologia, a Neoenergia Coelba detalhou o seu plano de investimentos, que inclui um montante destinado ao enfrentamento das adversidades clim\u00e1ticas. At\u00e9 2027, a empresa pretende investir R$ 13,3 bilh\u00f5es em obras estruturantes em toda a Bahia, fortalecendo o sistema el\u00e9trico.<\/p>\n\n\n\n<p>\u201cOs investimentos em obras estruturantes aumentam a robustez da rede el\u00e9trica e a flexibilidade operacional para que o sistema de distribui\u00e7\u00e3o se torne mais resiliente. Em paralelo, s\u00e3o realizadas a\u00e7\u00f5es preventivas diariamente em Vit\u00f3ria da Conquista e na Bahia para minimizar impactos externos ao fornecimento de energia\u201d, destacou o superintendente T\u00e9cnico da Neoenergia Coelba, Thiago Martins.<\/p>\n","protected":false},"excerpt":{"rendered":"<p>Proje\u00e7\u00e3o foi realizada durante a terceira edi\u00e7\u00e3o do F\u00f3rum Desafios Clim\u00e1ticos na Bahia, realizado em Vit\u00f3ria da Conquista Blog do Eloilton Cajuhy O munic\u00edpio de Vit\u00f3ria da Conquista foi o escolhido para receber a terceira edi\u00e7\u00e3o do F\u00f3rum Desafios Clim\u00e1ticos na Bahia. Promovido pela Neoenergia Coelba, o evento teve como objetivo ampliar o debate sobre [&hellip;]<\/p>\n","protected":false},"author":2,"featured_media":83970,"comment_status":"open","ping_status":"open","sticky":false,"template":"","format":"standard","meta":{"_acf_changed":false,"_monsterinsights_skip_tracking":false,"_monsterinsights_sitenote_active":false,"_monsterinsights_sitenote_note":"","_monsterinsights_sitenote_category":0,"_jetpack_memberships_contains_paid_content":false,"footnotes":"","jetpack_publicize_message":"","jetpack_publicize_feature_enabled":true,"jetpack_social_post_already_shared":false,"jetpack_social_options":{"image_generator_settings":{"template":"highway","enabled":false},"version":2}},"categories":[5],"tags":[],"class_list":["post-83969","post","type-post","status-publish","format-standard","has-post-thumbnail","hentry","category-cotidiano"],"acf":[],"jetpack_publicize_connections":[],"jetpack_featured_media_url":"https:\/\/i0.wp.com\/blogdoeloiltoncajuhy.com.br\/site\/wp-content\/uploads\/2024\/10\/Encontro-Coelba.jpg?fit=800%2C600&ssl=1","jetpack_sharing_enabled":true,"publishpress_future_workflow_manual_trigger":{"enabledWorkflows":[]},"_links":{"self":[{"href":"https:\/\/blogdoeloiltoncajuhy.com.br\/site\/wp-json\/wp\/v2\/posts\/83969","targetHints":{"allow":["GET"]}}],"collection":[{"href":"https:\/\/blogdoeloiltoncajuhy.com.br\/site\/wp-json\/wp\/v2\/posts"}],"about":[{"href":"https:\/\/blogdoeloiltoncajuhy.com.br\/site\/wp-json\/wp\/v2\/types\/post"}],"author":[{"embeddable":true,"href":"https:\/\/blogdoeloiltoncajuhy.com.br\/site\/wp-json\/wp\/v2\/users\/2"}],"replies":[{"embeddable":true,"href":"https:\/\/blogdoeloiltoncajuhy.com.br\/site\/wp-json\/wp\/v2\/comments?post=83969"}],"version-history":[{"count":2,"href":"https:\/\/blogdoeloiltoncajuhy.com.br\/site\/wp-json\/wp\/v2\/posts\/83969\/revisions"}],"predecessor-version":[{"id":83972,"href":"https:\/\/blogdoeloiltoncajuhy.com.br\/site\/wp-json\/wp\/v2\/posts\/83969\/revisions\/83972"}],"wp:featuredmedia":[{"embeddable":true,"href":"https:\/\/blogdoeloiltoncajuhy.com.br\/site\/wp-json\/wp\/v2\/media\/83970"}],"wp:attachment":[{"href":"https:\/\/blogdoeloiltoncajuhy.com.br\/site\/wp-json\/wp\/v2\/media?parent=83969"}],"wp:term":[{"taxonomy":"category","embeddable":true,"href":"https:\/\/blogdoeloiltoncajuhy.com.br\/site\/wp-json\/wp\/v2\/categories?post=83969"},{"taxonomy":"post_tag","embeddable":true,"href":"https:\/\/blogdoeloiltoncajuhy.com.br\/site\/wp-json\/wp\/v2\/tags?post=83969"}],"curies":[{"name":"wp","href":"https:\/\/api.w.org\/{rel}","templated":true}]}}