{"id":83957,"date":"2024-10-31T14:01:54","date_gmt":"2024-10-31T17:01:54","guid":{"rendered":"https:\/\/blogdoeloiltoncajuhy.com.br\/site\/?p=83957"},"modified":"2024-10-31T14:01:56","modified_gmt":"2024-10-31T17:01:56","slug":"comissao-pastoral-da-terra-da-diocese-de-bonfim-divulga-nota-de-solidariedade-as-familias-despejadas-do-acampamento-uniao-em-ponto-novo","status":"publish","type":"post","link":"https:\/\/blogdoeloiltoncajuhy.com.br\/site\/comissao-pastoral-da-terra-da-diocese-de-bonfim-divulga-nota-de-solidariedade-as-familias-despejadas-do-acampamento-uniao-em-ponto-novo\/","title":{"rendered":"Comiss\u00e3o Pastoral da Terra da Diocese de Bonfim divulga nota de solidariedade \u00e0s fam\u00edlias despejadas do Acampamento Uni\u00e3o, em Ponto Novo"},"content":{"rendered":"\n<p><strong>Blog do Eloilton Cajuhy<\/strong><\/p>\n\n\n\n<figure class=\"wp-block-image aligncenter size-full\"><a href=\"https:\/\/i0.wp.com\/blogdoeloiltoncajuhy.com.br\/site\/wp-content\/uploads\/2024\/10\/Nota-CPT_311024.jpg?ssl=1\"><img data-recalc-dims=\"1\" fetchpriority=\"high\" decoding=\"async\" width=\"800\" height=\"450\" src=\"https:\/\/i0.wp.com\/blogdoeloiltoncajuhy.com.br\/site\/wp-content\/uploads\/2024\/10\/Nota-CPT_311024.jpg?resize=800%2C450&#038;ssl=1\" alt=\"\" class=\"wp-image-83958\" srcset=\"https:\/\/i0.wp.com\/blogdoeloiltoncajuhy.com.br\/site\/wp-content\/uploads\/2024\/10\/Nota-CPT_311024.jpg?w=800&amp;ssl=1 800w, https:\/\/i0.wp.com\/blogdoeloiltoncajuhy.com.br\/site\/wp-content\/uploads\/2024\/10\/Nota-CPT_311024.jpg?resize=300%2C169&amp;ssl=1 300w, https:\/\/i0.wp.com\/blogdoeloiltoncajuhy.com.br\/site\/wp-content\/uploads\/2024\/10\/Nota-CPT_311024.jpg?resize=768%2C432&amp;ssl=1 768w\" sizes=\"(max-width: 800px) 100vw, 800px\" \/><\/a><figcaption class=\"wp-element-caption\"><sub>Foto: CPT\/Diocese de Bonfim-BA<\/sub><\/figcaption><\/figure>\n\n\n\n<p class=\"has-text-align-right\"><em>\u201cA terra n\u00e3o ser\u00e1 vendida perpetuamente, pois a terra me pertence e v\u00f3s sois para mim estrangeiros e h\u00f3spedes. Para toda a propriedade que possuirdes, estabelecereis o direito de resgate para a terra\u201d.<\/em> (Lev\u00edtico 25, 23-24).<\/p>\n\n\n\n<p>A Comiss\u00e3o Pastoral da Terra (CPT) da Diocese de Bonfim-BA vem a p\u00fablico manifestar solidariedade \u00e0s dezenas de fam\u00edlias da Ocupa\u00e7\u00e3o Uni\u00e3o, pertencentes ao Movimento dos Pequenos Agricultores (MPA) e ao Movimento dos Trabalhadores e Trabalhadoras Sem Terra (MST). Na manh\u00e3 da \u00faltima quarta-feira (30), os trabalhadores sofreram tentativa de despejo de forma truculenta e cruel, com maquin\u00e1rio pesado que destruiu casas, m\u00f3veis e eletrodom\u00e9sticos. A a\u00e7\u00e3o foi acompanhada por Oficial de Justi\u00e7a e pela Pol\u00edcia Militar, que nada fizeram para impedir que os pertences das fam\u00edlias fossem destru\u00eddos.<\/p>\n\n\n\n<p>Frente \u00e0 resist\u00eancia e enfrentamento dos acampados, a a\u00e7\u00e3o de reintegra\u00e7\u00e3o de posse foi suspensa temporariamente. A coordena\u00e7\u00e3o do MPA est\u00e1 de sobreaviso e recorrendo \u00e0 Justi\u00e7a e ao Governo do Estado.<\/p>\n\n\n\n<p>A \u00e1rea que estava abandonada vem sendo ocupada desde 2017 por fam\u00edlias sem-terra, entre as quais crian\u00e7as, m\u00e3es, idosos, que anseiam por um peda\u00e7o de ch\u00e3o para tirar o seu sustento e alimentar com o excedente outras fam\u00edlias da regi\u00e3o.<\/p>\n\n\n\n<p>Essa a\u00e7\u00e3o violenta caracteriza falta de humanidade com as fam\u00edlias e, principalmente, desrespeito \u00e0 Constitui\u00e7\u00e3o Federal, que garante que todos t\u00eam direito \u00e0 terra, \u00e0 moradia, \u00e0 vida digna, direitos fundamentais. Crescem os \u00edndices de mis\u00e9ria, fome e viol\u00eancia nas cidades. O campo se esvazia, com fam\u00edlias sendo expulsas, perdendo suas terras para fazendeiros e empres\u00e1rios do agroneg\u00f3cio, da minera\u00e7\u00e3o e de projetos de energia.<\/p>\n\n\n\n<p>A CPT esteve e estar\u00e1 sempre junto a esta gente, em sua luta em defesa da vida e da justi\u00e7a social, pautada sempre em valores humanos, \u00e9ticos, religiosas e n\u00e3o em valores mercantis. Reafirmamos a necessidade e o compromisso da Reforma Agr\u00e1ria Popular e em defesa do direito \u00e0 moradia digna para todos os trabalhadores e trabalhadoras.<\/p>\n\n\n\n<p>Por fim, conclamamos ao Governo da Bahia que assuma com urg\u00eancia a responsabilidade que lhe cabe nesta situa\u00e7\u00e3o e preserve o direito dos mais pobres, dos acampados e acampadas.<\/p>\n","protected":false},"excerpt":{"rendered":"<p>Blog do Eloilton Cajuhy \u201cA terra n\u00e3o ser\u00e1 vendida perpetuamente, pois a terra me pertence e v\u00f3s sois para mim estrangeiros e h\u00f3spedes. Para toda a propriedade que possuirdes, estabelecereis o direito de resgate para a terra\u201d. (Lev\u00edtico 25, 23-24). A Comiss\u00e3o Pastoral da Terra (CPT) da Diocese de Bonfim-BA vem a p\u00fablico manifestar solidariedade [&hellip;]<\/p>\n","protected":false},"author":2,"featured_media":83958,"comment_status":"open","ping_status":"open","sticky":false,"template":"","format":"standard","meta":{"_acf_changed":false,"_monsterinsights_skip_tracking":false,"_monsterinsights_sitenote_active":false,"_monsterinsights_sitenote_note":"","_monsterinsights_sitenote_category":0,"_jetpack_memberships_contains_paid_content":false,"footnotes":"","jetpack_publicize_message":"","jetpack_publicize_feature_enabled":true,"jetpack_social_post_already_shared":false,"jetpack_social_options":{"image_generator_settings":{"template":"highway","enabled":false},"version":2}},"categories":[11],"tags":[],"class_list":["post-83957","post","type-post","status-publish","format-standard","has-post-thumbnail","hentry","category-regional"],"acf":[],"jetpack_publicize_connections":[],"jetpack_featured_media_url":"https:\/\/i0.wp.com\/blogdoeloiltoncajuhy.com.br\/site\/wp-content\/uploads\/2024\/10\/Nota-CPT_311024.jpg?fit=800%2C450&ssl=1","jetpack_sharing_enabled":true,"publishpress_future_workflow_manual_trigger":{"enabledWorkflows":[]},"_links":{"self":[{"href":"https:\/\/blogdoeloiltoncajuhy.com.br\/site\/wp-json\/wp\/v2\/posts\/83957","targetHints":{"allow":["GET"]}}],"collection":[{"href":"https:\/\/blogdoeloiltoncajuhy.com.br\/site\/wp-json\/wp\/v2\/posts"}],"about":[{"href":"https:\/\/blogdoeloiltoncajuhy.com.br\/site\/wp-json\/wp\/v2\/types\/post"}],"author":[{"embeddable":true,"href":"https:\/\/blogdoeloiltoncajuhy.com.br\/site\/wp-json\/wp\/v2\/users\/2"}],"replies":[{"embeddable":true,"href":"https:\/\/blogdoeloiltoncajuhy.com.br\/site\/wp-json\/wp\/v2\/comments?post=83957"}],"version-history":[{"count":1,"href":"https:\/\/blogdoeloiltoncajuhy.com.br\/site\/wp-json\/wp\/v2\/posts\/83957\/revisions"}],"predecessor-version":[{"id":83959,"href":"https:\/\/blogdoeloiltoncajuhy.com.br\/site\/wp-json\/wp\/v2\/posts\/83957\/revisions\/83959"}],"wp:featuredmedia":[{"embeddable":true,"href":"https:\/\/blogdoeloiltoncajuhy.com.br\/site\/wp-json\/wp\/v2\/media\/83958"}],"wp:attachment":[{"href":"https:\/\/blogdoeloiltoncajuhy.com.br\/site\/wp-json\/wp\/v2\/media?parent=83957"}],"wp:term":[{"taxonomy":"category","embeddable":true,"href":"https:\/\/blogdoeloiltoncajuhy.com.br\/site\/wp-json\/wp\/v2\/categories?post=83957"},{"taxonomy":"post_tag","embeddable":true,"href":"https:\/\/blogdoeloiltoncajuhy.com.br\/site\/wp-json\/wp\/v2\/tags?post=83957"}],"curies":[{"name":"wp","href":"https:\/\/api.w.org\/{rel}","templated":true}]}}