{"id":83886,"date":"2024-10-28T16:00:59","date_gmt":"2024-10-28T19:00:59","guid":{"rendered":"https:\/\/blogdoeloiltoncajuhy.com.br\/site\/?p=83886"},"modified":"2024-10-28T16:01:01","modified_gmt":"2024-10-28T19:01:01","slug":"familias-de-campo-formoso-procuram-por-homens-desparecidos-ha-10-dias-dupla-foi-retirada-de-sitio","status":"publish","type":"post","link":"https:\/\/blogdoeloiltoncajuhy.com.br\/site\/familias-de-campo-formoso-procuram-por-homens-desparecidos-ha-10-dias-dupla-foi-retirada-de-sitio\/","title":{"rendered":"Fam\u00edlias de Campo Formoso procuram por homens desparecidos h\u00e1 10 dias; dupla foi retirada de s\u00edtio"},"content":{"rendered":"\n<p class=\"has-medium-font-size\"><strong>Pedro Segundo Cura\u00e7\u00e1 Chaves, de 63 anos, e Rafael Pereira da Silva, de 32, foram levados por homens em duas caminhonetes<\/strong><\/p>\n\n\n\n<p><strong>Por g1 BA e TV S\u00e3o Francisco<\/strong><\/p>\n\n\n\n<figure class=\"wp-block-image aligncenter size-full\"><a href=\"https:\/\/i0.wp.com\/blogdoeloiltoncajuhy.com.br\/site\/wp-content\/uploads\/2024\/10\/Familiares-procuram-Rafael-Pereira-e-Pedro-Segundo-ha-10-dias-%E2%80%94-Foto-Reproducao-Redes-Sociais.jpg?ssl=1\"><img data-recalc-dims=\"1\" fetchpriority=\"high\" decoding=\"async\" width=\"750\" height=\"472\" src=\"https:\/\/i0.wp.com\/blogdoeloiltoncajuhy.com.br\/site\/wp-content\/uploads\/2024\/10\/Familiares-procuram-Rafael-Pereira-e-Pedro-Segundo-ha-10-dias-%E2%80%94-Foto-Reproducao-Redes-Sociais.jpg?resize=750%2C472&#038;ssl=1\" alt=\"\" class=\"wp-image-83887\" srcset=\"https:\/\/i0.wp.com\/blogdoeloiltoncajuhy.com.br\/site\/wp-content\/uploads\/2024\/10\/Familiares-procuram-Rafael-Pereira-e-Pedro-Segundo-ha-10-dias-%E2%80%94-Foto-Reproducao-Redes-Sociais.jpg?w=750&amp;ssl=1 750w, https:\/\/i0.wp.com\/blogdoeloiltoncajuhy.com.br\/site\/wp-content\/uploads\/2024\/10\/Familiares-procuram-Rafael-Pereira-e-Pedro-Segundo-ha-10-dias-%E2%80%94-Foto-Reproducao-Redes-Sociais.jpg?resize=300%2C189&amp;ssl=1 300w\" sizes=\"(max-width: 750px) 100vw, 750px\" \/><\/a><figcaption class=\"wp-element-caption\"><sub>Familiares procuram Rafael Pereira e Pedro Segundo h\u00e1 10 dias \u2014 Foto: Reprodu\u00e7\u00e3o\/Redes Sociais<\/sub><\/figcaption><\/figure>\n\n\n\n<p>Dois homens est\u00e3o desaparecidos h\u00e1 10 dias ap\u00f3s serem retirados de um s\u00edtio na cidade de Campo Formoso, no norte da Bahia. O caso \u00e9 investigado pela Pol\u00edcia Civil.<\/p>\n\n\n\n<p>Segundo informa\u00e7\u00f5es de familiares, testemunhas contaram que <strong>Pedro Segundo Cura\u00e7\u00e1 Chaves<\/strong>, de 63 anos, e <strong>Rafael Pereira da Silva<\/strong>, de 32, foram levados por homens que estavam em duas caminhonetes.<\/p>\n\n\n\n<p>Os dois moravam no s\u00edtio, que \u00e9 de Pedro Segundo, e est\u00e1 localizado no povoado de Folha Larga. Rafael Pereira trabalhava para o idoso.<\/p>\n\n\n\n<ul class=\"wp-block-list\">\n<li><a href=\"https:\/\/whatsapp.com\/channel\/0029VaAT7tDLI8Yfj5y9Z50Z\"><strong><mark style=\"background-color:rgba(0, 0, 0, 0)\" class=\"has-inline-color has-vivid-red-color\">Siga nosso canal no WhatsApp e veja mais not\u00edcias<\/mark><\/strong><\/a><\/li>\n<\/ul>\n\n\n\n<p><\/p>\n\n\n\n<p>Os familiares dos dois homens foram procurados por vizinhos que percebram uma &#8220;movimenta\u00e7\u00e3o estranha&#8221; no local. Ao chegarem no s\u00edtio, eles encontraram as portas do im\u00f3vel abertas e os c\u00f4modos virados.<\/p>\n\n\n\n<p>A fam\u00edlia de Pedro Segundo afirmou que apesar da bagun\u00e7a na casa, eles n\u00e3o sentiram falta de pertences das v\u00edtimas. A Pol\u00edcia Civil abriu um inqu\u00e9rito para investigar o desaparecimento dos dois homens.<\/p>\n","protected":false},"excerpt":{"rendered":"<p>Pedro Segundo Cura\u00e7\u00e1 Chaves, de 63 anos, e Rafael Pereira da Silva, de 32, foram levados por homens em duas caminhonetes Por g1 BA e TV S\u00e3o Francisco Dois homens est\u00e3o desaparecidos h\u00e1 10 dias ap\u00f3s serem retirados de um s\u00edtio na cidade de Campo Formoso, no norte da Bahia. O caso \u00e9 investigado pela [&hellip;]<\/p>\n","protected":false},"author":2,"featured_media":83887,"comment_status":"open","ping_status":"open","sticky":false,"template":"","format":"standard","meta":{"_acf_changed":false,"_monsterinsights_skip_tracking":false,"_monsterinsights_sitenote_active":false,"_monsterinsights_sitenote_note":"","_monsterinsights_sitenote_category":0,"_jetpack_memberships_contains_paid_content":false,"footnotes":"","jetpack_publicize_message":"","jetpack_publicize_feature_enabled":true,"jetpack_social_post_already_shared":true,"jetpack_social_options":{"image_generator_settings":{"template":"highway","default_image_id":0,"font":"","enabled":false},"version":2}},"categories":[11],"tags":[],"class_list":["post-83886","post","type-post","status-publish","format-standard","has-post-thumbnail","hentry","category-regional"],"acf":[],"jetpack_publicize_connections":[],"jetpack_featured_media_url":"https:\/\/i0.wp.com\/blogdoeloiltoncajuhy.com.br\/site\/wp-content\/uploads\/2024\/10\/Familiares-procuram-Rafael-Pereira-e-Pedro-Segundo-ha-10-dias-%E2%80%94-Foto-Reproducao-Redes-Sociais.jpg?fit=750%2C472&ssl=1","jetpack_sharing_enabled":true,"publishpress_future_workflow_manual_trigger":{"enabledWorkflows":[]},"_links":{"self":[{"href":"https:\/\/blogdoeloiltoncajuhy.com.br\/site\/wp-json\/wp\/v2\/posts\/83886","targetHints":{"allow":["GET"]}}],"collection":[{"href":"https:\/\/blogdoeloiltoncajuhy.com.br\/site\/wp-json\/wp\/v2\/posts"}],"about":[{"href":"https:\/\/blogdoeloiltoncajuhy.com.br\/site\/wp-json\/wp\/v2\/types\/post"}],"author":[{"embeddable":true,"href":"https:\/\/blogdoeloiltoncajuhy.com.br\/site\/wp-json\/wp\/v2\/users\/2"}],"replies":[{"embeddable":true,"href":"https:\/\/blogdoeloiltoncajuhy.com.br\/site\/wp-json\/wp\/v2\/comments?post=83886"}],"version-history":[{"count":1,"href":"https:\/\/blogdoeloiltoncajuhy.com.br\/site\/wp-json\/wp\/v2\/posts\/83886\/revisions"}],"predecessor-version":[{"id":83888,"href":"https:\/\/blogdoeloiltoncajuhy.com.br\/site\/wp-json\/wp\/v2\/posts\/83886\/revisions\/83888"}],"wp:featuredmedia":[{"embeddable":true,"href":"https:\/\/blogdoeloiltoncajuhy.com.br\/site\/wp-json\/wp\/v2\/media\/83887"}],"wp:attachment":[{"href":"https:\/\/blogdoeloiltoncajuhy.com.br\/site\/wp-json\/wp\/v2\/media?parent=83886"}],"wp:term":[{"taxonomy":"category","embeddable":true,"href":"https:\/\/blogdoeloiltoncajuhy.com.br\/site\/wp-json\/wp\/v2\/categories?post=83886"},{"taxonomy":"post_tag","embeddable":true,"href":"https:\/\/blogdoeloiltoncajuhy.com.br\/site\/wp-json\/wp\/v2\/tags?post=83886"}],"curies":[{"name":"wp","href":"https:\/\/api.w.org\/{rel}","templated":true}]}}