{"id":83796,"date":"2024-10-23T16:15:09","date_gmt":"2024-10-23T19:15:09","guid":{"rendered":"https:\/\/blogdoeloiltoncajuhy.com.br\/site\/?p=83796"},"modified":"2024-10-23T16:16:19","modified_gmt":"2024-10-23T19:16:19","slug":"plenario-do-senado-vai-analisar-medidas-contra-abuso-sexual-no-esporte","status":"publish","type":"post","link":"https:\/\/blogdoeloiltoncajuhy.com.br\/site\/plenario-do-senado-vai-analisar-medidas-contra-abuso-sexual-no-esporte\/","title":{"rendered":"Plen\u00e1rio do Senado vai analisar medidas contra abuso sexual no esporte"},"content":{"rendered":"\n<p class=\"has-medium-font-size\"><strong>Entidades esportivas sem fins lucrativos devem adotar medidas de preven\u00e7\u00e3o e combate ao abuso sexual de crian\u00e7as e adolescentes, se quiserem receber recursos da Uni\u00e3o e de empresas estatais.<\/strong><\/p>\n\n\n\n<p><strong>Blog do Eloilton Cajuhy<\/strong><\/p>\n\n\n\n<figure class=\"wp-block-image aligncenter size-full is-resized\"><a href=\"https:\/\/i0.wp.com\/blogdoeloiltoncajuhy.com.br\/site\/wp-content\/uploads\/2022\/08\/futebol-01.jpeg\"><img data-recalc-dims=\"1\" fetchpriority=\"high\" decoding=\"async\" width=\"768\" height=\"460\" src=\"https:\/\/i0.wp.com\/blogdoeloiltoncajuhy.com.br\/site\/wp-content\/uploads\/2022\/08\/futebol-01.jpeg?resize=768%2C460\" alt=\"\" class=\"wp-image-67059\" style=\"width:685px;height:auto\" srcset=\"https:\/\/i0.wp.com\/blogdoeloiltoncajuhy.com.br\/site\/wp-content\/uploads\/2022\/08\/futebol-01.jpeg?w=768&amp;ssl=1 768w, https:\/\/i0.wp.com\/blogdoeloiltoncajuhy.com.br\/site\/wp-content\/uploads\/2022\/08\/futebol-01.jpeg?resize=300%2C180&amp;ssl=1 300w\" sizes=\"(max-width: 768px) 100vw, 768px\" \/><\/a><figcaption class=\"wp-element-caption\"><sub>Plen\u00e1rio do Senado vai analisar medidas contra abuso sexual no esporte &#8211; Reprodu\u00e7\u00e3o<\/sub><\/figcaption><\/figure>\n\n\n\n<p>A Comiss\u00e3o de Assuntos Econ\u00f4micos aprovou o projeto que condiciona o recebimento de recursos p\u00fablicos por entidades esportivas sem fins lucrativos \u00e0 ado\u00e7\u00e3o de medidas para prote\u00e7\u00e3o de crian\u00e7as e adolescentes contra o abuso sexual. A relatora, senadora Damares Alves, do Republicanos do Distrito Federal, diz que o Poder P\u00fablico n\u00e3o pode fechar os olhos para essa realidade.<\/p>\n\n\n\n<p>&#8220;Pequenas escolinhas de esportes no Brasil inteiro, em que levam crian\u00e7as e adolescentes para treinarem, para aprenderem a jogar, mas infelizmente s\u00e3o v\u00edtimas de abuso sexual e a gente sabe que esta \u00e9 uma realidade e esse projeto de lei vem nessa linha da gente proibir, inibir e a gente punir tamb\u00e9m com o n\u00e3o repasse de recursos p\u00fablicos para institui\u00e7\u00f5es que foram coniventes ou ent\u00e3o que foram sede do abuso sexual de crian\u00e7as e adolescentes em nome do esporte&#8221;.<\/p>\n\n\n\n<p>O projeto de lei tamb\u00e9m prev\u00ea que as entidades esportivas se comprometam a promover campanhas educativas, qualificar profissionais que treinam crian\u00e7as e adolescentes e criem ouvidorias para den\u00fancias de maus-tratos e abusos.<\/p>\n\n\n\n<ul class=\"wp-block-list\">\n<li><a href=\"https:\/\/whatsapp.com\/channel\/0029VaAT7tDLI8Yfj5y9Z50Z\"><strong><mark style=\"background-color:rgba(0, 0, 0, 0)\" class=\"has-inline-color has-vivid-red-color\">Siga nosso canal no WhatsApp e veja mais not\u00edcias<\/mark><\/strong><\/a><\/li>\n<\/ul>\n","protected":false},"excerpt":{"rendered":"<p>Entidades esportivas sem fins lucrativos devem adotar medidas de preven\u00e7\u00e3o e combate ao abuso sexual de crian\u00e7as e adolescentes, se quiserem receber recursos da Uni\u00e3o e de empresas estatais. Blog do Eloilton Cajuhy A Comiss\u00e3o de Assuntos Econ\u00f4micos aprovou o projeto que condiciona o recebimento de recursos p\u00fablicos por entidades esportivas sem fins lucrativos \u00e0 [&hellip;]<\/p>\n","protected":false},"author":2,"featured_media":80205,"comment_status":"open","ping_status":"open","sticky":false,"template":"","format":"standard","meta":{"_acf_changed":false,"_monsterinsights_skip_tracking":false,"_monsterinsights_sitenote_active":false,"_monsterinsights_sitenote_note":"","_monsterinsights_sitenote_category":0,"_jetpack_memberships_contains_paid_content":false,"footnotes":"","jetpack_publicize_message":"","jetpack_publicize_feature_enabled":true,"jetpack_social_post_already_shared":false,"jetpack_social_options":{"image_generator_settings":{"template":"highway","enabled":false},"version":2}},"categories":[3],"tags":[],"class_list":["post-83796","post","type-post","status-publish","format-standard","has-post-thumbnail","hentry","category-politica"],"acf":[],"jetpack_publicize_connections":[],"jetpack_featured_media_url":"https:\/\/i0.wp.com\/blogdoeloiltoncajuhy.com.br\/site\/wp-content\/uploads\/2024\/04\/Bola-futebol-Foto-ebc.com_.br_.png?fit=676%2C450&ssl=1","jetpack_sharing_enabled":true,"publishpress_future_workflow_manual_trigger":{"enabledWorkflows":[]},"_links":{"self":[{"href":"https:\/\/blogdoeloiltoncajuhy.com.br\/site\/wp-json\/wp\/v2\/posts\/83796","targetHints":{"allow":["GET"]}}],"collection":[{"href":"https:\/\/blogdoeloiltoncajuhy.com.br\/site\/wp-json\/wp\/v2\/posts"}],"about":[{"href":"https:\/\/blogdoeloiltoncajuhy.com.br\/site\/wp-json\/wp\/v2\/types\/post"}],"author":[{"embeddable":true,"href":"https:\/\/blogdoeloiltoncajuhy.com.br\/site\/wp-json\/wp\/v2\/users\/2"}],"replies":[{"embeddable":true,"href":"https:\/\/blogdoeloiltoncajuhy.com.br\/site\/wp-json\/wp\/v2\/comments?post=83796"}],"version-history":[{"count":2,"href":"https:\/\/blogdoeloiltoncajuhy.com.br\/site\/wp-json\/wp\/v2\/posts\/83796\/revisions"}],"predecessor-version":[{"id":83798,"href":"https:\/\/blogdoeloiltoncajuhy.com.br\/site\/wp-json\/wp\/v2\/posts\/83796\/revisions\/83798"}],"wp:featuredmedia":[{"embeddable":true,"href":"https:\/\/blogdoeloiltoncajuhy.com.br\/site\/wp-json\/wp\/v2\/media\/80205"}],"wp:attachment":[{"href":"https:\/\/blogdoeloiltoncajuhy.com.br\/site\/wp-json\/wp\/v2\/media?parent=83796"}],"wp:term":[{"taxonomy":"category","embeddable":true,"href":"https:\/\/blogdoeloiltoncajuhy.com.br\/site\/wp-json\/wp\/v2\/categories?post=83796"},{"taxonomy":"post_tag","embeddable":true,"href":"https:\/\/blogdoeloiltoncajuhy.com.br\/site\/wp-json\/wp\/v2\/tags?post=83796"}],"curies":[{"name":"wp","href":"https:\/\/api.w.org\/{rel}","templated":true}]}}