{"id":83784,"date":"2024-10-23T00:10:00","date_gmt":"2024-10-23T03:10:00","guid":{"rendered":"https:\/\/blogdoeloiltoncajuhy.com.br\/site\/?p=83784"},"modified":"2024-10-22T19:30:50","modified_gmt":"2024-10-22T22:30:50","slug":"estrategias-para-entrega-e-operacionalizacao-de-lotes-irrigados-em-ponto-novo-sao-alinhadas-durante-reuniao","status":"publish","type":"post","link":"https:\/\/blogdoeloiltoncajuhy.com.br\/site\/estrategias-para-entrega-e-operacionalizacao-de-lotes-irrigados-em-ponto-novo-sao-alinhadas-durante-reuniao\/","title":{"rendered":"Estrat\u00e9gias para entrega e operacionaliza\u00e7\u00e3o de lotes irrigados em Ponto Novo s\u00e3o alinhadas durante reuni\u00e3o"},"content":{"rendered":"\n<p><strong>Blog do Eloilton Cajuhy<\/strong><\/p>\n\n\n\n<figure class=\"wp-block-image aligncenter size-full\"><a href=\"https:\/\/i0.wp.com\/blogdoeloiltoncajuhy.com.br\/site\/wp-content\/uploads\/2024\/10\/GOVBA_Acoes-CAR-Ponto-Novo-01_Foto-Elka-Macedo.jpeg?ssl=1\"><img data-recalc-dims=\"1\" fetchpriority=\"high\" decoding=\"async\" width=\"750\" height=\"337\" src=\"https:\/\/i0.wp.com\/blogdoeloiltoncajuhy.com.br\/site\/wp-content\/uploads\/2024\/10\/GOVBA_Acoes-CAR-Ponto-Novo-01_Foto-Elka-Macedo.jpeg?resize=750%2C337&#038;ssl=1\" alt=\"\" class=\"wp-image-83785\" srcset=\"https:\/\/i0.wp.com\/blogdoeloiltoncajuhy.com.br\/site\/wp-content\/uploads\/2024\/10\/GOVBA_Acoes-CAR-Ponto-Novo-01_Foto-Elka-Macedo.jpeg?w=750&amp;ssl=1 750w, https:\/\/i0.wp.com\/blogdoeloiltoncajuhy.com.br\/site\/wp-content\/uploads\/2024\/10\/GOVBA_Acoes-CAR-Ponto-Novo-01_Foto-Elka-Macedo.jpeg?resize=300%2C135&amp;ssl=1 300w\" sizes=\"(max-width: 750px) 100vw, 750px\" \/><\/a><figcaption class=\"wp-element-caption\"><sub>Foto: Elka Mac\u00eado<\/sub><\/figcaption><\/figure>\n\n\n\n<p>Foi realizada, nesta ter\u00e7a-feira (22), uma reuni\u00e3o que contou com a participa\u00e7\u00e3o de dirigentes e equipe t\u00e9cnica da Companhia de Desenvolvimento e A\u00e7\u00e3o Regional (CAR), e do Movimento dos Pequenos Agricultores (MPA) e Movimento dos Trabalhadores Sem Terra (MST), que representam as 60 fam\u00edlias do per\u00edmetro irrigado de Ponto Novo. O objetivo foi alinhar estrat\u00e9gias para a entrega e operacionaliza\u00e7\u00e3o de 120 hectares irrigados, que est\u00e3o sendo implantados pela CAR, no \u00e2mbito do projeto Pr\u00f3-Semi\u00e1rido.<\/p>\n\n\n\n<p>Durante o encontro, foram realizados os encaminhamentos para assegurar que as fam\u00edlias possam ter condi\u00e7\u00f5es de operacionalizar os cultivos nos lotes. Para tanto, est\u00e3o sendo viabilizadas as documenta\u00e7\u00f5es necess\u00e1rias para que os moradores dos Assentamentos Nelson Mandela e Terra Nossa possam acessar o cr\u00e9dito e outras pol\u00edticas p\u00fablicas de apoio \u00e0 agricultura familiar, como enfatizou Jeandro Ribeiro, diretor-presidente da CAR.<\/p>\n\n\n\n<p>\u201cA nossa vinda aqui foi para garantir que as condi\u00e7\u00f5es que n\u00f3s projetamos para assentar as 60 fam\u00edlias estejam asseguradas com os contratos de uso da terra assinados, com acesso ao cr\u00e9dito e equipe de assessoria t\u00e9cnica contratada. Tudo isso, para a gente deflagrar o processo de independ\u00eancia dessas fam\u00edlias\u201d, afirmou Ribeiro.<\/p>\n\n\n\n<figure class=\"wp-block-image aligncenter size-full\"><a href=\"https:\/\/i0.wp.com\/blogdoeloiltoncajuhy.com.br\/site\/wp-content\/uploads\/2024\/10\/GOVBA_Acoes-CAR-Ponto-Novo-02_Foto-Elka-Macedo.jpeg?ssl=1\"><img data-recalc-dims=\"1\" decoding=\"async\" width=\"750\" height=\"338\" src=\"https:\/\/i0.wp.com\/blogdoeloiltoncajuhy.com.br\/site\/wp-content\/uploads\/2024\/10\/GOVBA_Acoes-CAR-Ponto-Novo-02_Foto-Elka-Macedo.jpeg?resize=750%2C338&#038;ssl=1\" alt=\"\" class=\"wp-image-83786\" srcset=\"https:\/\/i0.wp.com\/blogdoeloiltoncajuhy.com.br\/site\/wp-content\/uploads\/2024\/10\/GOVBA_Acoes-CAR-Ponto-Novo-02_Foto-Elka-Macedo.jpeg?w=750&amp;ssl=1 750w, https:\/\/i0.wp.com\/blogdoeloiltoncajuhy.com.br\/site\/wp-content\/uploads\/2024\/10\/GOVBA_Acoes-CAR-Ponto-Novo-02_Foto-Elka-Macedo.jpeg?resize=300%2C135&amp;ssl=1 300w\" sizes=\"(max-width: 750px) 100vw, 750px\" \/><\/a><figcaption class=\"wp-element-caption\"><sub>Foto: Elka Mac\u00eado<\/sub><\/figcaption><\/figure>\n\n\n\n<ul class=\"wp-block-list\">\n<li><a href=\"https:\/\/whatsapp.com\/channel\/0029VaAT7tDLI8Yfj5y9Z50Z\"><strong><mark style=\"background-color:rgba(0, 0, 0, 0)\" class=\"has-inline-color has-vivid-red-color\">Siga nosso canal no WhatsApp e veja mais not\u00edcias<\/mark><\/strong><\/a><\/li>\n<\/ul>\n\n\n\n<p><\/p>\n\n\n\n<p>J\u00e1 foram disponibilizados para as fam\u00edlias 30 lotes. Os demais devem ser entregues ainda este ano. Paralelo a isso, est\u00e1 sendo contratada uma equipe t\u00e9cnica para prestar assessoramento \u00e0s fam\u00edlias no processo inicial de plantio, colheita e comercializa\u00e7\u00e3o da produ\u00e7\u00e3o.<\/p>\n\n\n\n<p>A reuni\u00e3o contou tamb\u00e9m com a presen\u00e7a do coordenador geral do projeto Pr\u00f3-Semi\u00e1rido, Cesar Maynart, que destacou a relev\u00e2ncia de os assentados participarem ativamente no acompanhamento \u00e0 obra. \u201cA gente est\u00e1 finalizando o processo de implanta\u00e7\u00e3o do sistema de irriga\u00e7\u00e3o, ent\u00e3o, a gente desejaria que a medida em que os sistemas fossem sendo implantados, aquelas fam\u00edlias que j\u00e1 est\u00e3o assentadas fizessem o acompanhamento para conhecer o processo de irriga\u00e7\u00e3o para compreender o funcionamento\u201d.<\/p>\n\n\n\n<figure class=\"wp-block-image aligncenter size-full\"><a href=\"https:\/\/i0.wp.com\/blogdoeloiltoncajuhy.com.br\/site\/wp-content\/uploads\/2024\/10\/GOVBA_Acoes-CAR-Ponto-Novo-03_Foto-Elka-Macedo.jpeg?ssl=1\"><img data-recalc-dims=\"1\" decoding=\"async\" width=\"750\" height=\"337\" src=\"https:\/\/i0.wp.com\/blogdoeloiltoncajuhy.com.br\/site\/wp-content\/uploads\/2024\/10\/GOVBA_Acoes-CAR-Ponto-Novo-03_Foto-Elka-Macedo.jpeg?resize=750%2C337&#038;ssl=1\" alt=\"\" class=\"wp-image-83787\" srcset=\"https:\/\/i0.wp.com\/blogdoeloiltoncajuhy.com.br\/site\/wp-content\/uploads\/2024\/10\/GOVBA_Acoes-CAR-Ponto-Novo-03_Foto-Elka-Macedo.jpeg?w=750&amp;ssl=1 750w, https:\/\/i0.wp.com\/blogdoeloiltoncajuhy.com.br\/site\/wp-content\/uploads\/2024\/10\/GOVBA_Acoes-CAR-Ponto-Novo-03_Foto-Elka-Macedo.jpeg?resize=300%2C135&amp;ssl=1 300w\" sizes=\"(max-width: 750px) 100vw, 750px\" \/><\/a><figcaption class=\"wp-element-caption\"><sub>Foto: Elka Mac\u00eado<\/sub><\/figcaption><\/figure>\n\n\n\n<p class=\"has-black-color has-text-color has-link-color has-medium-font-size wp-elements-57d275217c1c37228c97f7fe0e40ed63\"><strong>Investimentos<\/strong><\/p>\n\n\n\n<p>Desde 2017, a CAR, empresa p\u00fablica vinculada \u00e0 Secretaria de Desenvolvimento Rural (SDR) atua e investe no per\u00edmetro irrigado de Ponto Novo. Para tanto, por meio da execu\u00e7\u00e3o do Pr\u00f3-Semi\u00e1rido, projeto cofinanciado pelo Fundo Internacional de Desenvolvimento Agr\u00edcola (Fida), j\u00e1 foram investidos cerca de R$ 39 milh\u00f5es.<\/p>\n\n\n\n<p>Os recursos foram aplicados na reativa\u00e7\u00e3o do per\u00edmetro irrigado, implanta\u00e7\u00e3o da tecnologia francesa Fusegate para o aumento da capacidade de armazenamento de \u00e1gua da barragem de Ponto novo, automa\u00e7\u00e3o, bombeamento e a implanta\u00e7\u00e3o destes novos 120 hectares de terra irrig\u00e1veis.<\/p>\n","protected":false},"excerpt":{"rendered":"<p>Blog do Eloilton Cajuhy Foi realizada, nesta ter\u00e7a-feira (22), uma reuni\u00e3o que contou com a participa\u00e7\u00e3o de dirigentes e equipe t\u00e9cnica da Companhia de Desenvolvimento e A\u00e7\u00e3o Regional (CAR), e do Movimento dos Pequenos Agricultores (MPA) e Movimento dos Trabalhadores Sem Terra (MST), que representam as 60 fam\u00edlias do per\u00edmetro irrigado de Ponto Novo. O [&hellip;]<\/p>\n","protected":false},"author":2,"featured_media":83785,"comment_status":"open","ping_status":"open","sticky":false,"template":"","format":"standard","meta":{"_acf_changed":false,"_monsterinsights_skip_tracking":false,"_monsterinsights_sitenote_active":false,"_monsterinsights_sitenote_note":"","_monsterinsights_sitenote_category":0,"_jetpack_memberships_contains_paid_content":false,"footnotes":"","jetpack_publicize_message":"","jetpack_publicize_feature_enabled":true,"jetpack_social_post_already_shared":true,"jetpack_social_options":{"image_generator_settings":{"template":"highway","enabled":false},"version":2}},"categories":[11],"tags":[],"class_list":["post-83784","post","type-post","status-publish","format-standard","has-post-thumbnail","hentry","category-regional"],"acf":[],"jetpack_publicize_connections":[],"jetpack_featured_media_url":"https:\/\/i0.wp.com\/blogdoeloiltoncajuhy.com.br\/site\/wp-content\/uploads\/2024\/10\/GOVBA_Acoes-CAR-Ponto-Novo-01_Foto-Elka-Macedo.jpeg?fit=750%2C337&ssl=1","jetpack_sharing_enabled":true,"publishpress_future_workflow_manual_trigger":{"enabledWorkflows":[]},"_links":{"self":[{"href":"https:\/\/blogdoeloiltoncajuhy.com.br\/site\/wp-json\/wp\/v2\/posts\/83784","targetHints":{"allow":["GET"]}}],"collection":[{"href":"https:\/\/blogdoeloiltoncajuhy.com.br\/site\/wp-json\/wp\/v2\/posts"}],"about":[{"href":"https:\/\/blogdoeloiltoncajuhy.com.br\/site\/wp-json\/wp\/v2\/types\/post"}],"author":[{"embeddable":true,"href":"https:\/\/blogdoeloiltoncajuhy.com.br\/site\/wp-json\/wp\/v2\/users\/2"}],"replies":[{"embeddable":true,"href":"https:\/\/blogdoeloiltoncajuhy.com.br\/site\/wp-json\/wp\/v2\/comments?post=83784"}],"version-history":[{"count":1,"href":"https:\/\/blogdoeloiltoncajuhy.com.br\/site\/wp-json\/wp\/v2\/posts\/83784\/revisions"}],"predecessor-version":[{"id":83788,"href":"https:\/\/blogdoeloiltoncajuhy.com.br\/site\/wp-json\/wp\/v2\/posts\/83784\/revisions\/83788"}],"wp:featuredmedia":[{"embeddable":true,"href":"https:\/\/blogdoeloiltoncajuhy.com.br\/site\/wp-json\/wp\/v2\/media\/83785"}],"wp:attachment":[{"href":"https:\/\/blogdoeloiltoncajuhy.com.br\/site\/wp-json\/wp\/v2\/media?parent=83784"}],"wp:term":[{"taxonomy":"category","embeddable":true,"href":"https:\/\/blogdoeloiltoncajuhy.com.br\/site\/wp-json\/wp\/v2\/categories?post=83784"},{"taxonomy":"post_tag","embeddable":true,"href":"https:\/\/blogdoeloiltoncajuhy.com.br\/site\/wp-json\/wp\/v2\/tags?post=83784"}],"curies":[{"name":"wp","href":"https:\/\/api.w.org\/{rel}","templated":true}]}}