{"id":83781,"date":"2024-10-23T00:10:00","date_gmt":"2024-10-23T03:10:00","guid":{"rendered":"https:\/\/blogdoeloiltoncajuhy.com.br\/site\/?p=83781"},"modified":"2024-10-22T17:36:27","modified_gmt":"2024-10-22T20:36:27","slug":"entenda-o-que-e-assedio-moral-no-ambiente-de-trabalho","status":"publish","type":"post","link":"https:\/\/blogdoeloiltoncajuhy.com.br\/site\/entenda-o-que-e-assedio-moral-no-ambiente-de-trabalho\/","title":{"rendered":"Entenda o que \u00e9 ass\u00e9dio moral no ambiente de trabalho"},"content":{"rendered":"\n<p class=\"has-text-align-right\"><strong>Por Jo\u00e3o Valen\u00e7a*<\/strong><\/p>\n\n\n\n<figure class=\"wp-block-image aligncenter size-full\"><a href=\"https:\/\/i0.wp.com\/blogdoeloiltoncajuhy.com.br\/site\/wp-content\/uploads\/2024\/10\/Assedio-moral-no-ambiente-de-trabalho_Freepik.jpg?ssl=1\"><img data-recalc-dims=\"1\" fetchpriority=\"high\" decoding=\"async\" width=\"750\" height=\"500\" src=\"https:\/\/i0.wp.com\/blogdoeloiltoncajuhy.com.br\/site\/wp-content\/uploads\/2024\/10\/Assedio-moral-no-ambiente-de-trabalho_Freepik.jpg?resize=750%2C500&#038;ssl=1\" alt=\"\" class=\"wp-image-83782\" srcset=\"https:\/\/i0.wp.com\/blogdoeloiltoncajuhy.com.br\/site\/wp-content\/uploads\/2024\/10\/Assedio-moral-no-ambiente-de-trabalho_Freepik.jpg?w=750&amp;ssl=1 750w, https:\/\/i0.wp.com\/blogdoeloiltoncajuhy.com.br\/site\/wp-content\/uploads\/2024\/10\/Assedio-moral-no-ambiente-de-trabalho_Freepik.jpg?resize=300%2C200&amp;ssl=1 300w\" sizes=\"(max-width: 750px) 100vw, 750px\" \/><\/a><figcaption class=\"wp-element-caption\"><sub>Freepik<\/sub><\/figcaption><\/figure>\n\n\n\n<p>O ass\u00e9dio moral \u00e9 um tema que merece aten\u00e7\u00e3o especial no ambiente de trabalho, uma vez que se refere a comportamentos repetitivos que visam humilhar, intimidar ou desestabilizar emocionalmente um trabalhador. Essa pr\u00e1tica se caracteriza por a\u00e7\u00f5es sistem\u00e1ticas destinadas a minar a autoestima da v\u00edtima, podendo incluir ofensas, cr\u00edticas constantes, isolamento, sobrecarga de trabalho e outras condutas abusivas. \u00c9 crucial compreender que o ass\u00e9dio moral se manifesta atrav\u00e9s de comportamentos recorrentes ao longo do tempo, e n\u00e3o por incidentes isolados.<\/p>\n\n\n\n<p>Existem diferentes formas de ass\u00e9dio moral, sendo os principais tipos o ass\u00e9dio vertical, horizontal e ascendente. O ass\u00e9dio vertical ocorre quando um superior hier\u00e1rquico, como um chefe ou gerente, exerce comportamentos abusivos em rela\u00e7\u00e3o a um subordinado, como gritos ou a atribui\u00e7\u00e3o de tarefas imposs\u00edveis. O ass\u00e9dio horizontal acontece entre colegas de trabalho, onde um funcion\u00e1rio pode ser alvo de humilha\u00e7\u00f5es e isolamento por parte de seus pares. Por fim, o ass\u00e9dio ascendente, embora menos comum, refere-se a situa\u00e7\u00f5es em que subordinados atacam seus superiores de forma abusiva.<\/p>\n\n\n\n<ul class=\"wp-block-list\">\n<li><a href=\"https:\/\/whatsapp.com\/channel\/0029VaAT7tDLI8Yfj5y9Z50Z\"><strong><mark style=\"background-color:rgba(0, 0, 0, 0)\" class=\"has-inline-color has-vivid-red-color\">Siga nosso canal no WhatsApp e veja mais not\u00edcias<\/mark><\/strong><\/a><\/li>\n<\/ul>\n\n\n\n<p><\/p>\n\n\n\n<p>Identificar o ass\u00e9dio moral pode ser desafiador, mas alguns sinais s\u00e3o indicativos. Mudan\u00e7as de comportamento, como queda na produtividade, aumento da ansiedade ou sintomas de depress\u00e3o, podem apontar que a pessoa est\u00e1 sendo assediada. Al\u00e9m disso, comportamentos abusivos do assediador, como cr\u00edticas excessivas e cria\u00e7\u00e3o de um ambiente hostil, s\u00e3o indicadores importantes. Testemunhos de outros funcion\u00e1rios que presenciaram as a\u00e7\u00f5es abusivas podem corroborar a situa\u00e7\u00e3o de ass\u00e9dio.<\/p>\n\n\n\n<p>As consequ\u00eancias do ass\u00e9dio moral s\u00e3o devastadoras e podem afetar a sa\u00fade mental e f\u00edsica da v\u00edtima. Condi\u00e7\u00f5es como ansiedade, depress\u00e3o e s\u00edndrome de burnout s\u00e3o comuns em v\u00edtimas de ass\u00e9dio moral. A vida profissional tamb\u00e9m \u00e9 impactada, podendo resultar em baixo desempenho ou at\u00e9 mesmo demiss\u00e3o. Al\u00e9m disso, a vida pessoal da v\u00edtima pode ser prejudicada, afetando relacionamentos familiares e sociais.<\/p>\n\n\n\n<p>No Brasil, o combate ao ass\u00e9dio moral se d\u00e1 pela Consolida\u00e7\u00e3o das Leis do Trabalho (CLT) e pela Constitui\u00e7\u00e3o Federal, que asseguram a dignidade da pessoa humana e o direito a um ambiente de trabalho saud\u00e1vel. A legisla\u00e7\u00e3o permite que a v\u00edtima busque repara\u00e7\u00e3o judicial, exigindo indeniza\u00e7\u00e3o por danos morais e materiais, e responsabiliza as empresas que n\u00e3o implementam medidas preventivas.<\/p>\n\n\n\n<p>Diante de den\u00fancias de ass\u00e9dio moral, \u00e9 responsabilidade da empresa criar um ambiente de trabalho seguro. Medidas de preven\u00e7\u00e3o, como treinamentos sobre o tema, canais de den\u00fancia confidenciais e investiga\u00e7\u00f5es imparciais, s\u00e3o fundamentais para garantir a seguran\u00e7a dos colaboradores. Para a v\u00edtima, reunir evid\u00eancias, como documenta\u00e7\u00e3o de eventos de ass\u00e9dio e testemunhos, \u00e9 essencial para comprovar a situa\u00e7\u00e3o.<\/p>\n\n\n\n<p>As consequ\u00eancias para o assediador variam conforme a gravidade do ato, podendo resultar em advert\u00eancias, demiss\u00e3o por justa causa ou at\u00e9 a\u00e7\u00f5es judiciais. Caso a den\u00fancia n\u00e3o seja adequadamente tratada, a v\u00edtima pode buscar assist\u00eancia jur\u00eddica, denunciar ao Minist\u00e9rio do Trabalho ou considerar uma a\u00e7\u00e3o judicial.<\/p>\n\n\n\n<p>A preven\u00e7\u00e3o do ass\u00e9dio moral \u00e9 fundamental e deve ser uma prioridade nas empresas. Promover uma cultura de respeito, estabelecer pol\u00edticas claras sobre comportamentos aceit\u00e1veis e inaceit\u00e1veis, e oferecer apoio psicol\u00f3gico s\u00e3o algumas das medidas que podem ser adotadas para garantir um ambiente de trabalho saud\u00e1vel e seguro.<\/p>\n\n\n\n<p>A conscientiza\u00e7\u00e3o sobre o ass\u00e9dio moral \u00e9 essencial para proteger n\u00e3o apenas a v\u00edtima, mas tamb\u00e9m o ambiente de trabalho como um todo. Se voc\u00ea ou algu\u00e9m que voc\u00ea conhece est\u00e1 passando por essa situa\u00e7\u00e3o, \u00e9 importante buscar apoio e tomar as medidas necess\u00e1rias para garantir direitos e bem-estar.<\/p>\n\n\n\n<p><em><strong>*Jo\u00e3o Valen\u00e7a<\/strong> \u00e9 advogado e co-fundador do VLV Advogados, refer\u00eancia nacional na \u00e1rea trabalhista<\/em><\/p>\n","protected":false},"excerpt":{"rendered":"<p>Por Jo\u00e3o Valen\u00e7a* O ass\u00e9dio moral \u00e9 um tema que merece aten\u00e7\u00e3o especial no ambiente de trabalho, uma vez que se refere a comportamentos repetitivos que visam humilhar, intimidar ou desestabilizar emocionalmente um trabalhador. Essa pr\u00e1tica se caracteriza por a\u00e7\u00f5es sistem\u00e1ticas destinadas a minar a autoestima da v\u00edtima, podendo incluir ofensas, cr\u00edticas constantes, isolamento, sobrecarga [&hellip;]<\/p>\n","protected":false},"author":2,"featured_media":83782,"comment_status":"open","ping_status":"open","sticky":false,"template":"","format":"standard","meta":{"_acf_changed":false,"_monsterinsights_skip_tracking":false,"_monsterinsights_sitenote_active":false,"_monsterinsights_sitenote_note":"","_monsterinsights_sitenote_category":0,"_jetpack_memberships_contains_paid_content":false,"footnotes":"","jetpack_publicize_message":"","jetpack_publicize_feature_enabled":true,"jetpack_social_post_already_shared":true,"jetpack_social_options":{"image_generator_settings":{"template":"highway","default_image_id":0,"font":"","enabled":false},"version":2}},"categories":[2],"tags":[],"class_list":["post-83781","post","type-post","status-publish","format-standard","has-post-thumbnail","hentry","category-opiniao"],"acf":[],"jetpack_publicize_connections":[],"jetpack_featured_media_url":"https:\/\/i0.wp.com\/blogdoeloiltoncajuhy.com.br\/site\/wp-content\/uploads\/2024\/10\/Assedio-moral-no-ambiente-de-trabalho_Freepik.jpg?fit=750%2C500&ssl=1","jetpack_sharing_enabled":true,"publishpress_future_workflow_manual_trigger":{"enabledWorkflows":[]},"_links":{"self":[{"href":"https:\/\/blogdoeloiltoncajuhy.com.br\/site\/wp-json\/wp\/v2\/posts\/83781","targetHints":{"allow":["GET"]}}],"collection":[{"href":"https:\/\/blogdoeloiltoncajuhy.com.br\/site\/wp-json\/wp\/v2\/posts"}],"about":[{"href":"https:\/\/blogdoeloiltoncajuhy.com.br\/site\/wp-json\/wp\/v2\/types\/post"}],"author":[{"embeddable":true,"href":"https:\/\/blogdoeloiltoncajuhy.com.br\/site\/wp-json\/wp\/v2\/users\/2"}],"replies":[{"embeddable":true,"href":"https:\/\/blogdoeloiltoncajuhy.com.br\/site\/wp-json\/wp\/v2\/comments?post=83781"}],"version-history":[{"count":1,"href":"https:\/\/blogdoeloiltoncajuhy.com.br\/site\/wp-json\/wp\/v2\/posts\/83781\/revisions"}],"predecessor-version":[{"id":83783,"href":"https:\/\/blogdoeloiltoncajuhy.com.br\/site\/wp-json\/wp\/v2\/posts\/83781\/revisions\/83783"}],"wp:featuredmedia":[{"embeddable":true,"href":"https:\/\/blogdoeloiltoncajuhy.com.br\/site\/wp-json\/wp\/v2\/media\/83782"}],"wp:attachment":[{"href":"https:\/\/blogdoeloiltoncajuhy.com.br\/site\/wp-json\/wp\/v2\/media?parent=83781"}],"wp:term":[{"taxonomy":"category","embeddable":true,"href":"https:\/\/blogdoeloiltoncajuhy.com.br\/site\/wp-json\/wp\/v2\/categories?post=83781"},{"taxonomy":"post_tag","embeddable":true,"href":"https:\/\/blogdoeloiltoncajuhy.com.br\/site\/wp-json\/wp\/v2\/tags?post=83781"}],"curies":[{"name":"wp","href":"https:\/\/api.w.org\/{rel}","templated":true}]}}