{"id":83778,"date":"2024-10-23T00:10:00","date_gmt":"2024-10-23T03:10:00","guid":{"rendered":"https:\/\/blogdoeloiltoncajuhy.com.br\/site\/?p=83778"},"modified":"2024-10-22T17:25:52","modified_gmt":"2024-10-22T20:25:52","slug":"as-10-principais-duvidas-sobre-o-salario-minimo-no-brasil","status":"publish","type":"post","link":"https:\/\/blogdoeloiltoncajuhy.com.br\/site\/as-10-principais-duvidas-sobre-o-salario-minimo-no-brasil\/","title":{"rendered":"As 10 principais d\u00favidas sobre o sal\u00e1rio m\u00ednimo no Brasil"},"content":{"rendered":"\n<p><strong>Blog do Eloilton Cajuhy<\/strong><\/p>\n\n\n\n<figure class=\"wp-block-image aligncenter size-full is-resized\"><a href=\"https:\/\/i0.wp.com\/blogdoeloiltoncajuhy.com.br\/site\/wp-content\/uploads\/2016\/02\/sal%C3%A1rios2.jpg\"><img data-recalc-dims=\"1\" fetchpriority=\"high\" decoding=\"async\" width=\"380\" height=\"280\" src=\"https:\/\/i0.wp.com\/blogdoeloiltoncajuhy.com.br\/site\/wp-content\/uploads\/2016\/02\/sal%C3%A1rios2.jpg?resize=380%2C280\" alt=\"\" class=\"wp-image-7948\" style=\"width:622px;height:auto\" srcset=\"https:\/\/i0.wp.com\/blogdoeloiltoncajuhy.com.br\/site\/wp-content\/uploads\/2016\/02\/sal%C3%A1rios2.jpg?w=380&amp;ssl=1 380w, https:\/\/i0.wp.com\/blogdoeloiltoncajuhy.com.br\/site\/wp-content\/uploads\/2016\/02\/sal%C3%A1rios2.jpg?resize=300%2C221&amp;ssl=1 300w, https:\/\/i0.wp.com\/blogdoeloiltoncajuhy.com.br\/site\/wp-content\/uploads\/2016\/02\/sal%C3%A1rios2.jpg?resize=250%2C184&amp;ssl=1 250w\" sizes=\"(max-width: 380px) 100vw, 380px\" \/><\/a><figcaption class=\"wp-element-caption\"><sub>As 10 principais d\u00favidas sobre o sal\u00e1rio m\u00ednimo no Brasil &#8211; Foto: Reprodu\u00e7\u00e3o<\/sub><\/figcaption><\/figure>\n\n\n\n<p>O sal\u00e1rio m\u00ednimo \u00e9 uma das ferramentas mais importantes para garantir o poder de compra e os direitos b\u00e1sicos dos trabalhadores no Brasil. Ele serve como uma refer\u00eancia para milh\u00f5es de brasileiros, al\u00e9m de influenciar diretamente benef\u00edcios sociais, como aposentadorias, pens\u00f5es e seguro-desemprego.<\/p>\n\n\n\n<p>No entanto, muitas d\u00favidas surgem quando o assunto \u00e9 o sal\u00e1rio m\u00ednimo, desde sua origem at\u00e9 o impacto na vida do trabalhador. Atualmente, no ano de 2024, o sal\u00e1rio m\u00ednimo vigente no Brasil \u00e9 de R$1.412,00, com proposta de aumento para o ano de 2025.<\/p>\n\n\n\n<ul class=\"wp-block-list\">\n<li><a href=\"https:\/\/whatsapp.com\/channel\/0029VaAT7tDLI8Yfj5y9Z50Z\"><strong><mark style=\"background-color:rgba(0, 0, 0, 0)\" class=\"has-inline-color has-vivid-red-color\">Siga nosso canal no WhatsApp e veja mais not\u00edcias<\/mark><\/strong><\/a><\/li>\n<\/ul>\n\n\n\n<p><\/p>\n\n\n\n<p>O <strong><mark style=\"background-color:rgba(0, 0, 0, 0)\" class=\"has-inline-color has-black-color\">advogado trabalhista Jo\u00e3o Valen\u00e7a<\/mark><\/strong>, co-fundador do VLV Advogados, responde \u00e0s 10 principais d\u00favidas com rela\u00e7\u00e3o ao sal\u00e1rio m\u00ednimo. <strong><mark style=\"background-color:rgba(0, 0, 0, 0)\" class=\"has-inline-color has-black-color\">Confira a seguir.<\/mark><\/strong><\/p>\n\n\n\n<p><strong><em>1) O que \u00e9 o sal\u00e1rio m\u00ednimo?<\/em><\/strong><\/p>\n\n\n\n<p>O sal\u00e1rio m\u00ednimo \u00e9 o menor valor que um empregador pode pagar a um trabalhador no Brasil.<\/p>\n\n\n\n<p>Ele \u00e9 estipulado pelo governo federal e tem como objetivo garantir uma remunera\u00e7\u00e3o que cubra as necessidades b\u00e1sicas dos trabalhadores e de suas fam\u00edlias, como alimenta\u00e7\u00e3o, moradia, sa\u00fade e educa\u00e7\u00e3o.<\/p>\n\n\n\n<p>Estabelecido pela Constitui\u00e7\u00e3o Federal de 1988 e regulamentado pela Consolida\u00e7\u00e3o das Leis do Trabalho (CLT), o sal\u00e1rio m\u00ednimo \u00e9 um dos pilares para evitar a explora\u00e7\u00e3o no mercado de trabalho.<\/p>\n\n\n\n<p>Al\u00e9m disso, o sal\u00e1rio m\u00ednimo serve de base para o c\u00e1lculo de diversos benef\u00edcios, como aposentadorias, pens\u00f5es e o seguro-desemprego, impactando diretamente a vida de milh\u00f5es de brasileiros.<\/p>\n\n\n\n<p><strong><em>2) Quando surgiu o sal\u00e1rio m\u00ednimo no Brasil?<\/em><\/strong><\/p>\n\n\n\n<p>O sal\u00e1rio m\u00ednimo foi institu\u00eddo no Brasil em 1\u00ba de maio de 1940, durante o governo de Get\u00falio Vargas, como parte de uma s\u00e9rie de medidas de prote\u00e7\u00e3o ao trabalhador.<\/p>\n\n\n\n<p>A cria\u00e7\u00e3o do sal\u00e1rio m\u00ednimo visava garantir que os trabalhadores recebessem uma remunera\u00e7\u00e3o justa, suficiente para atender \u00e0s suas necessidades b\u00e1sicas.<\/p>\n\n\n\n<p>Na \u00e9poca, o pa\u00eds passava por um processo de industrializa\u00e7\u00e3o, e era necess\u00e1rio proteger os trabalhadores da explora\u00e7\u00e3o, estabelecendo um valor m\u00ednimo a ser pago por seus servi\u00e7os.<\/p>\n\n\n\n<p>Com o passar dos anos, o sal\u00e1rio m\u00ednimo passou por diversas atualiza\u00e7\u00f5es e reajustes, sempre com o objetivo de acompanhar a infla\u00e7\u00e3o e as mudan\u00e7as econ\u00f4micas, garantindo que o trabalhador mantenha seu poder de compra.<\/p>\n\n\n\n<p><strong><em>3) Como \u00e9 calculado o sal\u00e1rio m\u00ednimo?<\/em><\/strong><\/p>\n\n\n\n<p>O c\u00e1lculo do sal\u00e1rio m\u00ednimo envolve uma s\u00e9rie de fatores econ\u00f4micos, entre eles a infla\u00e7\u00e3o, medida pelo \u00cdndice Nacional de Pre\u00e7os ao Consumidor (INPC), e o crescimento do Produto Interno Bruto (PIB).<\/p>\n\n\n\n<p>A f\u00f3rmula utilizada pelo governo brasileiro inclui o reajuste com base na infla\u00e7\u00e3o do ano anterior, para evitar que o poder de compra do trabalhador seja corro\u00eddo, al\u00e9m de um ganho real, quando poss\u00edvel, com base no crescimento econ\u00f4mico do pa\u00eds.<\/p>\n\n\n\n<p>Recentemente, o governo brasileiro tem adotado a f\u00f3rmula que inclui a corre\u00e7\u00e3o do sal\u00e1rio m\u00ednimo levando em considera\u00e7\u00e3o a infla\u00e7\u00e3o acumulada e a varia\u00e7\u00e3o do PIB, quando h\u00e1 crescimento.<\/p>\n\n\n\n<p>A proposta de sal\u00e1rio m\u00ednimo para 2025, por exemplo, \u00e9 de R$1.509, levando em conta o aumento previsto pela infla\u00e7\u00e3o e o crescimento econ\u00f4mico registrado.<\/p>\n\n\n\n<p><strong><em>4) Qual o impacto do sal\u00e1rio m\u00ednimo na economia?<\/em><\/strong><\/p>\n\n\n\n<p>O sal\u00e1rio m\u00ednimo tem um impacto significativo na economia brasileira, tanto no \u00e2mbito macroecon\u00f4mico quanto no microecon\u00f4mico.<\/p>\n\n\n\n<p>No \u00e2mbito macroecon\u00f4mico, o aumento do sal\u00e1rio m\u00ednimo tende a aumentar o consumo, uma vez que grande parte da popula\u00e7\u00e3o depende diretamente dessa remunera\u00e7\u00e3o para cobrir suas necessidades b\u00e1sicas.<\/p>\n\n\n\n<p>Isso estimula a economia, especialmente em setores como o com\u00e9rcio e os servi\u00e7os, que veem um aumento na demanda por seus produtos e servi\u00e7os.<\/p>\n\n\n\n<p>No entanto, do ponto de vista das empresas, especialmente pequenas e m\u00e9dias, o aumento do sal\u00e1rio m\u00ednimo pode representar um aumento nos custos operacionais, o que, em alguns casos, pode resultar na redu\u00e7\u00e3o de contrata\u00e7\u00f5es ou at\u00e9 mesmo em demiss\u00f5es.<\/p>\n\n\n\n<p>Al\u00e9m disso, o aumento do sal\u00e1rio m\u00ednimo tamb\u00e9m impacta as contas p\u00fablicas, uma vez que muitos benef\u00edcios, como aposentadorias e pens\u00f5es, s\u00e3o calculados com base nesse valor.<\/p>\n\n\n\n<p><strong><em>5) Quem define o valor do sal\u00e1rio m\u00ednimo?<\/em><\/strong><\/p>\n\n\n\n<p>O valor do sal\u00e1rio m\u00ednimo \u00e9 definido pelo Governo Federal, com base em uma s\u00e9rie de crit\u00e9rios econ\u00f4micos e sociais.<\/p>\n\n\n\n<p>O governo elabora uma proposta de reajuste, levando em considera\u00e7\u00e3o a infla\u00e7\u00e3o do ano anterior e, quando poss\u00edvel, o crescimento do PIB.<\/p>\n\n\n\n<p>Essa proposta \u00e9 enviada ao Congresso Nacional, que analisa e aprova o valor, geralmente por meio de uma Medida Provis\u00f3ria ou projeto de lei.<\/p>\n\n\n\n<p>Nos \u00faltimos anos, o governo tamb\u00e9m tem buscado garantir um aumento real do sal\u00e1rio m\u00ednimo, ou seja, um reajuste que v\u00e1 al\u00e9m da simples reposi\u00e7\u00e3o da infla\u00e7\u00e3o, proporcionando um ganho de poder de compra para os trabalhadores.<\/p>\n\n\n\n<p><strong><em>6) O sal\u00e1rio m\u00ednimo \u00e9 o mesmo em todo o Brasil?<\/em><\/strong><\/p>\n\n\n\n<p>Embora o sal\u00e1rio m\u00ednimo nacional seja estabelecido pelo Governo Federal e seja o valor m\u00ednimo que deve ser pago aos trabalhadores em todo o pa\u00eds, alguns estados adotam sal\u00e1rios m\u00ednimos regionais.<\/p>\n\n\n\n<p>Esses sal\u00e1rios regionais s\u00e3o superiores ao sal\u00e1rio m\u00ednimo nacional e s\u00e3o definidos por leis estaduais.<\/p>\n\n\n\n<p>Exemplos de estados que adotam sal\u00e1rios m\u00ednimos regionais incluem S\u00e3o Paulo, Rio de Janeiro, Santa Catarina e Paran\u00e1.<\/p>\n\n\n\n<p>O sal\u00e1rio m\u00ednimo regional \u00e9 geralmente aplicado a categorias de trabalhadores que n\u00e3o t\u00eam pisos salariais definidos por conven\u00e7\u00f5es coletivas de trabalho.<\/p>\n\n\n\n<p>Portanto, se o trabalhador estiver em um estado com sal\u00e1rio m\u00ednimo regional e n\u00e3o fizer parte de uma categoria com piso salarial espec\u00edfico, ele dever\u00e1 receber o valor estabelecido pelo sal\u00e1rio regional.<\/p>\n\n\n\n<p><strong><em>7) Quais benef\u00edcios s\u00e3o influenciados pelo sal\u00e1rio m\u00ednimo?<\/em><\/strong><\/p>\n\n\n\n<p>Diversos benef\u00edcios sociais e trabalhistas s\u00e3o diretamente influenciados pelo valor do sal\u00e1rio m\u00ednimo. Entre eles est\u00e3o:<\/p>\n\n\n\n<ul class=\"wp-block-list\">\n<li>Aposentadorias e pens\u00f5es: Aposentados que recebem o benef\u00edcio m\u00ednimo t\u00eam seu valor reajustado de acordo com o aumento do sal\u00e1rio m\u00ednimo.<\/li>\n\n\n\n<li>Seguro-desemprego: O valor m\u00ednimo do seguro-desemprego \u00e9 o equivalente ao sal\u00e1rio m\u00ednimo.<\/li>\n\n\n\n<li>Abono salarial: Trabalhadores que ganham at\u00e9 dois sal\u00e1rios m\u00ednimos t\u00eam direito ao abono salarial, pago anualmente.<\/li>\n\n\n\n<li>Benef\u00edcios assistenciais: Benef\u00edcios como o BPC\/LOAS, que garante um sal\u00e1rio m\u00ednimo para idosos e pessoas com defici\u00eancia em situa\u00e7\u00e3o de vulnerabilidade, s\u00e3o reajustados de acordo com o sal\u00e1rio m\u00ednimo.<\/li>\n\n\n\n<li>Al\u00e9m disso, o valor do Fundo de Garantia do Tempo de Servi\u00e7o (FGTS), a contribui\u00e7\u00e3o ao INSS e outros direitos trabalhistas tamb\u00e9m s\u00e3o diretamente influenciados pelo valor do sal\u00e1rio m\u00ednimo.<\/li>\n<\/ul>\n\n\n\n<p><\/p>\n\n\n\n<p><strong><em>8) O sal\u00e1rio m\u00ednimo \u00e9 suficiente para cobrir as necessidades b\u00e1sicas de uma fam\u00edlia?<\/em><\/strong><\/p>\n\n\n\n<p>Apesar de ser um mecanismo de prote\u00e7\u00e3o importante, o valor do sal\u00e1rio m\u00ednimo no Brasil ainda \u00e9 insuficiente para cobrir todas as necessidades b\u00e1sicas de uma fam\u00edlia.<\/p>\n\n\n\n<p>Pesquisas de entidades como o Departamento Intersindical de Estat\u00edstica e Estudos Socioecon\u00f4micos (DIEESE) mostram que, para garantir o sustento de uma fam\u00edlia de quatro pessoas, o sal\u00e1rio m\u00ednimo ideal deveria ser significativamente maior do que o valor atualmente em vigor.<\/p>\n\n\n\n<p>Em setembro de 2023, por exemplo, o DIEESE estimou que o sal\u00e1rio m\u00ednimo necess\u00e1rio para suprir as despesas b\u00e1sicas de uma fam\u00edlia seria de aproximadamente R$6.000, levando em considera\u00e7\u00e3o custos com alimenta\u00e7\u00e3o, moradia, sa\u00fade, educa\u00e7\u00e3o, transporte e lazer.<\/p>\n\n\n\n<p><strong><em>9) O sal\u00e1rio m\u00ednimo \u00e9 reajustado todo ano?<\/em><\/strong><\/p>\n\n\n\n<p>Sim, o sal\u00e1rio m\u00ednimo \u00e9 reajustado anualmente, geralmente no m\u00eas de janeiro. O reajuste leva em considera\u00e7\u00e3o o \u00cdndice Nacional de Pre\u00e7os ao Consumidor (INPC), que mede a infla\u00e7\u00e3o, e o crescimento do Produto Interno Bruto (PIB), quando h\u00e1 crescimento.<\/p>\n\n\n\n<p>O objetivo desse reajuste anual \u00e9 garantir que o trabalhador n\u00e3o perca poder de compra devido \u00e0 infla\u00e7\u00e3o e, sempre que poss\u00edvel, proporcionar um ganho real no sal\u00e1rio, refletindo o crescimento econ\u00f4mico do pa\u00eds.<\/p>\n\n\n\n<p>Ao longo dos anos, o sal\u00e1rio m\u00ednimo passou por diversos ciclos de valoriza\u00e7\u00e3o, com reajustes que, em muitos casos, superaram a infla\u00e7\u00e3o, o que resultou em um aumento real do poder de compra dos trabalhadores.<\/p>\n\n\n\n<p>No entanto, esse processo tamb\u00e9m \u00e9 objeto de debate, especialmente em momentos de crise econ\u00f4mica.<\/p>\n\n\n\n<p><strong><em>10) Como o aumento do sal\u00e1rio m\u00ednimo impacta os trabalhadores informais?<\/em><\/strong><\/p>\n\n\n\n<p>O impacto do aumento do sal\u00e1rio m\u00ednimo para trabalhadores informais pode ser um tanto amb\u00edguo.<\/p>\n\n\n\n<p>Como esses trabalhadores n\u00e3o t\u00eam um contrato formal de trabalho, muitas vezes o aumento do sal\u00e1rio m\u00ednimo n\u00e3o se reflete diretamente em sua remunera\u00e7\u00e3o.<\/p>\n\n\n\n<p>No entanto, o aumento do sal\u00e1rio m\u00ednimo pode gerar uma press\u00e3o indireta para o aumento dos rendimentos no setor informal, uma vez que ele serve como um par\u00e2metro para o mercado de trabalho.<\/p>\n\n\n\n<p>Por outro lado, em alguns casos, o aumento do sal\u00e1rio m\u00ednimo pode dificultar a formaliza\u00e7\u00e3o de trabalhadores, especialmente em pequenas empresas, que podem n\u00e3o ter condi\u00e7\u00f5es de arcar com os custos de contrata\u00e7\u00e3o com base no novo sal\u00e1rio m\u00ednimo. Isso pode fazer com que alguns trabalhadores continuem ou entrem no mercado informal, sem acesso aos direitos trabalhistas garantidos pela CLT.<\/p>\n","protected":false},"excerpt":{"rendered":"<p>Blog do Eloilton Cajuhy O sal\u00e1rio m\u00ednimo \u00e9 uma das ferramentas mais importantes para garantir o poder de compra e os direitos b\u00e1sicos dos trabalhadores no Brasil. Ele serve como uma refer\u00eancia para milh\u00f5es de brasileiros, al\u00e9m de influenciar diretamente benef\u00edcios sociais, como aposentadorias, pens\u00f5es e seguro-desemprego. No entanto, muitas d\u00favidas surgem quando o assunto [&hellip;]<\/p>\n","protected":false},"author":2,"featured_media":72215,"comment_status":"open","ping_status":"open","sticky":false,"template":"","format":"standard","meta":{"_acf_changed":false,"_monsterinsights_skip_tracking":false,"_monsterinsights_sitenote_active":false,"_monsterinsights_sitenote_note":"","_monsterinsights_sitenote_category":0,"_jetpack_memberships_contains_paid_content":false,"footnotes":"","jetpack_publicize_message":"","jetpack_publicize_feature_enabled":true,"jetpack_social_post_already_shared":true,"jetpack_social_options":{"image_generator_settings":{"template":"highway","enabled":false},"version":2}},"categories":[31],"tags":[],"class_list":["post-83778","post","type-post","status-publish","format-standard","has-post-thumbnail","hentry","category-economia"],"acf":[],"jetpack_publicize_connections":[],"jetpack_featured_media_url":"https:\/\/i0.wp.com\/blogdoeloiltoncajuhy.com.br\/site\/wp-content\/uploads\/2023\/02\/Dinheiro-salario-economia-Foto_Thomson-Reuters.jpg?fit=768%2C512&ssl=1","jetpack_sharing_enabled":true,"publishpress_future_workflow_manual_trigger":{"enabledWorkflows":[]},"_links":{"self":[{"href":"https:\/\/blogdoeloiltoncajuhy.com.br\/site\/wp-json\/wp\/v2\/posts\/83778","targetHints":{"allow":["GET"]}}],"collection":[{"href":"https:\/\/blogdoeloiltoncajuhy.com.br\/site\/wp-json\/wp\/v2\/posts"}],"about":[{"href":"https:\/\/blogdoeloiltoncajuhy.com.br\/site\/wp-json\/wp\/v2\/types\/post"}],"author":[{"embeddable":true,"href":"https:\/\/blogdoeloiltoncajuhy.com.br\/site\/wp-json\/wp\/v2\/users\/2"}],"replies":[{"embeddable":true,"href":"https:\/\/blogdoeloiltoncajuhy.com.br\/site\/wp-json\/wp\/v2\/comments?post=83778"}],"version-history":[{"count":2,"href":"https:\/\/blogdoeloiltoncajuhy.com.br\/site\/wp-json\/wp\/v2\/posts\/83778\/revisions"}],"predecessor-version":[{"id":83780,"href":"https:\/\/blogdoeloiltoncajuhy.com.br\/site\/wp-json\/wp\/v2\/posts\/83778\/revisions\/83780"}],"wp:featuredmedia":[{"embeddable":true,"href":"https:\/\/blogdoeloiltoncajuhy.com.br\/site\/wp-json\/wp\/v2\/media\/72215"}],"wp:attachment":[{"href":"https:\/\/blogdoeloiltoncajuhy.com.br\/site\/wp-json\/wp\/v2\/media?parent=83778"}],"wp:term":[{"taxonomy":"category","embeddable":true,"href":"https:\/\/blogdoeloiltoncajuhy.com.br\/site\/wp-json\/wp\/v2\/categories?post=83778"},{"taxonomy":"post_tag","embeddable":true,"href":"https:\/\/blogdoeloiltoncajuhy.com.br\/site\/wp-json\/wp\/v2\/tags?post=83778"}],"curies":[{"name":"wp","href":"https:\/\/api.w.org\/{rel}","templated":true}]}}