{"id":83764,"date":"2024-10-22T08:40:34","date_gmt":"2024-10-22T11:40:34","guid":{"rendered":"https:\/\/blogdoeloiltoncajuhy.com.br\/site\/?p=83764"},"modified":"2024-10-22T08:41:28","modified_gmt":"2024-10-22T11:41:28","slug":"comissao-do-senado-debate-divulgacao-de-crimes-em-escolas","status":"publish","type":"post","link":"https:\/\/blogdoeloiltoncajuhy.com.br\/site\/comissao-do-senado-debate-divulgacao-de-crimes-em-escolas\/","title":{"rendered":"Comiss\u00e3o do Senado debate divulga\u00e7\u00e3o de crimes em escolas"},"content":{"rendered":"\n<p class=\"has-medium-font-size\"><strong>A proposta tem o objetivo de evitar a espetaculariza\u00e7\u00e3o de massacres e a publicidade dos autores desses crimes<\/strong><\/p>\n\n\n\n<p><strong>Blog do Eloilton Cajuhy<\/strong><\/p>\n\n\n\n<figure class=\"wp-block-image aligncenter size-full\"><a href=\"https:\/\/i0.wp.com\/blogdoeloiltoncajuhy.com.br\/site\/wp-content\/uploads\/2024\/10\/Debate-Senado_Foto-Roque-de-Sa-Agencia-Senado.jpeg?ssl=1\"><img data-recalc-dims=\"1\" fetchpriority=\"high\" decoding=\"async\" width=\"675\" height=\"450\" src=\"https:\/\/i0.wp.com\/blogdoeloiltoncajuhy.com.br\/site\/wp-content\/uploads\/2024\/10\/Debate-Senado_Foto-Roque-de-Sa-Agencia-Senado.jpeg?resize=675%2C450&#038;ssl=1\" alt=\"\" class=\"wp-image-83765\" srcset=\"https:\/\/i0.wp.com\/blogdoeloiltoncajuhy.com.br\/site\/wp-content\/uploads\/2024\/10\/Debate-Senado_Foto-Roque-de-Sa-Agencia-Senado.jpeg?w=675&amp;ssl=1 675w, https:\/\/i0.wp.com\/blogdoeloiltoncajuhy.com.br\/site\/wp-content\/uploads\/2024\/10\/Debate-Senado_Foto-Roque-de-Sa-Agencia-Senado.jpeg?resize=300%2C200&amp;ssl=1 300w\" sizes=\"(max-width: 675px) 100vw, 675px\" \/><\/a><figcaption class=\"wp-element-caption\"><sub>Foto: Roque de S\u00e1\/Ag\u00eancia Senado<\/sub><\/figcaption><\/figure>\n\n\n\n<p>Em audi\u00eancia p\u00fablica, a Comiss\u00e3o de Comunica\u00e7\u00e3o e Direito Digital do Senado discutiu a proposta de regulamenta\u00e7\u00e3o da divulga\u00e7\u00e3o de crimes em escolas. O representante do Google, Marcelo Lacerda, afirmou que a empresa tem pol\u00edticas internas r\u00edgidas para evitar a espetaculariza\u00e7\u00e3o de massacres cometidos nos estabelecimentos de ensino. Somente no primeiro semestre deste ano, a empresa removeu um milh\u00e3o e seiscentos mil v\u00eddeos que violaram as normas. Roberta Jacarand\u00e1, da Associa\u00e7\u00e3o pela Internet Livre, Segura e Respons\u00e1vel, afirmou que a autorregulamenta\u00e7\u00e3o e um pacto entre os setores envolvidos t\u00eam se mostrado mais eficiente do que apenas mudan\u00e7as na legisla\u00e7\u00e3o.<\/p>\n\n\n\n<p>&#8220;A solu\u00e7\u00e3o mais eficaz para lidar com a viol\u00eancia escolar e a dissemina\u00e7\u00e3o de seus impactos nas m\u00eddias envolve uma combina\u00e7\u00e3o de protocolos preventivos, responsabiliza\u00e7\u00e3o bem calibrada e uma abordagem educativa&#8221;.<\/p>\n\n\n\n<p>Mas Samir Nobre, da Associa\u00e7\u00e3o Brasileira de R\u00e1dio e Televis\u00e3o, contestou o Google, dono do Youtube. Ele defendeu que, enquanto nas emissoras tradicionais as not\u00edcias passam pelo crivo de profissionais da imprensa, na internet n\u00e3o h\u00e1 esse cuidado e o vale-tudo pelos cliques continua. Samir fez uma busca no celular por \u201cbriga nas escolas\u201d e apresentou os resultados.<\/p>\n\n\n\n<p>&#8220;Briga em escola Est\u00e9lio Machado, 413 mil visualiza\u00e7\u00f5es, conte\u00fado desse postado h\u00e1 dois anos. Ou seja, h\u00e1 dois anos esse conte\u00fado est\u00e1 na plataforma. Briga das meninas na escola, 900 mil visualiza\u00e7\u00f5es. H\u00e1 um ano esse conte\u00fado est\u00e1 postado na rede social, aqui no YouTube. Briga na porta da escola, 386 visualiza\u00e7\u00f5es, postado h\u00e1 dois anos. Minha amiga brigando na porta da escola por causa de macho. 1.2 milh\u00f5es de visualiza\u00e7\u00f5es postado h\u00e1 mais de seis anos&#8221;.<\/p>\n\n\n\n<ul class=\"wp-block-list\">\n<li><a href=\"https:\/\/whatsapp.com\/channel\/0029VaAT7tDLI8Yfj5y9Z50Z\"><strong><mark style=\"background-color:rgba(0, 0, 0, 0)\" class=\"has-inline-color has-vivid-red-color\">Siga nosso canal no WhatsApp e veja mais not\u00edcias<\/mark><\/strong><\/a><\/li>\n<\/ul>\n\n\n\n<p><\/p>\n\n\n\n<p>O relator do projeto de lei, senador Hamilton Mour\u00e3o, do Republicanos do Rio Grande do Sul, disse que o tema \u00e9 da maior import\u00e2ncia.<\/p>\n\n\n\n<p>&#8220;Pesquisas indicam que a cobertura midi\u00e1tica de crimes violentos em escolas pode ter um efeito de cont\u00e1gio, aumentando a incid\u00eancia de ataques similares. Um estudo publicado na revista American Behavioral Scientist aponta que cerca de 20% dos casos de viol\u00eancia em escolas s\u00e3o influenciados por coberturas anteriores na m\u00eddia, o que evidencia a necessidade de uma regulamenta\u00e7\u00e3o cuidadosa e equilibrada, que assegure a liberdade da imprensa, mas que tamb\u00e9m proteja a sociedade dos efeitos nocivos que a exposi\u00e7\u00e3o excessiva e sensacionalista desses casos pode causar&#8221;.<\/p>\n\n\n\n<p>O projeto de lei que regulamenta a divulga\u00e7\u00e3o de informa\u00e7\u00f5es sobre crimes nas escolas \u00e9 do senador Marcos do Val, do Podemos do Esp\u00edrito Santo.<\/p>\n","protected":false},"excerpt":{"rendered":"<p>A proposta tem o objetivo de evitar a espetaculariza\u00e7\u00e3o de massacres e a publicidade dos autores desses crimes Blog do Eloilton Cajuhy Em audi\u00eancia p\u00fablica, a Comiss\u00e3o de Comunica\u00e7\u00e3o e Direito Digital do Senado discutiu a proposta de regulamenta\u00e7\u00e3o da divulga\u00e7\u00e3o de crimes em escolas. O representante do Google, Marcelo Lacerda, afirmou que a empresa [&hellip;]<\/p>\n","protected":false},"author":2,"featured_media":83765,"comment_status":"open","ping_status":"open","sticky":false,"template":"","format":"standard","meta":{"_acf_changed":false,"_monsterinsights_skip_tracking":false,"_monsterinsights_sitenote_active":false,"_monsterinsights_sitenote_note":"","_monsterinsights_sitenote_category":0,"_jetpack_memberships_contains_paid_content":false,"footnotes":"","jetpack_publicize_message":"","jetpack_publicize_feature_enabled":true,"jetpack_social_post_already_shared":false,"jetpack_social_options":{"image_generator_settings":{"template":"highway","enabled":false},"version":2}},"categories":[3],"tags":[],"class_list":["post-83764","post","type-post","status-publish","format-standard","has-post-thumbnail","hentry","category-politica"],"acf":[],"jetpack_publicize_connections":[],"jetpack_featured_media_url":"https:\/\/i0.wp.com\/blogdoeloiltoncajuhy.com.br\/site\/wp-content\/uploads\/2024\/10\/Debate-Senado_Foto-Roque-de-Sa-Agencia-Senado.jpeg?fit=675%2C450&ssl=1","jetpack_sharing_enabled":true,"publishpress_future_workflow_manual_trigger":{"enabledWorkflows":[]},"_links":{"self":[{"href":"https:\/\/blogdoeloiltoncajuhy.com.br\/site\/wp-json\/wp\/v2\/posts\/83764","targetHints":{"allow":["GET"]}}],"collection":[{"href":"https:\/\/blogdoeloiltoncajuhy.com.br\/site\/wp-json\/wp\/v2\/posts"}],"about":[{"href":"https:\/\/blogdoeloiltoncajuhy.com.br\/site\/wp-json\/wp\/v2\/types\/post"}],"author":[{"embeddable":true,"href":"https:\/\/blogdoeloiltoncajuhy.com.br\/site\/wp-json\/wp\/v2\/users\/2"}],"replies":[{"embeddable":true,"href":"https:\/\/blogdoeloiltoncajuhy.com.br\/site\/wp-json\/wp\/v2\/comments?post=83764"}],"version-history":[{"count":2,"href":"https:\/\/blogdoeloiltoncajuhy.com.br\/site\/wp-json\/wp\/v2\/posts\/83764\/revisions"}],"predecessor-version":[{"id":83767,"href":"https:\/\/blogdoeloiltoncajuhy.com.br\/site\/wp-json\/wp\/v2\/posts\/83764\/revisions\/83767"}],"wp:featuredmedia":[{"embeddable":true,"href":"https:\/\/blogdoeloiltoncajuhy.com.br\/site\/wp-json\/wp\/v2\/media\/83765"}],"wp:attachment":[{"href":"https:\/\/blogdoeloiltoncajuhy.com.br\/site\/wp-json\/wp\/v2\/media?parent=83764"}],"wp:term":[{"taxonomy":"category","embeddable":true,"href":"https:\/\/blogdoeloiltoncajuhy.com.br\/site\/wp-json\/wp\/v2\/categories?post=83764"},{"taxonomy":"post_tag","embeddable":true,"href":"https:\/\/blogdoeloiltoncajuhy.com.br\/site\/wp-json\/wp\/v2\/tags?post=83764"}],"curies":[{"name":"wp","href":"https:\/\/api.w.org\/{rel}","templated":true}]}}