{"id":83760,"date":"2024-10-22T08:12:43","date_gmt":"2024-10-22T11:12:43","guid":{"rendered":"https:\/\/blogdoeloiltoncajuhy.com.br\/site\/?p=83760"},"modified":"2024-10-22T08:13:35","modified_gmt":"2024-10-22T11:13:35","slug":"rede-varejista-abre-400-vagas-temporarias-de-empregos-para-bonfim-e-outras-cidades-da-bahia","status":"publish","type":"post","link":"https:\/\/blogdoeloiltoncajuhy.com.br\/site\/rede-varejista-abre-400-vagas-temporarias-de-empregos-para-bonfim-e-outras-cidades-da-bahia\/","title":{"rendered":"Rede varejista abre 400 vagas tempor\u00e1rias de empregos para Bonfim e outras cidades da Bahia"},"content":{"rendered":"\n<p class=\"has-medium-font-size\"><strong>Iniciativa visa atender o movimento da Black Friday e do Natal. Veja cargos e cidades com oportunidades dispon\u00edveis<\/strong><\/p>\n\n\n\n<p><strong>Blog do Eloilton Cajuhy<\/strong><\/p>\n\n\n\n<figure class=\"wp-block-image aligncenter size-full is-resized\"><a href=\"https:\/\/i0.wp.com\/blogdoeloiltoncajuhy.com.br\/site\/wp-content\/uploads\/2024\/10\/Lojas-Americanas-Senhor-do-Bonfim.jpg?ssl=1\"><img data-recalc-dims=\"1\" fetchpriority=\"high\" decoding=\"async\" width=\"500\" height=\"375\" src=\"https:\/\/i0.wp.com\/blogdoeloiltoncajuhy.com.br\/site\/wp-content\/uploads\/2024\/10\/Lojas-Americanas-Senhor-do-Bonfim.jpg?resize=500%2C375&#038;ssl=1\" alt=\"\" class=\"wp-image-83761\" style=\"width:652px;height:auto\" srcset=\"https:\/\/i0.wp.com\/blogdoeloiltoncajuhy.com.br\/site\/wp-content\/uploads\/2024\/10\/Lojas-Americanas-Senhor-do-Bonfim.jpg?w=500&amp;ssl=1 500w, https:\/\/i0.wp.com\/blogdoeloiltoncajuhy.com.br\/site\/wp-content\/uploads\/2024\/10\/Lojas-Americanas-Senhor-do-Bonfim.jpg?resize=300%2C225&amp;ssl=1 300w\" sizes=\"(max-width: 500px) 100vw, 500px\" \/><\/a><figcaption class=\"wp-element-caption\"><sub>Lojas Americanas Senhor do Bonfim<\/sub><\/figcaption><\/figure>\n\n\n\n<p>A rede varejista Americanas est\u00e1 com 400 vagas tempor\u00e1rias de trabalho dispon\u00edveis na Bahia. A iniciativa visa atender o movimento do fim do ano, com as vendas da Black Friday e Natal. As oportunidades abrangem diversas \u00e1reas e n\u00e3o exigem experi\u00eancia.<\/p>\n\n\n\n<p>A empresa busca pessoas proativas e din\u00e2micas, com idade a partir de 18 anos e ensino m\u00e9dio completo.<\/p>\n\n\n\n<ul class=\"wp-block-list\">\n<li><a href=\"https:\/\/whatsapp.com\/channel\/0029VaAT7tDLI8Yfj5y9Z50Z\"><strong><mark style=\"background-color:rgba(0, 0, 0, 0)\" class=\"has-inline-color has-vivid-red-color\">Siga nosso canal no WhatsApp e veja mais not\u00edcias<\/mark><\/strong><\/a><\/li>\n<\/ul>\n\n\n\n<p><\/p>\n\n\n\n<p>Os contratados v\u00e3o atuar em lojas e centros de distribui\u00e7\u00e3o na capital e no interior do estado. <strong><em>[Confira lista abaixo]<\/em><\/strong><\/p>\n\n\n\n<p>Interessados que desejam trabalhar nas lojas podem se inscrever <a href=\"https:\/\/americanas-sa.pandape.infojobs.com.br\/Detail\/1401421\"><strong><mark style=\"background-color:rgba(0, 0, 0, 0)\" class=\"has-inline-color has-vivid-cyan-blue-color\">nesta plataforma<\/mark><\/strong><\/a> e para os centros, \u00e9 preciso acessar <a href=\"https:\/\/americanas-logistica.pandape.infojobs.com.br\/\"><strong><mark style=\"background-color:rgba(0, 0, 0, 0)\" class=\"has-inline-color has-vivid-cyan-blue-color\">este site<\/mark><\/strong><\/a>.<\/p>\n\n\n\n<p class=\"has-black-color has-text-color has-link-color wp-elements-06919019d53c9210046f986e9d414e41\"><strong>As oportunidades s\u00e3o para os cargos de:<\/strong><\/p>\n\n\n\n<ul class=\"wp-block-list\">\n<li>operador log\u00edstico<\/li>\n\n\n\n<li>operador de empilhadeira<\/li>\n\n\n\n<li>auxiliar de log\u00edstica<\/li>\n\n\n\n<li>operador de loja<\/li>\n<\/ul>\n\n\n\n<p><\/p>\n\n\n\n<p class=\"has-black-color has-text-color has-link-color wp-elements-e25d0af2e7db0a6f771b75835d4e2f33\"><strong>As vagas est\u00e3o dispon\u00edveis nas seguintes cidades:<\/strong><\/p>\n\n\n\n<ul class=\"wp-block-list\">\n<li>Salvador<\/li>\n\n\n\n<li>Lauro de Freitas<\/li>\n\n\n\n<li>Candeias<\/li>\n\n\n\n<li>Feira de Santana<\/li>\n\n\n\n<li>Vit\u00f3ria da Conquista<\/li>\n\n\n\n<li>Itabuna<\/li>\n\n\n\n<li>Ilh\u00e9us<\/li>\n\n\n\n<li>Juazeiro<\/li>\n\n\n\n<li>Barreiras<\/li>\n\n\n\n<li>Lu\u00eds Eduardo Magalh\u00e3es,<\/li>\n\n\n\n<li><strong><mark style=\"background-color:rgba(0, 0, 0, 0)\" class=\"has-inline-color has-black-color\">Senhor do Bonfim<\/mark><\/strong><\/li>\n\n\n\n<li>Irec\u00ea<\/li>\n\n\n\n<li>Jacobina<\/li>\n\n\n\n<li>Itaberaba<\/li>\n\n\n\n<li>Santo Amaro<\/li>\n\n\n\n<li>Seabra<\/li>\n\n\n\n<li>Ipir\u00e1<\/li>\n\n\n\n<li>Ibotirama<\/li>\n\n\n\n<li>Bom Jesus da Lapa<\/li>\n\n\n\n<li>Campo Formoso<\/li>\n\n\n\n<li>Cachoeira<\/li>\n\n\n\n<li>Valen\u00e7a<\/li>\n\n\n\n<li>Santo Ant\u00f4nio de Jesus<\/li>\n\n\n\n<li>Teixeira de Freitas<\/li>\n\n\n\n<li>Eun\u00e1polis, Jequi\u00e9<\/li>\n\n\n\n<li>Itamaraju<\/li>\n\n\n\n<li>Cruz das Almas<\/li>\n\n\n\n<li>Brumado<\/li>\n\n\n\n<li>Jaguaquara<\/li>\n\n\n\n<li>Porto Seguro<\/li>\n\n\n\n<li>Ipia\u00fa<\/li>\n\n\n\n<li>Livramento Nossa Senhora<\/li>\n\n\n\n<li>Gandu<\/li>\n\n\n\n<li>Alagoinhas<\/li>\n\n\n\n<li>Concei\u00e7\u00e3o do Coit\u00e9<\/li>\n\n\n\n<li>Serrinha<\/li>\n\n\n\n<li>Santo Estev\u00e3o<\/li>\n\n\n\n<li>Catu<\/li>\n\n\n\n<li>Itaparica<\/li>\n\n\n\n<li>Nova Pojuca<\/li>\n\n\n\n<li>Concei\u00e7\u00e3o do Jacu\u00edpe<\/li>\n\n\n\n<li>Sim\u00f5es Filho<\/li>\n\n\n\n<li>Cama\u00e7ari<\/li>\n\n\n\n<li>Paulo Afonso<\/li>\n\n\n\n<li>Ribeira do Pombal<\/li>\n\n\n\n<li>Dias D&#8217;\u00e1vila<\/li>\n\n\n\n<li>Euclides da Cunha<\/li>\n<\/ul>\n\n\n\n<p><\/p>\n\n\n\n<p>O processo seletivo acontecer\u00e1 de forma online e presencial. Al\u00e9m de sal\u00e1rio, os contratados ter\u00e3o direito a benef\u00edcios como vale refei\u00e7\u00e3o ou refei\u00e7\u00e3o no local, vale-transporte, seguro de vida, e acesso ao Americanas Educa &#8211; plataforma de educa\u00e7\u00e3o da empresa.<\/p>\n","protected":false},"excerpt":{"rendered":"<p>Iniciativa visa atender o movimento da Black Friday e do Natal. Veja cargos e cidades com oportunidades dispon\u00edveis Blog do Eloilton Cajuhy A rede varejista Americanas est\u00e1 com 400 vagas tempor\u00e1rias de trabalho dispon\u00edveis na Bahia. A iniciativa visa atender o movimento do fim do ano, com as vendas da Black Friday e Natal. As [&hellip;]<\/p>\n","protected":false},"author":2,"featured_media":83761,"comment_status":"open","ping_status":"open","sticky":false,"template":"","format":"standard","meta":{"_acf_changed":false,"_monsterinsights_skip_tracking":false,"_monsterinsights_sitenote_active":false,"_monsterinsights_sitenote_note":"","_monsterinsights_sitenote_category":0,"_jetpack_memberships_contains_paid_content":false,"footnotes":"","jetpack_publicize_message":"","jetpack_publicize_feature_enabled":true,"jetpack_social_post_already_shared":false,"jetpack_social_options":{"image_generator_settings":{"template":"highway","enabled":false},"version":2}},"categories":[32],"tags":[],"class_list":["post-83760","post","type-post","status-publish","format-standard","has-post-thumbnail","hentry","category-emprego"],"acf":[],"jetpack_publicize_connections":[],"jetpack_featured_media_url":"https:\/\/i0.wp.com\/blogdoeloiltoncajuhy.com.br\/site\/wp-content\/uploads\/2024\/10\/Lojas-Americanas-Senhor-do-Bonfim.jpg?fit=500%2C375&ssl=1","jetpack_sharing_enabled":true,"publishpress_future_workflow_manual_trigger":{"enabledWorkflows":[]},"_links":{"self":[{"href":"https:\/\/blogdoeloiltoncajuhy.com.br\/site\/wp-json\/wp\/v2\/posts\/83760","targetHints":{"allow":["GET"]}}],"collection":[{"href":"https:\/\/blogdoeloiltoncajuhy.com.br\/site\/wp-json\/wp\/v2\/posts"}],"about":[{"href":"https:\/\/blogdoeloiltoncajuhy.com.br\/site\/wp-json\/wp\/v2\/types\/post"}],"author":[{"embeddable":true,"href":"https:\/\/blogdoeloiltoncajuhy.com.br\/site\/wp-json\/wp\/v2\/users\/2"}],"replies":[{"embeddable":true,"href":"https:\/\/blogdoeloiltoncajuhy.com.br\/site\/wp-json\/wp\/v2\/comments?post=83760"}],"version-history":[{"count":2,"href":"https:\/\/blogdoeloiltoncajuhy.com.br\/site\/wp-json\/wp\/v2\/posts\/83760\/revisions"}],"predecessor-version":[{"id":83763,"href":"https:\/\/blogdoeloiltoncajuhy.com.br\/site\/wp-json\/wp\/v2\/posts\/83760\/revisions\/83763"}],"wp:featuredmedia":[{"embeddable":true,"href":"https:\/\/blogdoeloiltoncajuhy.com.br\/site\/wp-json\/wp\/v2\/media\/83761"}],"wp:attachment":[{"href":"https:\/\/blogdoeloiltoncajuhy.com.br\/site\/wp-json\/wp\/v2\/media?parent=83760"}],"wp:term":[{"taxonomy":"category","embeddable":true,"href":"https:\/\/blogdoeloiltoncajuhy.com.br\/site\/wp-json\/wp\/v2\/categories?post=83760"},{"taxonomy":"post_tag","embeddable":true,"href":"https:\/\/blogdoeloiltoncajuhy.com.br\/site\/wp-json\/wp\/v2\/tags?post=83760"}],"curies":[{"name":"wp","href":"https:\/\/api.w.org\/{rel}","templated":true}]}}