{"id":83710,"date":"2024-10-19T09:45:58","date_gmt":"2024-10-19T12:45:58","guid":{"rendered":"https:\/\/blogdoeloiltoncajuhy.com.br\/site\/?p=83710"},"modified":"2024-10-19T09:45:59","modified_gmt":"2024-10-19T12:45:59","slug":"policia-investiga-origem-da-arma-utilizada-em-ataque-de-heliopolis","status":"publish","type":"post","link":"https:\/\/blogdoeloiltoncajuhy.com.br\/site\/policia-investiga-origem-da-arma-utilizada-em-ataque-de-heliopolis\/","title":{"rendered":"Pol\u00edcia investiga origem da arma utilizada em ataque de Heli\u00f3polis"},"content":{"rendered":"\n<p class=\"has-medium-font-size\"><strong>Trag\u00e9dia com quatro v\u00edtimas fatais aconteceu em um povoado da zona rural do munic\u00edpio<\/strong><\/p>\n\n\n\n<p><strong>Blog do Eloilton Cajuhy<\/strong><\/p>\n\n\n\n<figure class=\"wp-block-image aligncenter size-full\"><a href=\"https:\/\/i0.wp.com\/blogdoeloiltoncajuhy.com.br\/site\/wp-content\/uploads\/2024\/10\/Tragedia-em-Heliopolis_Colegio_Divulgacao.jpeg?ssl=1\"><img data-recalc-dims=\"1\" fetchpriority=\"high\" decoding=\"async\" width=\"760\" height=\"507\" src=\"https:\/\/i0.wp.com\/blogdoeloiltoncajuhy.com.br\/site\/wp-content\/uploads\/2024\/10\/Tragedia-em-Heliopolis_Colegio_Divulgacao.jpeg?resize=760%2C507&#038;ssl=1\" alt=\"\" class=\"wp-image-83712\" srcset=\"https:\/\/i0.wp.com\/blogdoeloiltoncajuhy.com.br\/site\/wp-content\/uploads\/2024\/10\/Tragedia-em-Heliopolis_Colegio_Divulgacao.jpeg?w=760&amp;ssl=1 760w, https:\/\/i0.wp.com\/blogdoeloiltoncajuhy.com.br\/site\/wp-content\/uploads\/2024\/10\/Tragedia-em-Heliopolis_Colegio_Divulgacao.jpeg?resize=300%2C200&amp;ssl=1 300w\" sizes=\"(max-width: 760px) 100vw, 760px\" \/><\/a><figcaption class=\"wp-element-caption\"><sub>Escola onde aconteceu a trag\u00e9dia &#8211; Foto: Divulga\u00e7\u00e3o<\/sub><\/figcaption><\/figure>\n\n\n\n<p>As For\u00e7as da Seguran\u00e7a investigam a origem da arma utilizada em ataque no Col\u00e9gio Municipal Dom Pedro I, ocorrido na tarde de sexta-feira, 18. Trag\u00e9dia com quatro v\u00edtimas fatais aconteceu em um povoado da zona rural do munic\u00edpio de Heli\u00f3polis.<\/p>\n\n\n\n<p>Um adolescente de 14 anos, aluno da institui\u00e7\u00e3o de ensino, usou um rev\u00f3lver calibre 38 para atingir tr\u00eas colegas. Em seguida ele efetuou disparo contra o pr\u00f3prio corpo.<\/p>\n\n\n\n<p>A arma utilizada foi recolhida pelo Departamento de Pol\u00edcia T\u00e9cnica (DPT), durante procedimentos no local do crime. O rev\u00f3lver, muni\u00e7\u00f5es, entre outros itens localizados passar\u00e3o por per\u00edcia.<\/p>\n\n\n\n<figure class=\"wp-block-image aligncenter size-full\"><a href=\"https:\/\/i0.wp.com\/blogdoeloiltoncajuhy.com.br\/site\/wp-content\/uploads\/2024\/10\/Tragedia-em-Heliopolis_reproducao-redes-sociais.jpeg?ssl=1\"><img data-recalc-dims=\"1\" decoding=\"async\" width=\"760\" height=\"570\" src=\"https:\/\/i0.wp.com\/blogdoeloiltoncajuhy.com.br\/site\/wp-content\/uploads\/2024\/10\/Tragedia-em-Heliopolis_reproducao-redes-sociais.jpeg?resize=760%2C570&#038;ssl=1\" alt=\"\" class=\"wp-image-83711\" srcset=\"https:\/\/i0.wp.com\/blogdoeloiltoncajuhy.com.br\/site\/wp-content\/uploads\/2024\/10\/Tragedia-em-Heliopolis_reproducao-redes-sociais.jpeg?w=760&amp;ssl=1 760w, https:\/\/i0.wp.com\/blogdoeloiltoncajuhy.com.br\/site\/wp-content\/uploads\/2024\/10\/Tragedia-em-Heliopolis_reproducao-redes-sociais.jpeg?resize=300%2C225&amp;ssl=1 300w\" sizes=\"(max-width: 760px) 100vw, 760px\" \/><\/a><figcaption class=\"wp-element-caption\"><sub>Foto: Reprodu\u00e7\u00e3o \/ Redes Sociais<\/sub><\/figcaption><\/figure>\n\n\n\n<p>O caso segue sendo investigado, com oitivas e dilig\u00eancias em andamento.<\/p>\n\n\n\n<ul class=\"wp-block-list\">\n<li><a href=\"https:\/\/whatsapp.com\/channel\/0029VaAT7tDLI8Yfj5y9Z50Z\"><strong><mark style=\"background-color:rgba(0, 0, 0, 0)\" class=\"has-inline-color has-vivid-red-color\">Siga nosso canal no WhatsApp e veja mais not\u00edcias<\/mark><\/strong><\/a><\/li>\n<\/ul>\n\n\n\n<p><\/p>\n\n\n\n<p>Os adolescentes que morreram durante o ataque tinham entre 14 e 15 anos. As v\u00edtimas foram identificadas como <strong><mark style=\"background-color:rgba(0, 0, 0, 0)\" class=\"has-inline-color has-black-color\">Adriele Vit\u00f3ria Silva Ferreira<\/mark><\/strong>, <strong><mark style=\"background-color:rgba(0, 0, 0, 0)\" class=\"has-inline-color has-black-color\">Fernanda Sousa Gama<\/mark><\/strong>, <strong><mark style=\"background-color:rgba(0, 0, 0, 0)\" class=\"has-inline-color has-black-color\">Jonathan Gama dos Santos<\/mark><\/strong>, todas com 15 anos de idade. J\u00e1 o adolescente, autor dos disparos e tamb\u00e9m do suic\u00eddio, foi identificado como <strong><mark style=\"background-color:rgba(0, 0, 0, 0)\" class=\"has-inline-color has-black-color\">Samuel Santana Andrade<\/mark><\/strong>, de 14 anos.<\/p>\n","protected":false},"excerpt":{"rendered":"<p>Trag\u00e9dia com quatro v\u00edtimas fatais aconteceu em um povoado da zona rural do munic\u00edpio Blog do Eloilton Cajuhy As For\u00e7as da Seguran\u00e7a investigam a origem da arma utilizada em ataque no Col\u00e9gio Municipal Dom Pedro I, ocorrido na tarde de sexta-feira, 18. Trag\u00e9dia com quatro v\u00edtimas fatais aconteceu em um povoado da zona rural do [&hellip;]<\/p>\n","protected":false},"author":2,"featured_media":83711,"comment_status":"open","ping_status":"open","sticky":false,"template":"","format":"standard","meta":{"_acf_changed":false,"_monsterinsights_skip_tracking":false,"_monsterinsights_sitenote_active":false,"_monsterinsights_sitenote_note":"","_monsterinsights_sitenote_category":0,"_jetpack_memberships_contains_paid_content":false,"footnotes":"","jetpack_publicize_message":"","jetpack_publicize_feature_enabled":true,"jetpack_social_post_already_shared":false,"jetpack_social_options":{"image_generator_settings":{"template":"highway","enabled":false},"version":2}},"categories":[15],"tags":[],"class_list":["post-83710","post","type-post","status-publish","format-standard","has-post-thumbnail","hentry","category-policia"],"acf":[],"jetpack_publicize_connections":[],"jetpack_featured_media_url":"https:\/\/i0.wp.com\/blogdoeloiltoncajuhy.com.br\/site\/wp-content\/uploads\/2024\/10\/Tragedia-em-Heliopolis_reproducao-redes-sociais.jpeg?fit=760%2C570&ssl=1","jetpack_sharing_enabled":true,"publishpress_future_workflow_manual_trigger":{"enabledWorkflows":[]},"_links":{"self":[{"href":"https:\/\/blogdoeloiltoncajuhy.com.br\/site\/wp-json\/wp\/v2\/posts\/83710","targetHints":{"allow":["GET"]}}],"collection":[{"href":"https:\/\/blogdoeloiltoncajuhy.com.br\/site\/wp-json\/wp\/v2\/posts"}],"about":[{"href":"https:\/\/blogdoeloiltoncajuhy.com.br\/site\/wp-json\/wp\/v2\/types\/post"}],"author":[{"embeddable":true,"href":"https:\/\/blogdoeloiltoncajuhy.com.br\/site\/wp-json\/wp\/v2\/users\/2"}],"replies":[{"embeddable":true,"href":"https:\/\/blogdoeloiltoncajuhy.com.br\/site\/wp-json\/wp\/v2\/comments?post=83710"}],"version-history":[{"count":1,"href":"https:\/\/blogdoeloiltoncajuhy.com.br\/site\/wp-json\/wp\/v2\/posts\/83710\/revisions"}],"predecessor-version":[{"id":83713,"href":"https:\/\/blogdoeloiltoncajuhy.com.br\/site\/wp-json\/wp\/v2\/posts\/83710\/revisions\/83713"}],"wp:featuredmedia":[{"embeddable":true,"href":"https:\/\/blogdoeloiltoncajuhy.com.br\/site\/wp-json\/wp\/v2\/media\/83711"}],"wp:attachment":[{"href":"https:\/\/blogdoeloiltoncajuhy.com.br\/site\/wp-json\/wp\/v2\/media?parent=83710"}],"wp:term":[{"taxonomy":"category","embeddable":true,"href":"https:\/\/blogdoeloiltoncajuhy.com.br\/site\/wp-json\/wp\/v2\/categories?post=83710"},{"taxonomy":"post_tag","embeddable":true,"href":"https:\/\/blogdoeloiltoncajuhy.com.br\/site\/wp-json\/wp\/v2\/tags?post=83710"}],"curies":[{"name":"wp","href":"https:\/\/api.w.org\/{rel}","templated":true}]}}