{"id":83704,"date":"2024-10-19T09:04:44","date_gmt":"2024-10-19T12:04:44","guid":{"rendered":"https:\/\/blogdoeloiltoncajuhy.com.br\/site\/?p=83704"},"modified":"2024-10-19T09:04:45","modified_gmt":"2024-10-19T12:04:45","slug":"antt-aprova-fim-da-concessao-da-viabahia-nas-brs-116-e-324-duas-das-principais-rodovias-federais-que-passam-pelo-estado","status":"publish","type":"post","link":"https:\/\/blogdoeloiltoncajuhy.com.br\/site\/antt-aprova-fim-da-concessao-da-viabahia-nas-brs-116-e-324-duas-das-principais-rodovias-federais-que-passam-pelo-estado\/","title":{"rendered":"ANTT aprova fim da concess\u00e3o da ViaBahia nas BRs 116 e 324, duas das principais rodovias federais que passam pelo estado"},"content":{"rendered":"\n<p class=\"has-medium-font-size\"><strong>Processo ainda segue para a homologa\u00e7\u00e3o no Tribunal de Contas da Uni\u00e3o (TCU)<\/strong><\/p>\n\n\n\n<p><strong>Por g1 BA<\/strong><\/p>\n\n\n\n<figure class=\"wp-block-image aligncenter size-full\"><a href=\"https:\/\/i0.wp.com\/blogdoeloiltoncajuhy.com.br\/site\/wp-content\/uploads\/2024\/09\/Praca-de-pedagio-da-BR-324-%E2%80%94-Foto-Reginaldo-Pereira-Agencia-A-Tarde-AE.jpg\"><img data-recalc-dims=\"1\" fetchpriority=\"high\" decoding=\"async\" width=\"760\" height=\"570\" src=\"https:\/\/i0.wp.com\/blogdoeloiltoncajuhy.com.br\/site\/wp-content\/uploads\/2024\/09\/Praca-de-pedagio-da-BR-324-%E2%80%94-Foto-Reginaldo-Pereira-Agencia-A-Tarde-AE.jpg?resize=760%2C570\" alt=\"\" class=\"wp-image-83098\" srcset=\"https:\/\/i0.wp.com\/blogdoeloiltoncajuhy.com.br\/site\/wp-content\/uploads\/2024\/09\/Praca-de-pedagio-da-BR-324-%E2%80%94-Foto-Reginaldo-Pereira-Agencia-A-Tarde-AE.jpg?w=760&amp;ssl=1 760w, https:\/\/i0.wp.com\/blogdoeloiltoncajuhy.com.br\/site\/wp-content\/uploads\/2024\/09\/Praca-de-pedagio-da-BR-324-%E2%80%94-Foto-Reginaldo-Pereira-Agencia-A-Tarde-AE.jpg?resize=300%2C225&amp;ssl=1 300w\" sizes=\"(max-width: 760px) 100vw, 760px\" \/><\/a><figcaption class=\"wp-element-caption\"><sub>Pra\u00e7a de ped\u00e1gio da BR-324 \u2014 Foto: Reginaldo Pereira\/Ag\u00eancia A Tarde<\/sub><\/figcaption><\/figure>\n\n\n\n<p>A diretoria da Ag\u00eancia Nacional de Transportes Terrestres (ANTT) aprovou, nesta sexta-feira (18), o encerramento do contrato de concess\u00e3o da concession\u00e1ria ViaBahia nas rodovias BRs 116 e 324, duas das tr\u00eas principais rodovias federais que cortam o estado, al\u00e9m das BAs 526 e 52. O processo ainda segue para homologa\u00e7\u00e3o no Tribunal de Contas da Uni\u00e3o (TCU).<\/p>\n\n\n\n<p>Segundo a ANTT, o acordo de encerramento foi aprovado de forma consensual, por meio de um Termo de Autocomposi\u00e7\u00e3o, em uma reuni\u00e3o extraordin\u00e1ria.<\/p>\n\n\n\n<p>Em setembro, o ministro da Casa Civil, Rui Costa, anunciou que o governo federal iria retirar a concess\u00e3o da ViaBahia para administra\u00e7\u00e3o das BRs 116 e 324. O an\u00fancio foi feito em Vit\u00f3ria da Conquista, na regi\u00e3o sudoeste.<\/p>\n\n\n\n<p>A ANTT afirmou, por meio de nota, que o fim da concess\u00e3o aconteceu diante da impossibilidade de um acordo que permitisse a continuidade da ViaBahia por meio da moderniza\u00e7\u00e3o do contrato. Al\u00e9m disso, o \u00f3rg\u00e3o entendeu que a concess\u00e3o seria prejudicial tanto \u00e0 concession\u00e1ria quanto \u00e0 sociedade.<\/p>\n\n\n\n<p>&#8220;A Comiss\u00e3o de Solu\u00e7\u00e3o Consensual endere\u00e7ou o encerramento do contrato por meio do Termo de Autocomposi\u00e7\u00e3o que, em s\u00edntese, apresenta as regras a serem seguidas pelas partes at\u00e9 a devolu\u00e7\u00e3o do trecho ao Departamento Nacional de Infraestrutura de Transportes (DNIT)&#8221;, disse por meio de nota.<\/p>\n\n\n\n<p>Procurada pelo <strong>g1<\/strong>, a assessoria de comunica\u00e7\u00e3o da ViaBahia informou que a concession\u00e1ria n\u00e3o iria se pronunciar com a justificativa de que ainda h\u00e1 necessidade do processo ser homologado pelo Pleno do TCU.<\/p>\n\n\n\n<p>Por meio de nota, o TCU afirmou que n\u00e3o h\u00e1 decis\u00e3o do tribunal ou informa\u00e7\u00f5es p\u00fablicas no momento.<\/p>\n\n\n\n<ul class=\"wp-block-list\">\n<li><a href=\"https:\/\/whatsapp.com\/channel\/0029VaAT7tDLI8Yfj5y9Z50Z\"><strong><mark style=\"background-color:rgba(0, 0, 0, 0)\" class=\"has-inline-color has-vivid-red-color\">Siga nosso canal no WhatsApp e veja mais not\u00edcias<\/mark><\/strong><\/a><\/li>\n<\/ul>\n\n\n\n<p><\/p>\n\n\n\n<p>Em setembro deste ano, o ministro da Casa Civil, Rui Costa, anunciou que o governo federal iria retirar a concess\u00e3o da ViaBahia para administra\u00e7\u00e3o das BRs 116 e 324, durante um evento de campanha eleitoral em Vit\u00f3ria da Conquista, na regi\u00e3o sudoeste.<\/p>\n\n\n\n<p>Na ocasi\u00e3o, Rui Costa disse que, ao assumir o minist\u00e9rio, houve uma revis\u00e3o geral nos contratos feitos pelo governo federal e, no \u00e2mbito dos transportes, foram analisadas as concess\u00f5es de rodovias.<\/p>\n\n\n\n<p>Uma c\u00e2mara de concilia\u00e7\u00e3o de conflitos foi criada para lidar com as queixas contra as empresas e renegociar acordos que estavam sem execu\u00e7\u00e3o plena. Desse modo, foram detectados 16 contratos desta natureza com problemas no pa\u00eds, e o caso da ViaBahia foi classificado como \u201cum dos mais graves\u201d. De acordo com o Minist\u00e9rio, entre as exig\u00eancias que n\u00e3o est\u00e3o sendo cumpridas est\u00e1 a realiza\u00e7\u00e3o de obras, como a recupera\u00e7\u00e3o do pavimento asf\u00e1ltico e ilumina\u00e7\u00e3o da pista.<\/p>\n\n\n\n<p>Conforme Rui, no dia 19 de setembro, foi o fim do prazo dado \u00e0 ViaBahia para entrar em acordo com o governo federal e estabelecer novas datas para o cumprimento das medidas, o que n\u00e3o aconteceu.<\/p>\n\n\n\n<p>\u201cN\u00e3o se chegou a um acordo. N\u00f3s solicitamos, ent\u00e3o, que a ViaBahia sa\u00edsse, deixasse o contrato. Est\u00e1 encaminhada essa sa\u00edda. Ou seja, o governo vai retirar a ViaBahia da concess\u00e3o\u201d, disse o ministro.<br>\u201cSe o TCU entender justo e acertado o encaminhamento para a retirada, a Via Bahia [\u2026] sai em dezembro\u201d, completou.<\/p>\n","protected":false},"excerpt":{"rendered":"<p>Processo ainda segue para a homologa\u00e7\u00e3o no Tribunal de Contas da Uni\u00e3o (TCU) Por g1 BA A diretoria da Ag\u00eancia Nacional de Transportes Terrestres (ANTT) aprovou, nesta sexta-feira (18), o encerramento do contrato de concess\u00e3o da concession\u00e1ria ViaBahia nas rodovias BRs 116 e 324, duas das tr\u00eas principais rodovias federais que cortam o estado, al\u00e9m [&hellip;]<\/p>\n","protected":false},"author":2,"featured_media":83099,"comment_status":"open","ping_status":"open","sticky":false,"template":"","format":"standard","meta":{"_acf_changed":false,"_monsterinsights_skip_tracking":false,"_monsterinsights_sitenote_active":false,"_monsterinsights_sitenote_note":"","_monsterinsights_sitenote_category":0,"_jetpack_memberships_contains_paid_content":false,"footnotes":"","jetpack_publicize_message":"","jetpack_publicize_feature_enabled":true,"jetpack_social_post_already_shared":true,"jetpack_social_options":{"image_generator_settings":{"template":"highway","default_image_id":0,"font":"","enabled":false},"version":2}},"categories":[5],"tags":[],"class_list":["post-83704","post","type-post","status-publish","format-standard","has-post-thumbnail","hentry","category-cotidiano"],"acf":[],"jetpack_publicize_connections":[],"jetpack_featured_media_url":"https:\/\/i0.wp.com\/blogdoeloiltoncajuhy.com.br\/site\/wp-content\/uploads\/2024\/09\/Pedagio-e-cobrado-desde-2010-na-BR-324-%E2%80%94-Foto-Arestides-Baptista-Agencia-A-Tarde-AE.jpg?fit=760%2C570&ssl=1","jetpack_sharing_enabled":true,"publishpress_future_workflow_manual_trigger":{"enabledWorkflows":[]},"_links":{"self":[{"href":"https:\/\/blogdoeloiltoncajuhy.com.br\/site\/wp-json\/wp\/v2\/posts\/83704","targetHints":{"allow":["GET"]}}],"collection":[{"href":"https:\/\/blogdoeloiltoncajuhy.com.br\/site\/wp-json\/wp\/v2\/posts"}],"about":[{"href":"https:\/\/blogdoeloiltoncajuhy.com.br\/site\/wp-json\/wp\/v2\/types\/post"}],"author":[{"embeddable":true,"href":"https:\/\/blogdoeloiltoncajuhy.com.br\/site\/wp-json\/wp\/v2\/users\/2"}],"replies":[{"embeddable":true,"href":"https:\/\/blogdoeloiltoncajuhy.com.br\/site\/wp-json\/wp\/v2\/comments?post=83704"}],"version-history":[{"count":1,"href":"https:\/\/blogdoeloiltoncajuhy.com.br\/site\/wp-json\/wp\/v2\/posts\/83704\/revisions"}],"predecessor-version":[{"id":83705,"href":"https:\/\/blogdoeloiltoncajuhy.com.br\/site\/wp-json\/wp\/v2\/posts\/83704\/revisions\/83705"}],"wp:featuredmedia":[{"embeddable":true,"href":"https:\/\/blogdoeloiltoncajuhy.com.br\/site\/wp-json\/wp\/v2\/media\/83099"}],"wp:attachment":[{"href":"https:\/\/blogdoeloiltoncajuhy.com.br\/site\/wp-json\/wp\/v2\/media?parent=83704"}],"wp:term":[{"taxonomy":"category","embeddable":true,"href":"https:\/\/blogdoeloiltoncajuhy.com.br\/site\/wp-json\/wp\/v2\/categories?post=83704"},{"taxonomy":"post_tag","embeddable":true,"href":"https:\/\/blogdoeloiltoncajuhy.com.br\/site\/wp-json\/wp\/v2\/tags?post=83704"}],"curies":[{"name":"wp","href":"https:\/\/api.w.org\/{rel}","templated":true}]}}