{"id":83577,"date":"2024-10-14T15:08:58","date_gmt":"2024-10-14T18:08:58","guid":{"rendered":"https:\/\/blogdoeloiltoncajuhy.com.br\/site\/?p=83577"},"modified":"2024-10-14T15:09:00","modified_gmt":"2024-10-14T18:09:00","slug":"comissao-de-educacao-do-senado-ouve-escolas-particulares-e-catolicas-sobre-novo-plano-nacional-de-educacao","status":"publish","type":"post","link":"https:\/\/blogdoeloiltoncajuhy.com.br\/site\/comissao-de-educacao-do-senado-ouve-escolas-particulares-e-catolicas-sobre-novo-plano-nacional-de-educacao\/","title":{"rendered":"Comiss\u00e3o de Educa\u00e7\u00e3o do Senado ouve escolas particulares e cat\u00f3licas sobre novo Plano Nacional de Educa\u00e7\u00e3o"},"content":{"rendered":"\n<p class=\"has-medium-font-size\"><strong>O senador Fl\u00e1vio Arns (PSB-PR) defendeu a import\u00e2ncia de o Senado antecipar o debate do novo PNE, que ainda est\u00e1 na C\u00e2mara dos Deputados<\/strong><\/p>\n\n\n\n<p> <strong>Da R\u00e1dio Senado, Cesar Mendes<\/strong><\/p>\n\n\n\n<figure class=\"wp-block-image aligncenter size-full\"><a href=\"https:\/\/i0.wp.com\/blogdoeloiltoncajuhy.com.br\/site\/wp-content\/uploads\/2024\/10\/Comissao-de-educacao-do-senado-Foto-Roque-de-Sa-Agencia-Senado.jpeg?ssl=1\"><img data-recalc-dims=\"1\" fetchpriority=\"high\" decoding=\"async\" width=\"720\" height=\"450\" src=\"https:\/\/i0.wp.com\/blogdoeloiltoncajuhy.com.br\/site\/wp-content\/uploads\/2024\/10\/Comissao-de-educacao-do-senado-Foto-Roque-de-Sa-Agencia-Senado.jpeg?resize=720%2C450&#038;ssl=1\" alt=\"\" class=\"wp-image-83578\" srcset=\"https:\/\/i0.wp.com\/blogdoeloiltoncajuhy.com.br\/site\/wp-content\/uploads\/2024\/10\/Comissao-de-educacao-do-senado-Foto-Roque-de-Sa-Agencia-Senado.jpeg?w=720&amp;ssl=1 720w, https:\/\/i0.wp.com\/blogdoeloiltoncajuhy.com.br\/site\/wp-content\/uploads\/2024\/10\/Comissao-de-educacao-do-senado-Foto-Roque-de-Sa-Agencia-Senado.jpeg?resize=300%2C188&amp;ssl=1 300w\" sizes=\"(max-width: 720px) 100vw, 720px\" \/><\/a><figcaption class=\"wp-element-caption\"><sub>Foto: Roque de S\u00e1\/Ag\u00eancia Senado<\/sub><\/figcaption><\/figure>\n\n\n\n<p>O projeto do novo Plano Nacional de Educa\u00e7\u00e3o &#8211; PNE &#8211; foi encaminhado ao Congresso Nacional pelo Poder Executivo, conforme determina o artigo 214 da Constitui\u00e7\u00e3o e a Lei de Diretrizes e Bases da Educa\u00e7\u00e3o Nacional &#8211; LDB. A proposta, no entanto, est\u00e1 em an\u00e1lise na C\u00e2mara dos Deputados e s\u00f3 depois ser\u00e1 votada no Senado. Mas o senador Fl\u00e1vio Arns, do PSB do Paran\u00e1, defendeu a import\u00e2ncia de antecipar o debate na Comiss\u00e3o de Educa\u00e7\u00e3o.<\/p>\n\n\n\n<p><em>(senador Fl\u00e1vio Arns)<\/em> &#8221;Com essa audi\u00eancia e com as demais, estamos nos antecipando \u00e0 remessa do projeto de lei que, devido a sua import\u00e2ncia, temos que ter bastante tempo para refletirmos sobre o que a educa\u00e7\u00e3o no Brasil precisa enfatizar&#8221;.<\/p>\n\n\n\n<ul class=\"wp-block-list\">\n<li><strong><a href=\"https:\/\/whatsapp.com\/channel\/0029VaAT7tDLI8Yfj5y9Z50Z\" target=\"_blank\" rel=\"noreferrer noopener\"><mark style=\"background-color:rgba(0, 0, 0, 0)\" class=\"has-inline-color has-vivid-red-color\">Siga nosso canal no WhatsApp e veja mais not\u00edcias<\/mark><\/a><\/strong><\/li>\n<\/ul>\n\n\n\n<p><\/p>\n\n\n\n<p>No oitavo debate sobre o novo PNE na Comiss\u00e3o de Educa\u00e7\u00e3o, a representante da Associa\u00e7\u00e3o Nacional de Educa\u00e7\u00e3o Cat\u00f3lica do Brasil, irm\u00e3 Marisa Oliveira de Aquino, disse que a experi\u00eancia do plano anterior revelou uma grande dificuldade em atingir as metas propostas. Ela alertou que sem um esfor\u00e7o do governo e da sociedade, a implementa\u00e7\u00e3o e o monitoramento dos 18 objetivos, da 58 metas e das 252 estrat\u00e9gias v\u00e3o encontrar obst\u00e1culos ainda maiores. Marisa Oliveira criticou a redu\u00e7\u00e3o, no novo plano, dos investimentos em educa\u00e7\u00e3o.<\/p>\n\n\n\n<p><em>(Marisa Oliveira de Aquino)<\/em> &#8221;O plano prop\u00f5e a aloca\u00e7\u00e3o de 7% do produto interno bruto para educa\u00e7\u00e3o, com a possibilidade de aumentar gradualmente; mas \u00e9 uma clara redu\u00e7\u00e3o em rela\u00e7\u00e3o \u00e0 meta anterior, que era de 10% do produto interno bruto&#8221;.<\/p>\n\n\n\n<p>Marcos Raggazzi, da Associa\u00e7\u00e3o Brasileira da Educa\u00e7\u00e3o B\u00e1sica de Livre Iniciativa, alertou que a diversidade de pap\u00e9is dos diversos setores da educa\u00e7\u00e3o \u00e9 fundamental para se alcan\u00e7ar as metas do novo plano. Am\u00e1bile Pacios, da Federa\u00e7\u00e3o Nacional das Escolas Particulares, pediu mais autonomia e garantia de participa\u00e7\u00e3o dessas escolas na elabora\u00e7\u00e3o das estrat\u00e9gias do PNE, porque, segundo ela, falta uma visibilidade do Sistema de Avalia\u00e7\u00e3o da Educa\u00e7\u00e3o B\u00e1sica.<\/p>\n\n\n\n<p><em>(Am\u00e1bile P\u00e1cios)<\/em> &#8221;O SAEB, ele faz uma medida que \u00e9 sensit\u00e1ria no setor p\u00fablico e amostral no setor privado. Ent\u00e3o, a gente como lideran\u00e7a n\u00e3o tem como fazer uma leitura do que a gente est\u00e1 errando, o que a gente pode melhorar, ent\u00e3o a participa\u00e7\u00e3o nessas m\u00e9tricas seria muito, muito interessante a gente estar presente.&#8221;<\/p>\n\n\n\n<p>Arnaldo Cardoso Freire, da Confedera\u00e7\u00e3o Nacional dos Estabelecimentos de Ensino (CONFENEN), criticou o objetivo 7 do plano, que trata da promo\u00e7\u00e3o da educa\u00e7\u00e3o digital para o uso cr\u00edtico, reflexivo e \u00e9tico das tecnologias da informa\u00e7\u00e3o. Ele disse que assegurar o uso deste recurso pedag\u00f3gico na metade das escolas p\u00fablicas, como est\u00e1 previsto na proposta do governo, \u00e9 uma meta muito t\u00edmida, que deve ser aumentada para pelo menos 90 por cento.<\/p>\n","protected":false},"excerpt":{"rendered":"<p>O senador Fl\u00e1vio Arns (PSB-PR) defendeu a import\u00e2ncia de o Senado antecipar o debate do novo PNE, que ainda est\u00e1 na C\u00e2mara dos Deputados Da R\u00e1dio Senado, Cesar Mendes O projeto do novo Plano Nacional de Educa\u00e7\u00e3o &#8211; PNE &#8211; foi encaminhado ao Congresso Nacional pelo Poder Executivo, conforme determina o artigo 214 da Constitui\u00e7\u00e3o [&hellip;]<\/p>\n","protected":false},"author":2,"featured_media":83578,"comment_status":"open","ping_status":"open","sticky":false,"template":"","format":"standard","meta":{"_acf_changed":false,"_monsterinsights_skip_tracking":false,"_monsterinsights_sitenote_active":false,"_monsterinsights_sitenote_note":"","_monsterinsights_sitenote_category":0,"_jetpack_memberships_contains_paid_content":false,"footnotes":"","jetpack_publicize_message":"","jetpack_publicize_feature_enabled":true,"jetpack_social_post_already_shared":true,"jetpack_social_options":{"image_generator_settings":{"template":"highway","default_image_id":0,"font":"","enabled":false},"version":2}},"categories":[3],"tags":[],"class_list":["post-83577","post","type-post","status-publish","format-standard","has-post-thumbnail","hentry","category-politica"],"acf":[],"jetpack_publicize_connections":[],"jetpack_featured_media_url":"https:\/\/i0.wp.com\/blogdoeloiltoncajuhy.com.br\/site\/wp-content\/uploads\/2024\/10\/Comissao-de-educacao-do-senado-Foto-Roque-de-Sa-Agencia-Senado.jpeg?fit=720%2C450&ssl=1","jetpack_sharing_enabled":true,"publishpress_future_workflow_manual_trigger":{"enabledWorkflows":[]},"_links":{"self":[{"href":"https:\/\/blogdoeloiltoncajuhy.com.br\/site\/wp-json\/wp\/v2\/posts\/83577","targetHints":{"allow":["GET"]}}],"collection":[{"href":"https:\/\/blogdoeloiltoncajuhy.com.br\/site\/wp-json\/wp\/v2\/posts"}],"about":[{"href":"https:\/\/blogdoeloiltoncajuhy.com.br\/site\/wp-json\/wp\/v2\/types\/post"}],"author":[{"embeddable":true,"href":"https:\/\/blogdoeloiltoncajuhy.com.br\/site\/wp-json\/wp\/v2\/users\/2"}],"replies":[{"embeddable":true,"href":"https:\/\/blogdoeloiltoncajuhy.com.br\/site\/wp-json\/wp\/v2\/comments?post=83577"}],"version-history":[{"count":1,"href":"https:\/\/blogdoeloiltoncajuhy.com.br\/site\/wp-json\/wp\/v2\/posts\/83577\/revisions"}],"predecessor-version":[{"id":83579,"href":"https:\/\/blogdoeloiltoncajuhy.com.br\/site\/wp-json\/wp\/v2\/posts\/83577\/revisions\/83579"}],"wp:featuredmedia":[{"embeddable":true,"href":"https:\/\/blogdoeloiltoncajuhy.com.br\/site\/wp-json\/wp\/v2\/media\/83578"}],"wp:attachment":[{"href":"https:\/\/blogdoeloiltoncajuhy.com.br\/site\/wp-json\/wp\/v2\/media?parent=83577"}],"wp:term":[{"taxonomy":"category","embeddable":true,"href":"https:\/\/blogdoeloiltoncajuhy.com.br\/site\/wp-json\/wp\/v2\/categories?post=83577"},{"taxonomy":"post_tag","embeddable":true,"href":"https:\/\/blogdoeloiltoncajuhy.com.br\/site\/wp-json\/wp\/v2\/tags?post=83577"}],"curies":[{"name":"wp","href":"https:\/\/api.w.org\/{rel}","templated":true}]}}