{"id":83565,"date":"2024-10-13T22:00:34","date_gmt":"2024-10-14T01:00:34","guid":{"rendered":"https:\/\/blogdoeloiltoncajuhy.com.br\/site\/?p=83565"},"modified":"2024-10-13T22:01:36","modified_gmt":"2024-10-14T01:01:36","slug":"os-75-anos-de-fagner-e-suas-musicas-mais-tocadas-no-brasil","status":"publish","type":"post","link":"https:\/\/blogdoeloiltoncajuhy.com.br\/site\/os-75-anos-de-fagner-e-suas-musicas-mais-tocadas-no-brasil\/","title":{"rendered":"Os 75 anos de Fagner e suas m\u00fasicas mais tocadas no Brasil"},"content":{"rendered":"\n<p class=\"has-medium-font-size\"><strong>Cantor cearense tem mais de 900 grava\u00e7\u00f5es musicais cadastradas no banco de dados da gest\u00e3o coletiva<\/strong><\/p>\n\n\n\n<p><strong>Blog do Eloilton Cajuhy<\/strong><\/p>\n\n\n\n<figure class=\"wp-block-image aligncenter size-full\"><a href=\"https:\/\/i0.wp.com\/blogdoeloiltoncajuhy.com.br\/site\/wp-content\/uploads\/2024\/10\/Cantor-e-compositor-Raimundo-Fagner-Foto-Arquivo-Google.jpg?ssl=1\"><img data-recalc-dims=\"1\" fetchpriority=\"high\" decoding=\"async\" width=\"750\" height=\"567\" src=\"https:\/\/i0.wp.com\/blogdoeloiltoncajuhy.com.br\/site\/wp-content\/uploads\/2024\/10\/Cantor-e-compositor-Raimundo-Fagner-Foto-Arquivo-Google.jpg?resize=750%2C567&#038;ssl=1\" alt=\"\" class=\"wp-image-83566\" srcset=\"https:\/\/i0.wp.com\/blogdoeloiltoncajuhy.com.br\/site\/wp-content\/uploads\/2024\/10\/Cantor-e-compositor-Raimundo-Fagner-Foto-Arquivo-Google.jpg?w=750&amp;ssl=1 750w, https:\/\/i0.wp.com\/blogdoeloiltoncajuhy.com.br\/site\/wp-content\/uploads\/2024\/10\/Cantor-e-compositor-Raimundo-Fagner-Foto-Arquivo-Google.jpg?resize=300%2C227&amp;ssl=1 300w\" sizes=\"(max-width: 750px) 100vw, 750px\" \/><\/a><figcaption class=\"wp-element-caption\"><sub>Foto: Arquivo Google<\/sub><\/figcaption><\/figure>\n\n\n\n<p>A voz grave de <strong><mark style=\"background-color:rgba(0, 0, 0, 0)\" class=\"has-inline-color has-black-color\">Raimundo Fagner<\/mark><\/strong> \u00e9 inconfund\u00edvel e \u00e9 uma marca do cantor e compositor cearense. Com hits ao longo das cinco d\u00e9cadas de carreira, o artista \u00e9 um dos representantes da m\u00fasica nordestina. <strong><mark style=\"background-color:rgba(0, 0, 0, 0)\" class=\"has-inline-color has-black-color\">Neste domingo, 13, Fagner completa 75 anos<\/mark><\/strong> e seus f\u00e3s poder\u00e3o ver as curiosidades de um estudo produzido pelo Escrit\u00f3rio Central de Arrecada\u00e7\u00e3o e Distribui\u00e7\u00e3o (Ecad) para marcar a data. Um ranking com as m\u00fasicas mais tocadas no Brasil e uma lista com as can\u00e7\u00f5es de autoria do cantor s\u00e3o destaques do levantamento.<\/p>\n\n\n\n<p>A m\u00fasica \u201cCanteiros\u201d foi a mais tocada nos \u00faltimos cinco anos nos principais segmentos de execu\u00e7\u00e3o p\u00fablica no Brasil. \u201cRetrovisor\u201d e \u201cFanatismo\u201d completaram o top 3. J\u00e1 a lideran\u00e7a do ranking das mais regravadas ficou com \u201cMucuripe\u201d, seguida por Jardim dos animais na segunda posi\u00e7\u00e3o e \u201cRetrovisor\u201d como terceira colocada.<\/p>\n\n\n\n<ul class=\"wp-block-list\">\n<li><strong><a href=\"https:\/\/whatsapp.com\/channel\/0029VaAT7tDLI8Yfj5y9Z50Z\" target=\"_blank\" rel=\"noreferrer noopener\"><mark style=\"background-color:rgba(0, 0, 0, 0)\" class=\"has-inline-color has-vivid-red-color\">Siga nosso canal no WhatsApp e veja mais not\u00edcias<\/mark><\/a><\/strong><\/li>\n<\/ul>\n\n\n\n<p><\/p>\n\n\n\n<p>Entre os int\u00e9rpretes que mais gravaram as can\u00e7\u00f5es de Fagner, o primeiro lugar ficou com Zeca Baleiro. Logo em seguida, Amelinha ficou na segunda coloca\u00e7\u00e3o e Z\u00e9 Ramalho em terceiro.<\/p>\n\n\n\n<p>Raimundo Fagner nasceu em 13 de outubro de 1949 em Fortaleza, no Cear\u00e1. O artista tem 212 obras musicais e 905 grava\u00e7\u00f5es cadastradas no banco de dados da gest\u00e3o coletiva no Brasil. As obras musicais s\u00e3o as suas composi\u00e7\u00f5es, com letra e\/ou melodia e em parceria ou n\u00e3o. J\u00e1 as grava\u00e7\u00f5es s\u00e3o registros de obras musicais disponibilizadas em forma digital (como no streaming) ou em suporte f\u00edsico (como um DVD). Com isso, uma mesma obra musical pode ter diferentes grava\u00e7\u00f5es, como, por exemplo, a original, uma vers\u00e3o ac\u00fastica ou um show gravado para um DVD.<\/p>\n\n\n\n<figure class=\"wp-block-embed aligncenter is-type-video is-provider-youtube wp-block-embed-youtube wp-embed-aspect-16-9 wp-has-aspect-ratio\"><div class=\"wp-block-embed__wrapper\">\n<iframe title=\"Fagner - Canteiros (Pseudo Video)\" width=\"800\" height=\"450\" src=\"https:\/\/www.youtube.com\/embed\/W5LIUUJAQkw?feature=oembed\" frameborder=\"0\" allow=\"accelerometer; autoplay; clipboard-write; encrypted-media; gyroscope; picture-in-picture; web-share\" referrerpolicy=\"strict-origin-when-cross-origin\" allowfullscreen><\/iframe>\n<\/div><\/figure>\n\n\n\n<p><strong><mark style=\"background-color:rgba(0, 0, 0, 0)\" class=\"has-inline-color has-black-color\">Ranking das m\u00fasicas de autoria de Fagner mais tocadas nos \u00faltimos 5 anos no Brasil nos principais segmentos de execu\u00e7\u00e3o p\u00fablica<\/mark><\/strong> <em>(R\u00e1dio, Sonoriza\u00e7\u00e3o Ambiental, Casas de Festa e Divers\u00e3o, Carnaval, Festa Junina, Show e M\u00fasica ao vivo)<\/em><\/p>\n\n\n\n<figure class=\"wp-block-table\"><table class=\"has-fixed-layout\"><tbody><tr><td><strong><mark style=\"background-color:rgba(0, 0, 0, 0)\" class=\"has-inline-color has-black-color\">Posi\u00e7\u00e3o<\/mark><\/strong><\/td><td><strong><mark style=\"background-color:rgba(0, 0, 0, 0)\" class=\"has-inline-color has-black-color\">M\u00fasica<\/mark><\/strong><\/td><td><strong><mark style=\"background-color:rgba(0, 0, 0, 0)\" class=\"has-inline-color has-black-color\">Autores<\/mark><\/strong><\/td><\/tr><tr><td>1<\/td><td>Canteiros<\/td><td>Cecilia Meirelles \/ Fagner<\/td><\/tr><tr><td>2<\/td><td>Retrovisor<\/td><td>Fausto Nilo \/ Fagner<\/td><\/tr><tr><td>3<\/td><td>Fanatismo<\/td><td>Florbela Espanca \/ Fagner<\/td><\/tr><tr><td>4<\/td><td>Jardim dos animais<\/td><td>Fausto Nilo \/ Fagner<\/td><\/tr><tr><td>5<\/td><td>Mucuripe<\/td><td>Belchior \/ Fagner<\/td><\/tr><tr><td>6<\/td><td>Dezembros<\/td><td>Fausto Nilo \/ Zeca Baleiro \/ Fagner<\/td><\/tr><tr><td>7<\/td><td>Amor escondido<\/td><td>Abel Silva \/ Fagner<\/td><\/tr><tr><td>8<\/td><td>Postal de amor<\/td><td>Fausto Nilo \/ Ricardo Bezerra \/ Fagner<\/td><\/tr><tr><td>9<\/td><td>Pensamento<\/td><td>Fagner<\/td><\/tr><tr><td>10<\/td><td>Ansiedade<\/td><td>Fausto Nilo \/ Chelique Sarabia \/ Fagner<\/td><\/tr><\/tbody><\/table><figcaption class=\"wp-element-caption\">Fonte: Ecad<\/figcaption><\/figure>\n\n\n\n<p class=\"has-black-color has-text-color has-link-color wp-elements-9abefd5fff4f5f03367de40e9b571fc0\"><strong>Ranking das m\u00fasicas de autoria de Fagner mais regravadas<\/strong><\/p>\n\n\n\n<figure class=\"wp-block-table\"><table class=\"has-fixed-layout\"><tbody><tr><td><strong><mark style=\"background-color:rgba(0, 0, 0, 0)\" class=\"has-inline-color has-black-color\">Posi\u00e7\u00e3o<\/mark><\/strong><\/td><td><strong><mark style=\"background-color:rgba(0, 0, 0, 0)\" class=\"has-inline-color has-black-color\">M\u00fasica<\/mark><\/strong><\/td><td><strong><mark style=\"background-color:rgba(0, 0, 0, 0)\" class=\"has-inline-color has-black-color\">Autores<\/mark><\/strong><\/td><\/tr><tr><td>1<\/td><td>Mucuripe<\/td><td>Belchior \/ Fagner<\/td><\/tr><tr><td>2<\/td><td>Jardim dos animais<\/td><td>Fausto Nilo \/ Fagner<\/td><\/tr><tr><td rowspan=\"2\">3<\/td><td>Retrovisor<\/td><td>Fausto Nilo \/ Fagner<\/td><\/tr><tr><td>Canteiros<\/td><td>Cecilia Meirelles \/ Fagner<\/td><\/tr><tr><td>4<\/td><td>Fanatismo<\/td><td>Florbela Espanca \/ Fagner<\/td><\/tr><tr><td>5<\/td><td>Cavalo ferro<\/td><td>Ricardo Bezerra \/ Fagner<\/td><\/tr><tr><td rowspan=\"3\">6<\/td><td>Fracasso<\/td><td>Fagner<\/td><\/tr><tr><td>Noves fora<\/td><td>Belchior \/ Fagner<\/td><\/tr><tr><td>Postal de amor<\/td><td>Fausto Nilo \/ Ricardo Bezerra \/ Fagner<\/td><\/tr><tr><td>7<\/td><td>Traduzir-se<\/td><td>Ferreira Goullar \/ Fagner<\/td><\/tr><tr><td>8<\/td><td>Asa partida<\/td><td>Abel Silva \/ Fagner<\/td><\/tr><tr><td rowspan=\"3\">9<\/td><td>Ansiedade<\/td><td>Fausto Nilo \/ Chelique Sarabia \/ Fagner<\/td><\/tr><tr><td>Moto 1<\/td><td>Belchior \/ Fagner<\/td><\/tr><tr><td>Astro vagabundo<\/td><td>Fausto Nilo \/ Fagner<\/td><\/tr><tr><td rowspan=\"2\">10<\/td><td>O le\u00e3o<\/td><td>Vinicius De Moraes \/ Fagner<\/td><\/tr><tr><td>Dezembros<\/td><td>Fausto Nilo \/ Zeca Baleiro \/ Fagner<\/td><\/tr><\/tbody><\/table><figcaption class=\"wp-element-caption\">Fonte: Ecad<\/figcaption><\/figure>\n\n\n\n<figure class=\"wp-block-embed aligncenter is-type-video is-provider-youtube wp-block-embed-youtube wp-embed-aspect-4-3 wp-has-aspect-ratio\"><div class=\"wp-block-embed__wrapper\">\n<iframe title=\"Fagner - Mucuripe (Video Ao Vivo)\" width=\"800\" height=\"600\" src=\"https:\/\/www.youtube.com\/embed\/Qs96sm4gV7E?feature=oembed\" frameborder=\"0\" allow=\"accelerometer; autoplay; clipboard-write; encrypted-media; gyroscope; picture-in-picture; web-share\" referrerpolicy=\"strict-origin-when-cross-origin\" allowfullscreen><\/iframe>\n<\/div><\/figure>\n","protected":false},"excerpt":{"rendered":"<p>Cantor cearense tem mais de 900 grava\u00e7\u00f5es musicais cadastradas no banco de dados da gest\u00e3o coletiva Blog do Eloilton Cajuhy A voz grave de Raimundo Fagner \u00e9 inconfund\u00edvel e \u00e9 uma marca do cantor e compositor cearense. Com hits ao longo das cinco d\u00e9cadas de carreira, o artista \u00e9 um dos representantes da m\u00fasica nordestina. [&hellip;]<\/p>\n","protected":false},"author":2,"featured_media":83566,"comment_status":"open","ping_status":"open","sticky":false,"template":"","format":"standard","meta":{"_acf_changed":false,"_monsterinsights_skip_tracking":false,"_monsterinsights_sitenote_active":false,"_monsterinsights_sitenote_note":"","_monsterinsights_sitenote_category":0,"_jetpack_memberships_contains_paid_content":false,"footnotes":"","jetpack_publicize_message":"","jetpack_publicize_feature_enabled":true,"jetpack_social_post_already_shared":false,"jetpack_social_options":{"image_generator_settings":{"template":"highway","enabled":false},"version":2}},"categories":[12],"tags":[],"class_list":["post-83565","post","type-post","status-publish","format-standard","has-post-thumbnail","hentry","category-gente-que-faz-a-nossa-historia"],"acf":[],"jetpack_publicize_connections":[],"jetpack_featured_media_url":"https:\/\/i0.wp.com\/blogdoeloiltoncajuhy.com.br\/site\/wp-content\/uploads\/2024\/10\/Cantor-e-compositor-Raimundo-Fagner-Foto-Arquivo-Google.jpg?fit=750%2C567&ssl=1","jetpack_sharing_enabled":true,"publishpress_future_workflow_manual_trigger":{"enabledWorkflows":[]},"_links":{"self":[{"href":"https:\/\/blogdoeloiltoncajuhy.com.br\/site\/wp-json\/wp\/v2\/posts\/83565","targetHints":{"allow":["GET"]}}],"collection":[{"href":"https:\/\/blogdoeloiltoncajuhy.com.br\/site\/wp-json\/wp\/v2\/posts"}],"about":[{"href":"https:\/\/blogdoeloiltoncajuhy.com.br\/site\/wp-json\/wp\/v2\/types\/post"}],"author":[{"embeddable":true,"href":"https:\/\/blogdoeloiltoncajuhy.com.br\/site\/wp-json\/wp\/v2\/users\/2"}],"replies":[{"embeddable":true,"href":"https:\/\/blogdoeloiltoncajuhy.com.br\/site\/wp-json\/wp\/v2\/comments?post=83565"}],"version-history":[{"count":2,"href":"https:\/\/blogdoeloiltoncajuhy.com.br\/site\/wp-json\/wp\/v2\/posts\/83565\/revisions"}],"predecessor-version":[{"id":83568,"href":"https:\/\/blogdoeloiltoncajuhy.com.br\/site\/wp-json\/wp\/v2\/posts\/83565\/revisions\/83568"}],"wp:featuredmedia":[{"embeddable":true,"href":"https:\/\/blogdoeloiltoncajuhy.com.br\/site\/wp-json\/wp\/v2\/media\/83566"}],"wp:attachment":[{"href":"https:\/\/blogdoeloiltoncajuhy.com.br\/site\/wp-json\/wp\/v2\/media?parent=83565"}],"wp:term":[{"taxonomy":"category","embeddable":true,"href":"https:\/\/blogdoeloiltoncajuhy.com.br\/site\/wp-json\/wp\/v2\/categories?post=83565"},{"taxonomy":"post_tag","embeddable":true,"href":"https:\/\/blogdoeloiltoncajuhy.com.br\/site\/wp-json\/wp\/v2\/tags?post=83565"}],"curies":[{"name":"wp","href":"https:\/\/api.w.org\/{rel}","templated":true}]}}