{"id":83561,"date":"2024-10-13T21:39:21","date_gmt":"2024-10-14T00:39:21","guid":{"rendered":"https:\/\/blogdoeloiltoncajuhy.com.br\/site\/?p=83561"},"modified":"2024-10-13T21:40:16","modified_gmt":"2024-10-14T00:40:16","slug":"policia-militar-realiza-prisoes-por-agressao-e-adulteracao-de-veiculo-em-igara-interior-de-bonfim","status":"publish","type":"post","link":"https:\/\/blogdoeloiltoncajuhy.com.br\/site\/policia-militar-realiza-prisoes-por-agressao-e-adulteracao-de-veiculo-em-igara-interior-de-bonfim\/","title":{"rendered":"Pol\u00edcia Militar realiza pris\u00f5es por agress\u00e3o e adultera\u00e7\u00e3o de ve\u00edculo em Igara, interior de Bonfim"},"content":{"rendered":"\n<p class=\"has-medium-font-size\"><strong>A\u00e7\u00f5es preventivas resultam em pris\u00f5es por agress\u00e3o e adultera\u00e7\u00e3o de motocicleta<\/strong><\/p>\n\n\n\n<p><strong>Por Blog do Eloilton Cajuhy<\/strong><\/p>\n\n\n\n<figure class=\"wp-block-image aligncenter size-full\"><a href=\"https:\/\/i0.wp.com\/blogdoeloiltoncajuhy.com.br\/site\/wp-content\/uploads\/2024\/10\/PM_Apreensao-Igara.jpeg?ssl=1\"><img data-recalc-dims=\"1\" fetchpriority=\"high\" decoding=\"async\" width=\"622\" height=\"535\" src=\"https:\/\/i0.wp.com\/blogdoeloiltoncajuhy.com.br\/site\/wp-content\/uploads\/2024\/10\/PM_Apreensao-Igara.jpeg?resize=622%2C535&#038;ssl=1\" alt=\"\" class=\"wp-image-83562\" srcset=\"https:\/\/i0.wp.com\/blogdoeloiltoncajuhy.com.br\/site\/wp-content\/uploads\/2024\/10\/PM_Apreensao-Igara.jpeg?w=622&amp;ssl=1 622w, https:\/\/i0.wp.com\/blogdoeloiltoncajuhy.com.br\/site\/wp-content\/uploads\/2024\/10\/PM_Apreensao-Igara.jpeg?resize=300%2C258&amp;ssl=1 300w\" sizes=\"(max-width: 622px) 100vw, 622px\" \/><\/a><figcaption class=\"wp-element-caption\"><sub>Divulga\u00e7\u00e3o \/ 6\u00ba BPM\/Senhor do Bonfim-BA<\/sub><\/figcaption><\/figure>\n\n\n\n<p>Na noite deste s\u00e1bado (12), o 6\u00ba Batalh\u00e3o da Pol\u00edcia Militar realizou duas a\u00e7\u00f5es no Distrito de Igara, em Senhor do Bonfim-BA, que resultaram em pris\u00f5es.<\/p>\n\n\n\n<ul class=\"wp-block-list\">\n<li><strong><a href=\"https:\/\/whatsapp.com\/channel\/0029VaAT7tDLI8Yfj5y9Z50Z\" target=\"_blank\" rel=\"noreferrer noopener\"><mark style=\"background-color:rgba(0, 0, 0, 0)\" class=\"has-inline-color has-vivid-red-color\">Siga nosso canal no WhatsApp e veja mais not\u00edcias<\/mark><\/a><\/strong><\/li>\n<\/ul>\n\n\n\n<p><\/p>\n\n\n\n<p>Por volta das 20h50, durante rondas ostensivas e preventivas, uma guarni\u00e7\u00e3o foi acionada pelo Centro Integrado de Comunica\u00e7\u00e3o (CICOM) para apoiar o Servi\u00e7o de Atendimento M\u00f3vel de Urg\u00eancia (SAMU) no atendimento a uma v\u00edtima de arma branca. O crime ocorreu na Rua Tiradentes, em Igara.<\/p>\n\n\n\n<p>Quando os policiais chegaram ao local, a v\u00edtima j\u00e1 havia sido socorrida e encaminhada para a Unidade de Pronto Atendimento (UPA). Segundo informa\u00e7\u00f5es de uma senhora que se identificou como m\u00e3e da v\u00edtima, o agressor estaria nas proximidades. Em dilig\u00eancias, os policiais localizaram o suspeito e o conduziram, juntamente com a arma utilizada no crime, para a Delegacia de Pol\u00edcia Civil, onde foi lavrado o Termo Circunstanciado de Ocorr\u00eancia (TCO).<\/p>\n\n\n\n<p>Mais tarde, por volta das 23h, durante a Opera\u00e7\u00e3o de Intensifica\u00e7\u00e3o do Policiamento, os militares avistaram uma motocicleta com dois indiv\u00edduos em atitude suspeita. Ao darem voz de parada, foi constatado, por meio do sistema AUTUA, que o ve\u00edculo estava com o chassi adulterado. Os dois homens foram detidos e, juntamente com a motocicleta, conduzidos \u00e0 Delegacia de Pol\u00edcia Civil. Foi lavrado o auto de pris\u00e3o em flagrante delito, e ambos foram encaminhados ao Conjunto Penal de Juazeiro-BA.<\/p>\n","protected":false},"excerpt":{"rendered":"<p>A\u00e7\u00f5es preventivas resultam em pris\u00f5es por agress\u00e3o e adultera\u00e7\u00e3o de motocicleta Por Blog do Eloilton Cajuhy Na noite deste s\u00e1bado (12), o 6\u00ba Batalh\u00e3o da Pol\u00edcia Militar realizou duas a\u00e7\u00f5es no Distrito de Igara, em Senhor do Bonfim-BA, que resultaram em pris\u00f5es. Por volta das 20h50, durante rondas ostensivas e preventivas, uma guarni\u00e7\u00e3o foi acionada [&hellip;]<\/p>\n","protected":false},"author":2,"featured_media":83562,"comment_status":"open","ping_status":"open","sticky":false,"template":"","format":"standard","meta":{"_acf_changed":false,"_monsterinsights_skip_tracking":false,"_monsterinsights_sitenote_active":false,"_monsterinsights_sitenote_note":"","_monsterinsights_sitenote_category":0,"_jetpack_memberships_contains_paid_content":false,"footnotes":"","jetpack_publicize_message":"","jetpack_publicize_feature_enabled":true,"jetpack_social_post_already_shared":true,"jetpack_social_options":{"image_generator_settings":{"template":"highway","default_image_id":0,"font":"","enabled":false},"version":2}},"categories":[15],"tags":[],"class_list":["post-83561","post","type-post","status-publish","format-standard","has-post-thumbnail","hentry","category-policia"],"acf":[],"jetpack_publicize_connections":[],"jetpack_featured_media_url":"https:\/\/i0.wp.com\/blogdoeloiltoncajuhy.com.br\/site\/wp-content\/uploads\/2024\/10\/PM_Apreensao-Igara.jpeg?fit=622%2C535&ssl=1","jetpack_sharing_enabled":true,"publishpress_future_workflow_manual_trigger":{"enabledWorkflows":[]},"_links":{"self":[{"href":"https:\/\/blogdoeloiltoncajuhy.com.br\/site\/wp-json\/wp\/v2\/posts\/83561","targetHints":{"allow":["GET"]}}],"collection":[{"href":"https:\/\/blogdoeloiltoncajuhy.com.br\/site\/wp-json\/wp\/v2\/posts"}],"about":[{"href":"https:\/\/blogdoeloiltoncajuhy.com.br\/site\/wp-json\/wp\/v2\/types\/post"}],"author":[{"embeddable":true,"href":"https:\/\/blogdoeloiltoncajuhy.com.br\/site\/wp-json\/wp\/v2\/users\/2"}],"replies":[{"embeddable":true,"href":"https:\/\/blogdoeloiltoncajuhy.com.br\/site\/wp-json\/wp\/v2\/comments?post=83561"}],"version-history":[{"count":2,"href":"https:\/\/blogdoeloiltoncajuhy.com.br\/site\/wp-json\/wp\/v2\/posts\/83561\/revisions"}],"predecessor-version":[{"id":83564,"href":"https:\/\/blogdoeloiltoncajuhy.com.br\/site\/wp-json\/wp\/v2\/posts\/83561\/revisions\/83564"}],"wp:featuredmedia":[{"embeddable":true,"href":"https:\/\/blogdoeloiltoncajuhy.com.br\/site\/wp-json\/wp\/v2\/media\/83562"}],"wp:attachment":[{"href":"https:\/\/blogdoeloiltoncajuhy.com.br\/site\/wp-json\/wp\/v2\/media?parent=83561"}],"wp:term":[{"taxonomy":"category","embeddable":true,"href":"https:\/\/blogdoeloiltoncajuhy.com.br\/site\/wp-json\/wp\/v2\/categories?post=83561"},{"taxonomy":"post_tag","embeddable":true,"href":"https:\/\/blogdoeloiltoncajuhy.com.br\/site\/wp-json\/wp\/v2\/tags?post=83561"}],"curies":[{"name":"wp","href":"https:\/\/api.w.org\/{rel}","templated":true}]}}