{"id":83204,"date":"2024-09-26T15:33:29","date_gmt":"2024-09-26T18:33:29","guid":{"rendered":"https:\/\/blogdoeloiltoncajuhy.com.br\/site\/?p=83204"},"modified":"2024-09-26T15:33:32","modified_gmt":"2024-09-26T18:33:32","slug":"certidoes-de-nascimento-casamento-e-obito-terao-novos-modelos-a-partir-de-janeiro-de-2025","status":"publish","type":"post","link":"https:\/\/blogdoeloiltoncajuhy.com.br\/site\/certidoes-de-nascimento-casamento-e-obito-terao-novos-modelos-a-partir-de-janeiro-de-2025\/","title":{"rendered":"Certid\u00f5es de nascimento, casamento e \u00f3bito ter\u00e3o novos modelos a partir de janeiro de 2025"},"content":{"rendered":"\n<p><strong>Por Bahia Not\u00edcias<\/strong><\/p>\n\n\n\n<figure class=\"wp-block-image aligncenter size-full\"><a href=\"https:\/\/i0.wp.com\/blogdoeloiltoncajuhy.com.br\/site\/wp-content\/uploads\/2024\/09\/Noas-certidoes_Luiz-Silveira-Agencia-CNJ-2.png?ssl=1\"><img data-recalc-dims=\"1\" fetchpriority=\"high\" decoding=\"async\" width=\"760\" height=\"424\" src=\"https:\/\/i0.wp.com\/blogdoeloiltoncajuhy.com.br\/site\/wp-content\/uploads\/2024\/09\/Noas-certidoes_Luiz-Silveira-Agencia-CNJ-2.png?resize=760%2C424&#038;ssl=1\" alt=\"\" class=\"wp-image-83205\" srcset=\"https:\/\/i0.wp.com\/blogdoeloiltoncajuhy.com.br\/site\/wp-content\/uploads\/2024\/09\/Noas-certidoes_Luiz-Silveira-Agencia-CNJ-2.png?w=760&amp;ssl=1 760w, https:\/\/i0.wp.com\/blogdoeloiltoncajuhy.com.br\/site\/wp-content\/uploads\/2024\/09\/Noas-certidoes_Luiz-Silveira-Agencia-CNJ-2.png?resize=300%2C167&amp;ssl=1 300w\" sizes=\"(max-width: 760px) 100vw, 760px\" \/><\/a><figcaption class=\"wp-element-caption\"><sub>Foto: Luiz Silveira \/ Ag\u00eancia CNJ<\/sub><\/figcaption><\/figure>\n\n\n\n<p>Os modelos \u00fanicos de certid\u00e3o de nascimento, de casamento e de \u00f3bito a serem adotados pelos of\u00edcios de registro civil de pessoas naturais foram alterados pelo corregedor nacional de Justi\u00e7a, ministro Mauro Campbell Marques. Os cart\u00f3rios devem implementar a mudan\u00e7a at\u00e9 1.\u00ba de janeiro de 2025.<\/p>\n\n\n\n<p>Nas certid\u00f5es de nascimento, h\u00e1 agora dois campos para registro do munic\u00edpio, quando antes s\u00f3 havia um. \u201cQuando a m\u00e3e mora em um munic\u00edpio que n\u00e3o tem maternidade e viaja para outra cidade para ter o filho, ele vai nascer em outro lugar, mas ela pode optar em colocar tamb\u00e9m o local do domic\u00edlio dela. Isso est\u00e1 previsto na Lei de Registros P\u00fablicos, que foi alterada\u201d, exemplifica a ju\u00edza auxiliar da Corregedoria Nacional de Justi\u00e7a Liz Rezende de Andrade.<\/p>\n\n\n\n<p>A magistrada explica ainda que as certid\u00f5es de casamento n\u00e3o apresentavam dois campos distintos para inserir a data da celebra\u00e7\u00e3o e a do registro. \u201cAgora a certid\u00e3o traz as duas op\u00e7\u00f5es. E, no caso de convers\u00e3o da uni\u00e3o est\u00e1vel em casamento, passa a constar tamb\u00e9m essa possibilidade\u201d, acrescenta.<\/p>\n\n\n\n<p>J\u00e1 as certid\u00f5es de \u00f3bito n\u00e3o previam a data do falecimento, apenas a data em que foi registrado. \u201cQuando a data da morte n\u00e3o coincide com a data do registro, esses campos esclarecem esses fatos, que t\u00eam consequ\u00eancias jur\u00eddicas\u201d, aponta.<\/p>\n\n\n\n<p>As altera\u00e7\u00f5es partiram de um pedido realizado pelo registrador civil de Minas Gerais \u00e0 Corregedoria Nacional. Ap\u00f3s di\u00e1logo com a Associa\u00e7\u00e3o dos Registradores de Pessoas Nacionais do Brasil (Arpen Brasil), as mudan\u00e7as foram determinadas pelo corregedor nacional de Justi\u00e7a. \u201cFoi acolhida a inclus\u00e3o de alguns campos que v\u00eam trazer mais esclarecimento\u201d, diz a ju\u00edza.<\/p>\n\n\n\n<p>\u201cO Provimento n. 182\/2024 simplifica e moderniza, diante das demandas atuais da sociedade, as certid\u00f5es \u2013 estes documentos important\u00edssimos para a vida civil\u201d, afirma a ju\u00edza auxiliar da Corregedoria Nacional de Justi\u00e7a Liz Rezende de Andrade. O normativo altera o C\u00f3digo Nacional de Normas da Corregedoria Nacional de Justi\u00e7a do Conselho Nacional de Justi\u00e7a \u2013 Foro Extrajudicial (CNN\/CN\/CNJ-Extra), institu\u00eddo pelo Provimento n. 149\/2023, para dispor sobre modelos \u00fanicos de certid\u00e3o.<\/p>\n\n\n\n<p>Segundo Liz Rezende, embora houvesse uma uniformidade nas certid\u00f5es de nascimento, casamento e \u00f3bito nos of\u00edcios de registro civil, os modelos ao longo dos anos foram se mostrando desatualizados. \u201cHouve mudan\u00e7as legislativas e sociais. E esses registros n\u00e3o continham alguns campos que s\u00e3o muito importantes de preenchimento, que facilitam tanto para o cart\u00f3rio quanto para a pessoa que precisa fazer uso do documento\u201d, relata.<\/p>\n\n\n\n<p>O provimento descreve ainda os requisitos m\u00ednimos legais e normativos para o papel de seguran\u00e7a utilizado na confec\u00e7\u00e3o dos documentos. \u201cN\u00e3o \u00e9 um papel comum. Ele segue padr\u00f5es para dar confiabilidade, evitar o uso de documentos falsos, porque, a partir de uma certid\u00e3o de nascimento, a pessoa consegue fazer todos os documentos da vida civil\u201d, explica a ju\u00edza auxiliar.<\/p>\n\n\n\n<p>O normativo determina que as empresas que fabricam o papel de seguran\u00e7a ser\u00e3o credenciadas \u00e0 Arpen, para que cada registrador civil possa escolher a fornecedora entre as listadas pela associa\u00e7\u00e3o. As certid\u00f5es j\u00e1 emitidas continuar\u00e3o v\u00e1lidas.<\/p>\n","protected":false},"excerpt":{"rendered":"<p>Por Bahia Not\u00edcias Os modelos \u00fanicos de certid\u00e3o de nascimento, de casamento e de \u00f3bito a serem adotados pelos of\u00edcios de registro civil de pessoas naturais foram alterados pelo corregedor nacional de Justi\u00e7a, ministro Mauro Campbell Marques. Os cart\u00f3rios devem implementar a mudan\u00e7a at\u00e9 1.\u00ba de janeiro de 2025. Nas certid\u00f5es de nascimento, h\u00e1 agora [&hellip;]<\/p>\n","protected":false},"author":2,"featured_media":83205,"comment_status":"open","ping_status":"open","sticky":false,"template":"","format":"standard","meta":{"_acf_changed":false,"_monsterinsights_skip_tracking":false,"_monsterinsights_sitenote_active":false,"_monsterinsights_sitenote_note":"","_monsterinsights_sitenote_category":0,"_jetpack_memberships_contains_paid_content":false,"footnotes":"","jetpack_publicize_message":"","jetpack_publicize_feature_enabled":true,"jetpack_social_post_already_shared":true,"jetpack_social_options":{"image_generator_settings":{"template":"highway","default_image_id":0,"font":"","enabled":false},"version":2}},"categories":[1],"tags":[],"class_list":["post-83204","post","type-post","status-publish","format-standard","has-post-thumbnail","hentry","category-noticias"],"acf":[],"jetpack_publicize_connections":[],"jetpack_featured_media_url":"https:\/\/i0.wp.com\/blogdoeloiltoncajuhy.com.br\/site\/wp-content\/uploads\/2024\/09\/Noas-certidoes_Luiz-Silveira-Agencia-CNJ-2.png?fit=760%2C424&ssl=1","jetpack_sharing_enabled":true,"publishpress_future_workflow_manual_trigger":{"enabledWorkflows":[]},"_links":{"self":[{"href":"https:\/\/blogdoeloiltoncajuhy.com.br\/site\/wp-json\/wp\/v2\/posts\/83204","targetHints":{"allow":["GET"]}}],"collection":[{"href":"https:\/\/blogdoeloiltoncajuhy.com.br\/site\/wp-json\/wp\/v2\/posts"}],"about":[{"href":"https:\/\/blogdoeloiltoncajuhy.com.br\/site\/wp-json\/wp\/v2\/types\/post"}],"author":[{"embeddable":true,"href":"https:\/\/blogdoeloiltoncajuhy.com.br\/site\/wp-json\/wp\/v2\/users\/2"}],"replies":[{"embeddable":true,"href":"https:\/\/blogdoeloiltoncajuhy.com.br\/site\/wp-json\/wp\/v2\/comments?post=83204"}],"version-history":[{"count":1,"href":"https:\/\/blogdoeloiltoncajuhy.com.br\/site\/wp-json\/wp\/v2\/posts\/83204\/revisions"}],"predecessor-version":[{"id":83206,"href":"https:\/\/blogdoeloiltoncajuhy.com.br\/site\/wp-json\/wp\/v2\/posts\/83204\/revisions\/83206"}],"wp:featuredmedia":[{"embeddable":true,"href":"https:\/\/blogdoeloiltoncajuhy.com.br\/site\/wp-json\/wp\/v2\/media\/83205"}],"wp:attachment":[{"href":"https:\/\/blogdoeloiltoncajuhy.com.br\/site\/wp-json\/wp\/v2\/media?parent=83204"}],"wp:term":[{"taxonomy":"category","embeddable":true,"href":"https:\/\/blogdoeloiltoncajuhy.com.br\/site\/wp-json\/wp\/v2\/categories?post=83204"},{"taxonomy":"post_tag","embeddable":true,"href":"https:\/\/blogdoeloiltoncajuhy.com.br\/site\/wp-json\/wp\/v2\/tags?post=83204"}],"curies":[{"name":"wp","href":"https:\/\/api.w.org\/{rel}","templated":true}]}}